{"id":597822,"date":"2023-10-06T00:01:03","date_gmt":"2023-10-06T06:01:03","guid":{"rendered":"https:\/\/www.diarioimagen.net\/?p=597822"},"modified":"2023-10-05T22:24:44","modified_gmt":"2023-10-06T04:24:44","slug":"de-tlatelolco-a-ayotzinapa","status":"publish","type":"post","link":"https:\/\/www.diarioimagen.net\/?p=597822","title":{"rendered":"De Tlatelolco a Ayotzinapa"},"content":{"rendered":"<h2>De pe a pa<\/h2>\n<h5>Alberto Vieyra G.<\/h5>\n<p>&nbsp;<\/p>\n<p>En 1968, la sucesi\u00f3n presidencial y los Juegos Ol\u00edmpicos sacaban chispas en M\u00e9xico. El conflicto estudiantil crec\u00eda y crec\u00eda hasta que fue reprimido por el Ej\u00e9rcito mexicano el 2 de octubre del 1968, con un saldo macabro de muertes del que hasta hoy se desconoce la cifra.<\/p>\n<p>Desde entonces se se\u00f1al\u00f3 al Batall\u00f3n Olimpia como el responsable de la mataz\u00f3n de estudiantes en Tlatelolco. El Batall\u00f3n Olimpia fue un grupo paramilitar de contrainsurgencia creado por el gobierno de M\u00e9xico con el fin de vigilar, espiar, perseguir, hacer acciones de sabotaje, realizar detenciones e infiltrar el movimiento de 1968 en M\u00e9xico.<\/p>\n<p>Adem\u00e1s, documentos desclasificados en Washington desde hace m\u00e1s de 20 a\u00f1os revelaron que la CIA norteamericana era la mano que mov\u00eda la cuna en el conflicto estudiantil y la desestabilizaci\u00f3n del pa\u00eds.<\/p>\n<p>Pero ahora Andr\u00e9s Manuel L\u00f3pez Obrador, cuya ideolog\u00eda es de izquierda igual a la ideolog\u00eda de los muchachos masacrados en Tlatelolco nos sali\u00f3 con el cuento vaquero de que no fue el Ej\u00e9rcito, sino el desaparecido Estado Mayor Presidencial que era un grupo de \u00e9lite del Ej\u00e9rcito mexicano, quien recib\u00eda \u00f3rdenes del Comandante Supremo de las Fuerzas Armadas, Gustavo D\u00edaz Ordaz, quien asumi\u00f3 de manera honesta y valiente la responsabilidad del <em>Tlatelolcazo<\/em>.<\/p>\n<p>Desde entonces sabemos que el Ej\u00e9rcito ha sido se\u00f1alado mil veces por los grupos de izquierda, incluyendo el propio AMLO como el autor de un crimen de Estado, s\u00f3lo que ahora AMLO malabarea el asunto diciendo que fue un crimen de Estado, pero que no fue el Ej\u00e9rcito, sino el extinto Estado Mayor Presidencial, que para el caso es exactamente lo mismo. Incre\u00edble que ahora AMLO salga en defensa del Ej\u00e9rcito con una ideolog\u00eda de derecha o conservadora.<\/p>\n<p>Con esa misma ideolog\u00eda le saca al bulto y malabarea el caso Ayotzinapa y aunque reconoce que se trat\u00f3 de un \u201ccrimen de Estado\u201d, hace una defensa a ultranza del Ej\u00e9rcito mexicano al cual ha colmado de empresas y de poder jam\u00e1s visto y para todo, militares para ac\u00e1, militares para all\u00e1 y militares para cuy\u00e1, pero los militares no resuelven la macabra masacre que vive la naci\u00f3n azteca. Voy a precisar qu\u00e9 es el Estado. Mire usted, cuando hablamos del Estado nos referimos al poderoso ente que conforman instituciones, leyes y el gobierno y entre esas instituciones est\u00e1 el Ej\u00e9rcito y los cuerpos policiacos que tuvieron que ver con el crimen de Estado de los 43 estudiantes normalistas de Ayotzinapa.<\/p>\n<p>Recordar\u00e9 que en Norteam\u00e9rica han sido asesinados 5 presidentes estadunidenses como crimen de Estado, Abraham Lincoln, George Washington, James A. Garfield, William McKinley y Jonh F. Kennedy, cuyos cr\u00edmenes de Estado jam\u00e1s han sido aclarados, igual que el <em>Colosidio<\/em> en M\u00e9xico, y es que el Estado que es el ente que ostenta el monopolio de la violencia, jam\u00e1s se investiga as\u00ed mismo.<\/p>\n<p>Todo indica que el caso Ayotzinapa no ser\u00e1 resuelto por AMLO, quien de dientes pa\u2019 fuera promet\u00eda y promet\u00eda aclararlo pero ya ve usted que caen m\u00e1s f\u00e1cil los habladores que los cojos y es que est\u00e1 de por medio el Ej\u00e9rcito, del que se asegura que supo a qui\u00e9nes se entregaron los muchachos de Ayotzinapa y est\u00e1 pendiente una informaci\u00f3n que tiene que ver con las intercepciones telef\u00f3nicas a los estudiantes entre los cuales hab\u00eda un elemento infiltrado del Ej\u00e9rcito mexicano, de los mafiosos de Guerreros Unidos y las polic\u00edas estatales y municipales y que obran en los archivos secretos del Ej\u00e9rcito. Tanto AMLO, como los altos mandos castrenses se niegan a revelar esa informaci\u00f3n.<\/p>\n<p>Hasta ahora, y mientras no se pruebe lo contrario, AMLO quien ha echado a los mexicanos m\u00e1s de mil 400 mentiras solamente ha lucrado con el dolor humano de las familias de los estudiantes de Ayotzinapa y el gran misterio en d\u00f3nde est\u00e1n los muchos si vivos o muertos, tendr\u00e1 que desentra\u00f1arlo otro Presidente que no sea de derecha ni de izquierda y que no siga al pie de la letra aquella m\u00e1xima del pecado original de que para gobernar a M\u00e9xico se requiere del apoyo de 3 oligarqu\u00edas: La Iglesia, el capitalismo y el ej\u00e9rcito.<\/p>\n<p><em><a href=\"mailto:info@agenciamn.com\" target=\"_blank\" rel=\"noopener noreferrer\">info@agenciamn.com<\/a><\/em><\/p>\n","protected":false},"excerpt":{"rendered":"<p><span style=\"color: #005497;\"><strong>Alberto Vieyra G.<\/strong><\/span><\/p>\n","protected":false},"author":3,"featured_media":0,"comment_status":"open","ping_status":"open","sticky":false,"template":"","format":"standard","meta":{"_monsterinsights_skip_tracking":false,"_monsterinsights_sitenote_active":false,"_monsterinsights_sitenote_note":"","_monsterinsights_sitenote_category":0,"footnotes":""},"categories":[4596],"tags":[43697,4597,43674],"class_list":["post-597822","post","type-post","status-publish","format-standard","hentry","category-alberto-vieyra-g","tag-alberto-vieyra-g","tag-de-pe-a-pa","tag-opinion"],"_links":{"self":[{"href":"https:\/\/www.diarioimagen.net\/index.php?rest_route=\/wp\/v2\/posts\/597822","targetHints":{"allow":["GET"]}}],"collection":[{"href":"https:\/\/www.diarioimagen.net\/index.php?rest_route=\/wp\/v2\/posts"}],"about":[{"href":"https:\/\/www.diarioimagen.net\/index.php?rest_route=\/wp\/v2\/types\/post"}],"author":[{"embeddable":true,"href":"https:\/\/www.diarioimagen.net\/index.php?rest_route=\/wp\/v2\/users\/3"}],"replies":[{"embeddable":true,"href":"https:\/\/www.diarioimagen.net\/index.php?rest_route=%2Fwp%2Fv2%2Fcomments&post=597822"}],"version-history":[{"count":0,"href":"https:\/\/www.diarioimagen.net\/index.php?rest_route=\/wp\/v2\/posts\/597822\/revisions"}],"wp:attachment":[{"href":"https:\/\/www.diarioimagen.net\/index.php?rest_route=%2Fwp%2Fv2%2Fmedia&parent=597822"}],"wp:term":[{"taxonomy":"category","embeddable":true,"href":"https:\/\/www.diarioimagen.net\/index.php?rest_route=%2Fwp%2Fv2%2Fcategories&post=597822"},{"taxonomy":"post_tag","embeddable":true,"href":"https:\/\/www.diarioimagen.net\/index.php?rest_route=%2Fwp%2Fv2%2Ftags&post=597822"}],"curies":[{"name":"wp","href":"https:\/\/api.w.org\/{rel}","templated":true}]}}