{"id":597852,"date":"2023-10-06T00:01:47","date_gmt":"2023-10-06T06:01:47","guid":{"rendered":"https:\/\/www.diarioimagen.net\/?p=597852"},"modified":"2023-10-06T00:48:05","modified_gmt":"2023-10-06T06:48:05","slug":"la-canaero-entrego-a-rosa-maria-gonzalez-barraza-la-presea-tony-gutierrez","status":"publish","type":"post","link":"https:\/\/www.diarioimagen.net\/?p=597852","title":{"rendered":"La Canaero entreg\u00f3 a Rosa Mar\u00eda Gonz\u00e1lez Barraza, la presea \u201cTony Guti\u00e9rrez\u201d"},"content":{"rendered":"<h2>De cinco estrellas<\/h2>\n<h5>Victoria Gonz\u00e1lez Prado<\/h5>\n<p>&nbsp;<\/p>\n<ul>\n<li><strong><em>Celebra el <\/em>Oktoberfest<em> en Los Cabos, destino vacacional de Vidanta<\/em><\/strong><\/li>\n<\/ul>\n<p><strong>\u00a0<\/strong><\/p>\n<div id=\"attachment_597882\" style=\"width: 470px\" class=\"wp-caption aligncenter\"><a href=\"https:\/\/www.diarioimagen.net\/?attachment_id=597882\" rel=\"attachment wp-att-597882\"><img loading=\"lazy\" decoding=\"async\" aria-describedby=\"caption-attachment-597882\" class=\"size-full wp-image-597882\" src=\"https:\/\/www.diarioimagen.net\/wp-content\/uploads\/2023\/10\/turismo-estrellas-2.jpg\" alt=\"\" width=\"460\" height=\"489\" \/><\/a><p id=\"caption-attachment-597882\" class=\"wp-caption-text\">Rosa Mar\u00eda Gonz\u00e1lez Barraza y Diana Olivares.<\/p><\/div>\n<p>&nbsp;<\/p>\n<p><strong>Rosa Mar\u00eda Gonz\u00e1lez Barraza<\/strong>, gerente de Finanzas de <em>Air Canada<\/em> recibi\u00f3 la presea \u201c<strong>Tony Guti\u00e9rrez<\/strong>\u201d, que otorga \u2014en este a\u00f1o por segunda ocasi\u00f3n\u2014 la C\u00e1mara Nacional de Aerotransportes (Canaero) y que reconoce la aportaci\u00f3n de las mujeres en la industria de la aviaci\u00f3n comercial en M\u00e9xico.<\/p>\n<p>Este reconocimiento se suma a los esfuerzos que promueven mayor participaci\u00f3n de las mujeres en la industria a\u00e9rea. Por ejemplo, la Asociaci\u00f3n Internacional de Transporte A\u00e9reo (IATA, por sus siglas en ingl\u00e9s) lanz\u00f3 <em>25by2025,<\/em> iniciativa que promueve que 25 por ciento de los cargos de liderazgo en la industria sean ocupados por mujeres para 2025. De acuerdo con IATA, en el 2021, las mujeres representaban apenas 27.8 por ciento del total de empleados en la aviaci\u00f3n a nivel mundial, mientras que solo 6 por ciento de los CEO y 5.8 por ciento de los pilotos son mujeres.<\/p>\n<p>La Canaero reconoce la relevancia de trabajar en materia de equidad de g\u00e9nero y mejorar la representaci\u00f3n que las mujeres tienen en la industria. Durante el evento, <strong>Diana Olivares<\/strong>, presidente de la C\u00e1mara, resalt\u00f3 la importancia de continuar trabajando en crear una industria m\u00e1s equitativa en la que se fomente, a trav\u00e9s de estrategias y pol\u00edticas de igualdad de g\u00e9nero, el aumento de la participaci\u00f3n de las mujeres.<\/p>\n<p>Durante la ceremonia de premiaci\u00f3n estuvieron presentes las nominadas a recibir esta presea, miembros de la Canaero, representantes de <em>Valtech<\/em> y <em>Universal Assistance,<\/em> patrocinadores del evento. Asimismo, particip\u00f3 la comentarista <strong>Paola Rojas,<\/strong> quien invit\u00f3 a los miembros de la C\u00e1mara a incrementar la participaci\u00f3n de las mujeres en cada una de las empresas que la conforman.<\/p>\n<p>Para agradecer el galard\u00f3n, <strong>Rosa Mar\u00eda Gonz\u00e1lez Barraza<\/strong> mencion\u00f3: \u201cagradezco el premio <strong>Tony Guti\u00e9rrez<\/strong>, no tuve el gusto de conocerla personalmente, pero la he conocido a trav\u00e9s de su legado, <strong>Tony <\/strong>es un referente para m\u00ed porque ha dejado una enorme huella en la industria y en cada una de las personas que la conocieron\u201d, asimismo, agradeci\u00f3 a la aerol\u00ednea por ser una empresa que impulsa los derechos de las mujeres y asegur\u00f3: \u201ctrabajo con hombres valiosos que nos impulsan a crecer\u201d.<\/p>\n<p>En su oportunidad, <strong>Luis Noriega<\/strong>, director de ventas de la aerol\u00ednea de la hoja de maple para Am\u00e9rica Latina y el Caribe, felicit\u00f3 a <strong>Rosa Mar\u00eda Gonz\u00e1lez <\/strong>por ser: \u201cuna mujer extraordinaria, de principios y de ideas, de enormes cualidades y que, sin duda, se merece este reconocimiento. <strong>Tony Guti\u00e9rrez<\/strong> es una fuente de inspiraci\u00f3n, fue una gran mentora y amiga, por lo tanto, para m\u00ed es un honor estar aqu\u00ed celebrando su legado\u201d.<\/p>\n<p>Cabe destacar que <strong>Gonz\u00e1lez Barraza<\/strong> tiene m\u00e1s de 30 a\u00f1os de trayectoria en la industria a\u00e9rea. Durante este tiempo, se desempe\u00f1\u00f3 como gerente de Contabilidad y Administraci\u00f3n en Avianca y como gerente de Contabilidad y Finanzas en <em>Air Canada,<\/em> puesto que ocupa desde hace m\u00e1s de 18 a\u00f1os. La galardonada ha demostrado su impacto en la industria a\u00e9rea de M\u00e9xico, ya que, adem\u00e1s de su rol en la compa\u00f1\u00eda a\u00e9rea, ha participado activamente en el Comit\u00e9 de Finanzas de la C\u00e1mara.<\/p>\n<p><strong>Diana Olivares<\/strong>, presidente de la Canero, destac\u00f3: \u201ccomo industria, tenemos el importante reto de crear entornos laborales propicios para el desarrollo de las mujeres y brindar oportunidades igualitarias para todos. Hoy es un honor para m\u00ed, entregar esta segunda presea y, con ello, conmemorar a nuestra querida <strong>Tony<\/strong>, \u00edcono de la aviaci\u00f3n en M\u00e9xico, quien ayud\u00f3 a abrir el camino para todas las mujeres que venimos detr\u00e1s de ella.<\/p>\n<p>\u201cEste a\u00f1o, el Comit\u00e9 de la Presea y la Mesa Directiva (de Canaero) quieren reconocer el impacto de una mujer con m\u00e1s de 30 a\u00f1os de experiencia en este sector. Desde las posiciones que ha ocupado, ha liderado las finanzas de importantes empresas extranjeras en nuestro pa\u00eds. Adem\u00e1s, ha tenido un rol activo, y muy relevante en la C\u00e1mara, donde, a trav\u00e9s del Comit\u00e9 de Finanzas, ha buscado las mejores condiciones financieras para todos los miembros de la Canaero. Reconocemos a la gerente de Finanzas de <em>Air Canada<\/em> en M\u00e9xico: <strong>Rosa Mar\u00eda Gonz\u00e1lez Barraza<\/strong>\u201d.<\/p>\n<p>La presea \u201cTony Guti\u00e9rrez\u201d de la Canaero fue creada en honor de <strong>Antonia Guti\u00e9rrez<\/strong>, primera mujer directora general de una aerol\u00ednea extranjera en M\u00e9xico, y la primera en ocupar el cargo en <em>American Airlines.<\/em> Tras su fallecimiento en junio de 2021, <strong>Tony<\/strong> dej\u00f3 un importante legado en la industria a\u00e9rea de M\u00e9xico, ayudando a cerrar la brecha para las futuras generaciones y hacer de la aviaci\u00f3n una industria que promueve la equidad de g\u00e9nero.<\/p>\n<p>\u2730\u2730\u2730\u2730\u2730 De finales de septiembre a inicios de octubre, en Alemania, espec\u00edficamente en la ciudad de Munich, se lleva a cabo una de las fiestas m\u00e1s reconocidas de este pa\u00eds en todo el mundo: <em>Oktoberfest.<\/em> Esta celebraci\u00f3n, desde 1810, re\u00fane a m\u00e1s de seis millones de visitantes que disfrutan de la mejor cerveza, m\u00fasica tradicional de la regi\u00f3n B\u00e1vara como Polka y opciones gastron\u00f3micas t\u00edpicas de la regi\u00f3n.<\/p>\n<p>Grupo Vidanta \u2014desarrollador de resorts e infraestructuras tur\u00edsticas y entretenimiento en Latinoam\u00e9rica\u2014 celebra el <em>Oktoberfest<\/em> en algunos de sus exclusivos destinos vacacionales. Esta tradici\u00f3n llena de sabor promete deleitar a los visitantes con cervezas artesanales y una exquisita oferta culinaria.<\/p>\n<p>El escenario perfecto para el <em>Oktoberfest <\/em>es en Vidanta Los Cabos, en el restaurante El Mezquite, exquisito lugar donde los visitantes tienen oportunidad de degustar una selecci\u00f3n de cuatro cervezas cuidadosamente elegidas como parte de la experiencia \u201cCielito Lindo\u201d, disponible hasta el 8 de octubre.<\/p>\n<p>En Vidanta Nuevo Nayarit-Vallarta, <em>Salum<\/em>, concepto culinario inspirado en la vibra bohemia de las mejores playas de M\u00e9xico, ofrece una amplia variedad de cervezas de renombre internacional, incluyendo las ic\u00f3nicas cervezas alemanas y las artesanales mexicanas, que agregan toque nacional de alta calidad.<\/p>\n<p>La oferta culinaria no se queda atr\u00e1s, el men\u00fa presenta salchichas acompa\u00f1adas de ensalada de coles y pepinillos, pretzels dulces y salados, delicias que pueden disfrutarse individualmente o en paquetes que incluyen cerveza de barril.<\/p>\n<p>Aqu\u00ed ya no tendr\u00e1s oportunidad de disfrutar el <em>Oktoberfest<\/em> tambi\u00e9n pues estuvo disponible hasta el pasado 3 de octubre.<\/p>\n<p>&nbsp;<\/p>\n<blockquote>\n<p style=\"text-align: right;\">\u201c<strong>El<\/strong> <strong>\u00e1ngel de la fama tiene sus alas hechas de papel&#8230; peri\u00f3dico\u201d.<br \/>\n<\/strong><\/p>\n<\/blockquote>\n<p>&nbsp;<\/p>\n<p><em><span class=\"Apple-converted-space\"><a href=\"mailto:victoriagprado@gmail.com\" target=\"_blank\" rel=\"noopener noreferrer\">victoriagprado@gmail.com<\/a><br \/>\nTwitter: <a href=\"https:\/\/twitter.com\/victoriagprado\" target=\"_blank\" rel=\"noopener noreferrer\">@victoriagprado<\/a><\/span><\/em><\/p>\n","protected":false},"excerpt":{"rendered":"<p><strong>Rosa Mar\u00eda Gonz\u00e1lez Barraza<\/strong>, gerente de Finanzas de <em>Air Canada<\/em> recibi\u00f3 la presea \u201c<strong>Tony Guti\u00e9rrez<\/strong>\u201d, que otorga \u2014en este a\u00f1o por segunda ocasi\u00f3n\u2014 la C\u00e1mara Nacional de Aerotransportes (Canaero) y que reconoce la aportaci\u00f3n de las mujeres en la industria de la aviaci\u00f3n comercial en M\u00e9xico.<\/p>\n","protected":false},"author":3,"featured_media":597883,"comment_status":"open","ping_status":"open","sticky":false,"template":"","format":"standard","meta":{"_monsterinsights_skip_tracking":false,"_monsterinsights_sitenote_active":false,"_monsterinsights_sitenote_note":"","_monsterinsights_sitenote_category":0,"footnotes":""},"categories":[11],"tags":[107,43674,106],"class_list":["post-597852","post","type-post","status-publish","format-standard","has-post-thumbnail","hentry","category-turismo","tag-de-cinco-estrellas","tag-opinion","tag-victoria-gonzalez-prado"],"_links":{"self":[{"href":"https:\/\/www.diarioimagen.net\/index.php?rest_route=\/wp\/v2\/posts\/597852","targetHints":{"allow":["GET"]}}],"collection":[{"href":"https:\/\/www.diarioimagen.net\/index.php?rest_route=\/wp\/v2\/posts"}],"about":[{"href":"https:\/\/www.diarioimagen.net\/index.php?rest_route=\/wp\/v2\/types\/post"}],"author":[{"embeddable":true,"href":"https:\/\/www.diarioimagen.net\/index.php?rest_route=\/wp\/v2\/users\/3"}],"replies":[{"embeddable":true,"href":"https:\/\/www.diarioimagen.net\/index.php?rest_route=%2Fwp%2Fv2%2Fcomments&post=597852"}],"version-history":[{"count":0,"href":"https:\/\/www.diarioimagen.net\/index.php?rest_route=\/wp\/v2\/posts\/597852\/revisions"}],"wp:featuredmedia":[{"embeddable":true,"href":"https:\/\/www.diarioimagen.net\/index.php?rest_route=\/wp\/v2\/media\/597883"}],"wp:attachment":[{"href":"https:\/\/www.diarioimagen.net\/index.php?rest_route=%2Fwp%2Fv2%2Fmedia&parent=597852"}],"wp:term":[{"taxonomy":"category","embeddable":true,"href":"https:\/\/www.diarioimagen.net\/index.php?rest_route=%2Fwp%2Fv2%2Fcategories&post=597852"},{"taxonomy":"post_tag","embeddable":true,"href":"https:\/\/www.diarioimagen.net\/index.php?rest_route=%2Fwp%2Fv2%2Ftags&post=597852"}],"curies":[{"name":"wp","href":"https:\/\/api.w.org\/{rel}","templated":true}]}}