{"id":597855,"date":"2023-10-06T00:07:07","date_gmt":"2023-10-06T06:07:07","guid":{"rendered":"https:\/\/www.diarioimagen.net\/?p=597855"},"modified":"2023-10-06T00:06:38","modified_gmt":"2023-10-06T06:06:38","slug":"mexico-propone-alianza-contra-el-fentanilo-eu-se-excusa-por-el-muro","status":"publish","type":"post","link":"https:\/\/www.diarioimagen.net\/?p=597855","title":{"rendered":"M\u00e9xico propone alianza contra el fentanilo; EU se excusa por el muro"},"content":{"rendered":"<h2>Clase Pol\u00edtica<\/h2>\n<h5>Miguel \u00c1ngel Rivera<\/h5>\n<p>&nbsp;<\/p>\n<p>Era previsible, como ocurri\u00f3, que al cabo de la reuni\u00f3n de alto nivel M\u00e9xico-Estados Unidos efectuada ayer en Palacio Nacional terminara con declaraciones de amistad y de colaboraci\u00f3n contra un enemigo com\u00fan: la llamada delincuencia organizada que lo mismo se beneficia del comercio ilegal de las drogas que del tr\u00e1fico de personas, dos fen\u00f3menos que provocan desacuerdos y hasta enfrentamientos entre esos dos vecinos y aliados.<\/p>\n<p>Por la delegaci\u00f3n mexicana participaron las secretarias de Relaciones Exteriores, Alicia B\u00e1rcena; de Seguridad y Protecci\u00f3n Ciudadana, Rosa Icela Rodr\u00edguez; y de Gobernaci\u00f3n Luisa Mar\u00eda Alcalde, as\u00ed como los titulares de la Sedena Luis Crecencio Sandoval y de Marina, Jos\u00e9 Rafael Ojeda Dur\u00e1n; el fiscal general de la Rep\u00fablica Alejandro Gertz Manero, y el embajador de M\u00e9xico en Washington, Esteban Moctezuma.<\/p>\n<p>Por los Estados Unidos estuvieron los secretarios de Estado, Antony Blinken; y de Seguridad Nacional, Alejandro Mayorkas, as\u00ed como el fiscal general de Justicia, Merrick Garland, y la directora de Seguridad Transfronteriza y asesora de Seguridad Nacional de la Casa Blanca, Elizabeth Sherwood-Randall, adem\u00e1s de funcionarios encargados de departamentos de antinarc\u00f3ticos, migraci\u00f3n y antiterrorismo.<\/p>\n<p>\u201cAcordamos reforzar el trabajo de prevenci\u00f3n del consumo de drogas sint\u00e9ticas, en especial del fentanilo, con campa\u00f1as para evitar que los j\u00f3venes caigan en adicciones; priorizar las causas que genera la violencia con programas sociales universales para que la poblaci\u00f3n, en especial los j\u00f3venes, cuenten con opciones de desarrollo y crecimiento\u201d, inform\u00f3 la secretaria de Seguridad en la conferencia de prensa al t\u00e9rmino del encuentro.<\/p>\n<p>\u201cTambi\u00e9n, (acordamos) llegar al fondo del origen de los precursores qu\u00edmicos; reiteramos la cuesti\u00f3n del seguimiento de los precursores qu\u00edmicos, ya que M\u00e9xico no es un pa\u00eds productor de fentanilo, sino de tr\u00e1nsito y no se han detectado laboratorios dedicado a ello\u201d, agreg\u00f3 la vocera de la delegaci\u00f3n mexicana, acerca del punto que, por el momento, debido al proceso electoral en los Estados Unidos, es probablemente el asunto m\u00e1s \u00e1lgido: la venta de fentanilo que ocasiona m\u00e1s de cien mil muertes anuales en el vecino pa\u00eds.<\/p>\n<p>La titular de Seguridad recalc\u00f3 que M\u00e9xico no produce fentanilo. \u201cReiteramos su seguimiento, ya que M\u00e9xico no es un productor de fentanilo, es un pa\u00eds de tr\u00e1nsito y aqu\u00ed no se han detectado laboratorios dedicados a ello\u201d.<\/p>\n<p>Al respecto, el gobierno del presidente Andr\u00e9s Manuel L\u00f3pez Obrador siempre ha negado ser productor de esa terrible droga sint\u00e9tica y ha sostenido que s\u00f3lo es territorio de paso, aunque las fuerzas armadas nacionales han destruido laboratorios en donde se procesan los precursores que integran el fentanilo.<\/p>\n<p>Por el contrario, en la Uni\u00f3n Americana se afirma que los principales proveedores de ese enervante son los \u201cchapitos\u201d, los hijos de Joaqu\u00edn \u201cEl Chapo\u201d Guzm\u00e1n Loera, y precisamente por esas sospechas fue extraditado su hijo Ovidio.<\/p>\n<p>Estas sospechas han sido aprovechadas por los pol\u00edticos m\u00e1s radicales que buscan la nominaci\u00f3n presidencial o para otros cargos con el argumento de responsabilizar a M\u00e9xico por \u201cno hacer lo suficiente\u201d para contener esas bandas criminales y amenazan con enviar tropas a territorio mexicano para combatir directamente a esos grupos criminales.<\/p>\n<p>Claro, son posiciones extremas, pero del lado mexicano es mejor tomar previsiones y rechazar la culpabilidad en una declaraci\u00f3n conjunta va en ese camino.<\/p>\n<p>Por eso en la reuni\u00f3n binacional se acord\u00f3 integrar una coalici\u00f3n de pa\u00edses productores de precursores qu\u00edmicos de uso dual (pues el fentanilo es, tambi\u00e9n, un medicamento muy apreciado en cirug\u00eda). La idea de ese convenio internacional consiste en regular el mercado, establecer controles y evitar el tr\u00e1fico ilegal, inform\u00f3 la canciller Alicia B\u00e1rcena. La propuesta surgi\u00f3 de la Secretar\u00eda de Marina mexicana.<\/p>\n<p>Rosa Icela Rodr\u00edguez expuso que en el di\u00e1logo se acord\u00f3 reforzar el trabajo contra el fentanilo, especialmente con campa\u00f1as para evitar las adicciones, priorizar las causas que generan la violencia para que la poblaci\u00f3n cuente con opciones de desarrollo y crecimiento; tambi\u00e9n llegar al fondo del origen de los precursores qu\u00edmicos.<\/p>\n<p style=\"text-align: center;\"><strong>El gobierno de Biden niega haber autorizado extender el muro fronterizo<\/strong><\/p>\n<p>La delegaci\u00f3n estadounidense tambi\u00e9n intent\u00f3 disculparse en otro tema que ocasiona fricciones entre las dos naciones: el muro que sus radicales tratan de extender a lo largo de la frontera com\u00fan, a pesar de que hasta ahora no han sido un recurso efectivo para contener la creciente migraci\u00f3n.<\/p>\n<p>Tanto en Washington como en M\u00e9xico, la administraci\u00f3n del presidente Joe Biden ha tratado de desmentir versiones en el sentido de que aprob\u00f3 extender esa barrera fronteriza.<\/p>\n<p>El gobierno del presidente Biden no tiene ninguna nueva pol\u00edtica con respecto al l\u00edmite de ambos pa\u00edses; sin embargo, s\u00ed se destinar\u00e1 una inversi\u00f3n para la vigilancia de traficantes de personas, armas y fentanilo, declar\u00f3 en la capital del pa\u00eds el secretario de Seguridad Nacional de Estados Unidos, Alejandro Mayorkas.<\/p>\n<p>Explic\u00f3 que este muro fue un proyecto de la administraci\u00f3n del ex presidente Donald Trump, quien buscaba ampliar la muralla de la frontera, y que por ley este presupuesto debe ser utilizado.<\/p>\n<p>\u201cMe gustar\u00eda referirme al muro y dejar en claro que no hay ninguna pol\u00edtica del gobierno con respecto a la frontera. Desde el d\u00eda uno, esta administraci\u00f3n ha dejado claro que el muro no es la respuesta; esa sigue siendo nuestra posici\u00f3n y nuestra posici\u00f3n nunca ha cambiado\u201d, dijo Mayorkas.<\/p>\n<p>\u201cUna y otra vez hemos pedido al Congreso que rescinda esos fondos, pero no lo han hecho y nosotros debemos seguir la ley\u201d, lament\u00f3 el funcionario estadounidense, al recordar que la administraci\u00f3n del presidente Biden detuvo la construcci\u00f3n del muro desde el primer d\u00eda de esta nueva administraci\u00f3n.<\/p>\n<p>\u201cLa seguridad fronteriza eficaz requiere un enfoque m\u00e1s inteligente, integral. Debe incluir tecnolog\u00eda de vigilancia modernas y puertos de entrada modernos\u201d, concluy\u00f3 Mayorkas.<\/p>\n<p>Del otro lado de la frontera, el presidente de los Estados Unidos confirm\u00f3 la versi\u00f3n de Mayorkas al negar haber ordenado ampliar el muro fronterizo y ratific\u00f3 la versi\u00f3n de que existe un presupuesto aprobado desde el gobierno de su antecesor Donald Trump, quien hizo del muro uno de sus temas de campa\u00f1a.<\/p>\n<p>Biden reiter\u00f3 ayer, jueves, no creer que el muro en la frontera con M\u00e9xico sea efectivo, pero afirm\u00f3 que no puede evitar que se refuerce.<\/p>\n<p>En una reuni\u00f3n en la Casa Blanca con sus asesores de Seguridad Nacional, apunt\u00f3 que el dinero asignado para el muro fronterizo no puede redirigirse a otras labores.<\/p>\n<p>\u201cIntent\u00e9 que se redireccionara ese dinero. No lo hicieron. No lo har\u00e1n. Mientras tanto, la ley no establece nada m\u00e1s que utilizar el dinero para lo que fue considerado. No puedo detener eso\u201d, apunt\u00f3 el mandatario dem\u00f3crata un d\u00eda despu\u00e9s de que su Administraci\u00f3n ordenara reforzar esa barrera en una de las \u00e1reas donde m\u00e1s se han registrado cruces irregulares de migrantes, en los alrededores de El Paso, Texas, y Ciudad Ju\u00e1rez, M\u00e9xico.<\/p>\n<p>Efectivamente, la partida para esa labor fue aprobada por el Congreso en 2019, cuando Biden a\u00fan no hab\u00eda llegado a la Casa Blanca. Las controvertidas obras para reforzar el muro fronterizo, en el valle del R\u00edo Bravo, incluir\u00e1n la edificaci\u00f3n tanto de barreras f\u00edsicas como de v\u00edas para prevenir la entrada irregular de migrantes a territorio estadounidense, detalla el escrito publicado en el registro federal.<\/p>\n<p>Por otra parte, luego de las repetidas descalificaciones e insultos contra jueces, magistrados y ministros del Poder Judicial Federal, el presidente L\u00f3pez Obrador se vio obligado a rectificar, luego de que la Suprema Corte de Justicia autoriz\u00f3 que se distribuyan los nuevos libros de texto gratuito en Chihuahua,<\/p>\n<p>Al comentar la decisi\u00f3n de la primera sala de la Suprema Corte de desechar la controversia constitucional promovida por el Gobierno de Chihuahua, el jefe del Ejecutivo Federal se declar\u00f3 \u201ccontent\u00edsimo\u2026muchas gracias a los ministros, hay que reconocer, cuando se act\u00faa bien hay que reconocerlo, estaba mal lo que hicieron, lo que hizo la gobernadora d de Chihuahua, y lo que hizo el ministro Aguilar que le dio entrada a una solicitud de amparo para no distribuir los libros\u201d.<\/p>\n<p><em><a href=\"mailto:riparcangel@hotmail.com\" target=\"_blank\" rel=\"noopener noreferrer\">riparcangel@hotmail.com<\/a><\/em><\/p>\n","protected":false},"excerpt":{"rendered":"<p><span style=\"color: #005497;\"><strong>Miguel \u00c1ngel Rivera<\/strong><\/span><\/p>\n","protected":false},"author":3,"featured_media":0,"comment_status":"open","ping_status":"open","sticky":false,"template":"","format":"standard","meta":{"_monsterinsights_skip_tracking":false,"_monsterinsights_sitenote_active":false,"_monsterinsights_sitenote_note":"","_monsterinsights_sitenote_category":0,"footnotes":""},"categories":[84119],"tags":[84120,84121,43674],"class_list":["post-597855","post","type-post","status-publish","format-standard","hentry","category-miguel-angel-rivera","tag-clase-politica","tag-miguel-angel-rivera","tag-opinion"],"_links":{"self":[{"href":"https:\/\/www.diarioimagen.net\/index.php?rest_route=\/wp\/v2\/posts\/597855","targetHints":{"allow":["GET"]}}],"collection":[{"href":"https:\/\/www.diarioimagen.net\/index.php?rest_route=\/wp\/v2\/posts"}],"about":[{"href":"https:\/\/www.diarioimagen.net\/index.php?rest_route=\/wp\/v2\/types\/post"}],"author":[{"embeddable":true,"href":"https:\/\/www.diarioimagen.net\/index.php?rest_route=\/wp\/v2\/users\/3"}],"replies":[{"embeddable":true,"href":"https:\/\/www.diarioimagen.net\/index.php?rest_route=%2Fwp%2Fv2%2Fcomments&post=597855"}],"version-history":[{"count":0,"href":"https:\/\/www.diarioimagen.net\/index.php?rest_route=\/wp\/v2\/posts\/597855\/revisions"}],"wp:attachment":[{"href":"https:\/\/www.diarioimagen.net\/index.php?rest_route=%2Fwp%2Fv2%2Fmedia&parent=597855"}],"wp:term":[{"taxonomy":"category","embeddable":true,"href":"https:\/\/www.diarioimagen.net\/index.php?rest_route=%2Fwp%2Fv2%2Fcategories&post=597855"},{"taxonomy":"post_tag","embeddable":true,"href":"https:\/\/www.diarioimagen.net\/index.php?rest_route=%2Fwp%2Fv2%2Ftags&post=597855"}],"curies":[{"name":"wp","href":"https:\/\/api.w.org\/{rel}","templated":true}]}}