{"id":597859,"date":"2023-10-06T00:12:41","date_gmt":"2023-10-06T06:12:41","guid":{"rendered":"https:\/\/www.diarioimagen.net\/?p=597859"},"modified":"2023-10-06T00:36:53","modified_gmt":"2023-10-06T06:36:53","slug":"no-ni-amlo-es-el-pueblo-y-ni-tiene-asegurada-su-trascendencia","status":"publish","type":"post","link":"https:\/\/www.diarioimagen.net\/?p=597859","title":{"rendered":"No, ni AMLO es \u201cel pueblo\u201d y ni tiene asegurada su trascendencia"},"content":{"rendered":"<h2>Tras la puerta del poder<\/h2>\n<h5>Roberto Vizca\u00edno<\/h5>\n<p>&nbsp;<\/p>\n<p>Si algo ha demostrado <strong>Andr\u00e9s Manuel L\u00f3pez Obrador<\/strong> en sus 5 a\u00f1os de gobierno es ser un muy buen constructor de percepciones. Sin duda, hubiera sido un muy buen publicista. Y a base de frases y afirmaciones sin sustento, ha logrado construirse un aura de pol\u00edtico muy popular.<\/p>\n<p>Fuera de eso todo es <strong><em>rollo<\/em><\/strong>, <strong><em>choro mareador<\/em><\/strong>.<\/p>\n<p>Su primera ficci\u00f3n fue la de hacer creer que hab\u00eda ganado la Presidencia en forma \u201cabrumadora\u201d, cuando s\u00f3lo lo hizo por 53 por ciento. En una votaci\u00f3n porcentual casi igual que la de <strong>Vicente Fox<\/strong> en 2000.<\/p>\n<p>En el proceso de 2018 hubo una participaci\u00f3n del 63.42 por ciento de la Lista Nominal, con una abstenci\u00f3n de 36.58, mientras que en la de 2000 con <strong>Fox la abstenci\u00f3n fue <\/strong>de 36.9 por ciento.<\/p>\n<p>O sea\u2026<\/p>\n<p>Bien por el triunfo, pero nada para decir eso de \u201c<strong><em>El pueblo soy yo<\/em><\/strong>\u201d, o la frase dram\u00e1tica de que \u201c<strong><em>Yo ya no me pertenezco<\/em><\/strong>\u201d.<\/p>\n<p>A partir de eso, y de su decisi\u00f3n de dar una conferencia diaria, ha logrado mantener una expectativa ciudadana alta, pero tampoco nada que signifique algo determinante.<\/p>\n<p>Cierto, ha logrado conservar una popularidad que oscila entre 50 y 65 por ciento, lo cual advierte que el porcentaje restante no est\u00e1 con \u00e9l.<\/p>\n<p>Si a eso se le agregan los porcentajes de votaci\u00f3n alcanzados por su bloque partidario \u2014Morena, PT y Verde\u2014 frente a los de la oposici\u00f3n \u2014PAN, PRI, PRD y MC\u2014, bien se concluye que <strong>Andr\u00e9s Manuel L\u00f3pez Obrador<\/strong> ni es tan determinante ni tan imbatible como \u00e9l y su entorno quieren hacer creer a la poblaci\u00f3n a cada momento.<\/p>\n<p>Sus frases, como todos los promocionales comerciales, ya sean de detergentes o para la venta de autos o ropa, terminan por \u201cgastarse\u201d.<\/p>\n<p>Hoy ese rollo de que todo lo malo que ocurre en este pa\u00eds es culpa de <strong>Carlos Salinas, Fox, Calder\u00f3n, Pe\u00f1a Nieto<\/strong> y los neoliberales de los \u00faltimos 30 a\u00f1os, y de que los conservadores con <strong>Claudio X. Gonz\u00e1lez<\/strong> han lanzado a la senadora <strong>X\u00f3chitl G\u00e1lvez Ruiz<\/strong> para recuperar sus corruptelas y restablecer el oprobio y la explotaci\u00f3n contra el pueblo bueno, ya no jala como cuando buscaba llegar.<\/p>\n<p>Eso de que \u201cla mafia del poder\u201d o la \u201cminor\u00eda rapaz\u201d es el objetivo de su combate en favor de los pobres, ya no convence ni a sus m\u00e1s fieles, cuando lo ven a cada rato abrazado o comiendo con <strong>Carlos Slim<\/strong> o <strong>Germ\u00e1n Larrea<\/strong> y los otros muchos muy ricos con los que se re\u00fane con frecuencia .<\/p>\n<p>Pero sobre todo pesan los videos y fotos, informaciones sobre sus hijos y hermanos recibiendo sobres con cientos de miles de pesos o en viajes a esquiar en jets privados, en autos car\u00edsimos, en la casa gris de Houston o en la escuela de Londres donde estudia el m\u00e1s chico.<\/p>\n<p>El \u201cme canso ganso\u201d ha quedado como una buena frase sin el menor contenido ante el fracaso de sus programas como el de abatir la delincuencia y la inseguridad o el de lograr un sistema de salud mejor que el de Finlandia o Dinamarca y cuando mueren ni\u00f1os con c\u00e1ncer por falta de medicinas, o ante las vejaciones que sufre \u2014mientras \u00e9l lo permite\u2014 la tropa por parte de delincuentes y c\u00e1rteles o cuando nadie de los que dijo iba a meter a la c\u00e1rcel han sido puestos ante un juez.<\/p>\n<p>Hasta hoy eso de que \u201cno puede haber gobierno rico, con pueblo pobre\u201d, es una de las peores mentiras cuando \u00e9l gasta todos los fondos, despilfarra los recursos de todos, en construir su Tren Maya, su Refiner\u00eda en Dos Bocas o un aeropuerto que ni \u00e9l usa.<\/p>\n<p>Sin duda una frase que en un momento tuvo un gran apoyo popular pero ahora es una de las peores ignominias, es la de \u201cabrazos, no balazos\u201d. Sobre todo luego del \u201cculiacanazo\u201d donde orden\u00f3 soltar a <strong>Ovidio Guzm\u00e1n<\/strong> y luego de los casi 170 mil ejecutados que suma ya su gobierno para convertirse en el m\u00e1s sangriento de todas las administraciones hasta ahora.<\/p>\n<p>De chunga y para promocionar torter\u00edas o taquer\u00edas es aquello de: esto (ese avi\u00f3n de <strong>Pe\u00f1a Nieto<\/strong>) \u201c<strong><em>No lo tiene ni Obama<\/em><\/strong>\u201d.<\/p>\n<p>O esa frase con la que elude alevosamente responder reclamos y denuncias, con aquello de: \u201c<strong>Yo tengo otros datos<\/strong>\u201d.<\/p>\n<p>Cuando eso ya comenz\u00f3 a no funcionar, dijo que sus mediciones dejar\u00edan de ser las del Producto Interno Bruto para medir el desarrollo o crecimiento de su administraci\u00f3n a trav\u00e9s del Producto Interno de la Felicidad. Hasta hoy no ha dado ning\u00fan reporte demostrable de ese indicador.<\/p>\n<p>Otras frases suyas muestran sus propias contradicciones. Cuando llama fif\u00eds a sus opositores o cuando se burla y dice que tal o cual le \u201cproducen ternura\u201d o de plano les dice \u201cternuritas\u201d advierte que eso de que su fuerte no es la venganza queda autom\u00e1ticamente anulada.<\/p>\n<p>Nefasto ha sido su dicho de que \u201chasta los peores delincuentes son seres humanos que tienen derecho a vivir y ser felices.\u201d<\/p>\n<p>Desde hace ya rato ha dejado de se\u00f1alar que \u201cNo tengo derecho a fallar\u201d mientras que recurre a eso de que \u201cel pueblo pone y el pueblo quita\u2026 y es el \u00fanico soberano al que debo sumisi\u00f3n y obediencia.\u201d<\/p>\n<p>En fin, unas <strong><em>frases hechas<\/em><\/strong> en toda la regla.<\/p>\n<p>Alguien que a 5 de sus 6 a\u00f1os de gobierno insiste en se\u00f1alar que habr\u00e1 continuidad de su supuesta transformaci\u00f3n que no significa m\u00e1s que la cancelaci\u00f3n de programas, reformas y obras esenciales para el pa\u00eds, como el Aeropuerto Internacional de la CDMX.<\/p>\n<p>Lo \u00fanico cierto es que cada vez se desinfla m\u00e1s su globo y que importantes sectores muestran su hartazgo y enfado y apuntan a ir a un cambio total.<\/p>\n<p>Ya veremos si es s\u00f3lo mi imaginaci\u00f3n o si esta percepci\u00f3n tiene base.<\/p>\n<p><em><a href=\"mailto:rvizcainoa@gmail.com\" target=\"_blank\" rel=\"noopener noreferrer\">vizcainoa@gmail.com<\/a><a href=\"mailto:rvizcainoa@gmail.com\" target=\"_blank\" rel=\"noopener noreferrer\"><br \/>\n<\/a><a href=\"http:\/\/endirecto.mx\" target=\"_blank\" rel=\"noopener noreferrer\">www.endirecto.mx<\/a><a href=\"mailto:rvizcainoa@gmail.com\" target=\"_blank\" rel=\"noopener noreferrer\"><br \/>\n<\/a><a href=\"https:\/\/twitter.com\/_rvizcaino\" target=\"_blank\" rel=\"noopener noreferrer\">@_RVizcaino<\/a><a href=\"mailto:rvizcainoa@gmail.com\" target=\"_blank\" rel=\"noopener noreferrer\"><br \/>\n<\/a><a href=\"https:\/\/www.facebook.com\/rvizcainoa\" target=\"_blank\" rel=\"noopener noreferrer\">facebook.com\/rvizcainoa<\/a><\/em><\/p>\n","protected":false},"excerpt":{"rendered":"<p><span style=\"color: #005497;\"><strong>Roberto Vizca\u00edno<\/strong><\/span><\/p>\n","protected":false},"author":3,"featured_media":0,"comment_status":"open","ping_status":"open","sticky":false,"template":"","format":"standard","meta":{"_monsterinsights_skip_tracking":false,"_monsterinsights_sitenote_active":false,"_monsterinsights_sitenote_note":"","_monsterinsights_sitenote_category":0,"footnotes":""},"categories":[136],"tags":[43674,93,94],"class_list":["post-597859","post","type-post","status-publish","format-standard","hentry","category-roberto-vizcaino-opinion","tag-opinion","tag-roberto-vizcaino","tag-tras-la-puerta-del-poder"],"_links":{"self":[{"href":"https:\/\/www.diarioimagen.net\/index.php?rest_route=\/wp\/v2\/posts\/597859","targetHints":{"allow":["GET"]}}],"collection":[{"href":"https:\/\/www.diarioimagen.net\/index.php?rest_route=\/wp\/v2\/posts"}],"about":[{"href":"https:\/\/www.diarioimagen.net\/index.php?rest_route=\/wp\/v2\/types\/post"}],"author":[{"embeddable":true,"href":"https:\/\/www.diarioimagen.net\/index.php?rest_route=\/wp\/v2\/users\/3"}],"replies":[{"embeddable":true,"href":"https:\/\/www.diarioimagen.net\/index.php?rest_route=%2Fwp%2Fv2%2Fcomments&post=597859"}],"version-history":[{"count":0,"href":"https:\/\/www.diarioimagen.net\/index.php?rest_route=\/wp\/v2\/posts\/597859\/revisions"}],"wp:attachment":[{"href":"https:\/\/www.diarioimagen.net\/index.php?rest_route=%2Fwp%2Fv2%2Fmedia&parent=597859"}],"wp:term":[{"taxonomy":"category","embeddable":true,"href":"https:\/\/www.diarioimagen.net\/index.php?rest_route=%2Fwp%2Fv2%2Fcategories&post=597859"},{"taxonomy":"post_tag","embeddable":true,"href":"https:\/\/www.diarioimagen.net\/index.php?rest_route=%2Fwp%2Fv2%2Ftags&post=597859"}],"curies":[{"name":"wp","href":"https:\/\/api.w.org\/{rel}","templated":true}]}}