{"id":597926,"date":"2023-10-09T00:01:54","date_gmt":"2023-10-09T06:01:54","guid":{"rendered":"https:\/\/www.diarioimagen.net\/?p=597926"},"modified":"2023-10-08T23:05:58","modified_gmt":"2023-10-09T05:05:58","slug":"continua-la-rehabilitacion-de-calles-en-cuautitlan-izcalli","status":"publish","type":"post","link":"https:\/\/www.diarioimagen.net\/?p=597926","title":{"rendered":"Contin\u00faa la rehabilitaci\u00f3n de calles en Cuautitl\u00e1n Izcalli"},"content":{"rendered":"<p>&nbsp;<\/p>\n<p><a href=\"https:\/\/www.diarioimagen.net\/?attachment_id=597989\" rel=\"attachment wp-att-597989\"><img loading=\"lazy\" decoding=\"async\" class=\"aligncenter size-full wp-image-597989\" src=\"https:\/\/www.diarioimagen.net\/wp-content\/uploads\/2023\/10\/continua-rehabilitacion.jpg\" alt=\"\" width=\"460\" height=\"270\" \/><\/a><\/p>\n<p>&nbsp;<\/p>\n<p><strong>Cuautitl\u00e1n Izcalli,\u00a0 Estado de M\u00e9xico.\u2014<\/strong> Con el objetivo de mejorar significativamente la infraestructura vial y brindar un mejor entorno de movilidad para las y los izcallenses, la presidenta municipal Karla Fiesco, en compa\u00f1\u00eda de directores de \u00e1rea e integrantes de Cabildo, dio el banderazo de inicio a los trabajos de rehabilitaci\u00f3n en la calle Primero de Mayo en La Piedad y en la avenida Emiliano Zapata en Bellavista, las cuales beneficiar\u00e1n a m\u00e1s de cuatro mil 400 habitantes.<\/p>\n<p>De esta forma, la alcaldesa subray\u00f3 que cuando se trabaja de manera conjunta y se unen esfuerzos se pueden lograr grandes cosas, dijo.<\/p>\n","protected":false},"excerpt":{"rendered":"<p>Con el objetivo de mejorar significativamente la infraestructura vial y brindar un mejor entorno de movilidad para las y los izcallenses, la presidenta municipal Karla Fiesco, en compa\u00f1\u00eda de directores de \u00e1rea e integrantes de Cabildo, dio el banderazo de inicio a los trabajos de rehabilitaci\u00f3n en la calle Primero de Mayo en La Piedad y en la avenida Emiliano Zapata en Bellavista, las cuales beneficiar\u00e1n a m\u00e1s de cuatro mil 400 habitantes.<\/p>\n","protected":false},"author":3,"featured_media":597989,"comment_status":"open","ping_status":"open","sticky":false,"template":"","format":"standard","meta":{"_monsterinsights_skip_tracking":false,"_monsterinsights_sitenote_active":false,"_monsterinsights_sitenote_note":"","_monsterinsights_sitenote_category":0,"footnotes":""},"categories":[5],"tags":[50283,971,8519],"class_list":["post-597926","post","type-post","status-publish","format-standard","has-post-thumbnail","hentry","category-estado-de-mexico","tag-calles","tag-cuautitlan-izcalli","tag-rehabilitacion"],"_links":{"self":[{"href":"https:\/\/www.diarioimagen.net\/index.php?rest_route=\/wp\/v2\/posts\/597926","targetHints":{"allow":["GET"]}}],"collection":[{"href":"https:\/\/www.diarioimagen.net\/index.php?rest_route=\/wp\/v2\/posts"}],"about":[{"href":"https:\/\/www.diarioimagen.net\/index.php?rest_route=\/wp\/v2\/types\/post"}],"author":[{"embeddable":true,"href":"https:\/\/www.diarioimagen.net\/index.php?rest_route=\/wp\/v2\/users\/3"}],"replies":[{"embeddable":true,"href":"https:\/\/www.diarioimagen.net\/index.php?rest_route=%2Fwp%2Fv2%2Fcomments&post=597926"}],"version-history":[{"count":0,"href":"https:\/\/www.diarioimagen.net\/index.php?rest_route=\/wp\/v2\/posts\/597926\/revisions"}],"wp:featuredmedia":[{"embeddable":true,"href":"https:\/\/www.diarioimagen.net\/index.php?rest_route=\/wp\/v2\/media\/597989"}],"wp:attachment":[{"href":"https:\/\/www.diarioimagen.net\/index.php?rest_route=%2Fwp%2Fv2%2Fmedia&parent=597926"}],"wp:term":[{"taxonomy":"category","embeddable":true,"href":"https:\/\/www.diarioimagen.net\/index.php?rest_route=%2Fwp%2Fv2%2Fcategories&post=597926"},{"taxonomy":"post_tag","embeddable":true,"href":"https:\/\/www.diarioimagen.net\/index.php?rest_route=%2Fwp%2Fv2%2Ftags&post=597926"}],"curies":[{"name":"wp","href":"https:\/\/api.w.org\/{rel}","templated":true}]}}