{"id":597928,"date":"2023-10-08T00:02:10","date_gmt":"2023-10-08T06:02:10","guid":{"rendered":"https:\/\/www.diarioimagen.net\/?p=597928"},"modified":"2023-10-08T23:08:03","modified_gmt":"2023-10-09T05:08:03","slug":"que-no-quedara-impune-el-saqueo-a-naucalpan-en-gestion-morenista","status":"publish","type":"post","link":"https:\/\/www.diarioimagen.net\/?p=597928","title":{"rendered":"Que no quedar\u00e1 impune el saqueo a Naucalpan en gesti\u00f3n morenista"},"content":{"rendered":"<p>&nbsp;<\/p>\n<ul>\n<li><em><strong>Llamar\u00e1n a rendir cuentas a responsables<\/strong><\/em><\/li>\n<\/ul>\n<p>&nbsp;<\/p>\n<div id=\"attachment_597991\" style=\"width: 470px\" class=\"wp-caption aligncenter\"><a href=\"https:\/\/www.diarioimagen.net\/?attachment_id=597991\" rel=\"attachment wp-att-597991\"><img loading=\"lazy\" decoding=\"async\" aria-describedby=\"caption-attachment-597991\" class=\"size-full wp-image-597991\" src=\"https:\/\/www.diarioimagen.net\/wp-content\/uploads\/2023\/10\/no-quedara-impune.jpg\" alt=\"\" width=\"460\" height=\"270\" \/><\/a><p id=\"caption-attachment-597991\" class=\"wp-caption-text\">El OSFEM y la FGJEM, llamar\u00e1n a rendir cuentas a los responsables de la severa crisis financiera en la gesti\u00f3n de Patricia Dur\u00e1n Reveles en Naucalpan.<\/p><\/div>\n<p>&nbsp;<\/p>\n<p><strong>Naucalpan, Estado de M\u00e9xico.\u2014<\/strong> El desv\u00edo de recursos, sueldos estratosf\u00e9ricos, compras a sobreprecio y el saqueo a las arcas municipales en la gesti\u00f3n de Patricia Dur\u00e1n Reveles paralizaron durante varios meses al actual gobierno y esto no quedar\u00e1 impune. El OSFEM y la FGJEM llamar\u00e1n a rendir cuentas a los responsables de la severa crisis financiera que dejaron a Ang\u00e9lica Moya.<\/p>\n<p>Las evidencias presentadas por la actual administraci\u00f3n son catastr\u00f3ficas y algunas de ellas quedaron asentadas en el n\u00famero de oficio:\u00a0 TM\/ST \/M\/1784\/2023 y del cual las autoridades competentes ya tienen conocimiento y que se suma a otras cuatro m\u00e1s que existen en contra de Patricia Dur\u00e1n y tres colaboradores m\u00e1s.<\/p>\n<p>De ello dieron cuenta el cuerpo jur\u00eddico del gobierno de Moya Mar\u00edn y autoridades auxiliares\u00a0 (Copacis),\u00a0 quienes coincidieron en se\u00f1alar que antes de que finalice el a\u00f1o 2023, \u201cser\u00e1n llamados a declarar y rendir cuentas del brutal saqueo al municipio de Naucalpan\u201d, dijeron.<\/p>\n<p>Por otra parte, funcionarios municipales, destacaron que \u201cla administraci\u00f3n de la presidenta municipal Ang\u00e9lica Moya, ya present\u00f3 las denuncias y pruebas correspondientes a las autoridades competentes y ser\u00e1n \u00e9stas las que actuar\u00e1n en consecuencia\u201d, reiteraron.<\/p>\n<p>Se inform\u00f3 que el quebranto financiero que ocasion\u00f3 la pasada gesti\u00f3n que encabez\u00f3 Patricia Elisa Dur\u00e1n Reveles, asciende a los aproximadamente 4 mil 700 millones de pesos y que ya fueron debidamente denunciados y sustentados.<\/p>\n","protected":false},"excerpt":{"rendered":"<p>El desv\u00edo de recursos, sueldos estratosf\u00e9ricos, compras a sobreprecio y el saqueo a las arcas municipales en la gesti\u00f3n de Patricia Dur\u00e1n Reveles paralizaron durante varios meses al actual gobierno y esto no quedar\u00e1 impune. El OSFEM y la FGJEM llamar\u00e1n a rendir cuentas a los responsables de la severa crisis financiera que dejaron a Ang\u00e9lica Moya.<\/p>\n","protected":false},"author":3,"featured_media":597991,"comment_status":"open","ping_status":"open","sticky":false,"template":"","format":"standard","meta":{"_monsterinsights_skip_tracking":false,"_monsterinsights_sitenote_active":false,"_monsterinsights_sitenote_note":"","_monsterinsights_sitenote_category":0,"footnotes":""},"categories":[5],"tags":[43675,98714,970],"class_list":["post-597928","post","type-post","status-publish","format-standard","has-post-thumbnail","hentry","category-estado-de-mexico","tag-estado-de-mexico","tag-merenista","tag-naucalpan"],"_links":{"self":[{"href":"https:\/\/www.diarioimagen.net\/index.php?rest_route=\/wp\/v2\/posts\/597928","targetHints":{"allow":["GET"]}}],"collection":[{"href":"https:\/\/www.diarioimagen.net\/index.php?rest_route=\/wp\/v2\/posts"}],"about":[{"href":"https:\/\/www.diarioimagen.net\/index.php?rest_route=\/wp\/v2\/types\/post"}],"author":[{"embeddable":true,"href":"https:\/\/www.diarioimagen.net\/index.php?rest_route=\/wp\/v2\/users\/3"}],"replies":[{"embeddable":true,"href":"https:\/\/www.diarioimagen.net\/index.php?rest_route=%2Fwp%2Fv2%2Fcomments&post=597928"}],"version-history":[{"count":0,"href":"https:\/\/www.diarioimagen.net\/index.php?rest_route=\/wp\/v2\/posts\/597928\/revisions"}],"wp:featuredmedia":[{"embeddable":true,"href":"https:\/\/www.diarioimagen.net\/index.php?rest_route=\/wp\/v2\/media\/597991"}],"wp:attachment":[{"href":"https:\/\/www.diarioimagen.net\/index.php?rest_route=%2Fwp%2Fv2%2Fmedia&parent=597928"}],"wp:term":[{"taxonomy":"category","embeddable":true,"href":"https:\/\/www.diarioimagen.net\/index.php?rest_route=%2Fwp%2Fv2%2Fcategories&post=597928"},{"taxonomy":"post_tag","embeddable":true,"href":"https:\/\/www.diarioimagen.net\/index.php?rest_route=%2Fwp%2Fv2%2Ftags&post=597928"}],"curies":[{"name":"wp","href":"https:\/\/api.w.org\/{rel}","templated":true}]}}