{"id":597999,"date":"2023-10-09T00:02:22","date_gmt":"2023-10-09T06:02:22","guid":{"rendered":"https:\/\/www.diarioimagen.net\/?p=597999"},"modified":"2023-10-08T23:11:29","modified_gmt":"2023-10-09T05:11:29","slug":"osorio-chong-ruiz-massieu-ramirez-marin-y-omar-fayad-se-venden-al-mejor-postor","status":"publish","type":"post","link":"https:\/\/www.diarioimagen.net\/?p=597999","title":{"rendered":"Osorio Chong, Ruiz Massieu, Ram\u00edrez Mar\u00edn y Omar Fayad, se venden al mejor postor"},"content":{"rendered":"<h2>La Retaguardia<\/h2>\n<h5>Adriana Moreno Cordero<\/h5>\n<p>&nbsp;<\/p>\n<p>\u201cNo se puede chiflar y tragar pinole\u201d, reza un conocido refr\u00e1n, lo que se puede aplicar perfectamente a los personajes que la semana pasada fueron expulsados del PRI. Y es que gente como <strong>Miguel \u00c1ngel Osorio Chong, Claudia Ruiz Massieu, Eruviel Avila, Marco Mena, Jorge Carlos Ram\u00edrez Mar\u00edn, Pedro Armenta<\/strong> y <strong>Omar Fayad<\/strong>, entre otros, quisieron hacer eso en una maniobra \u2014mal disfrazada de democracia\u2014 en la que dejaron en evidencia que se venden al mejor postor, una vez que comprobaron que no pudieron adue\u00f1arse del PRI, como era su pretensi\u00f3n inicial.<\/p>\n<p>Ahora, todos estos distinguidos ex priistas, voltean la mirada hacia diferentes direcciones, buscando alg\u00fan asidero, como por ejemplo, Movimiento Ciudadano; una de las r\u00e9moras de Morena, el PVEM, y en general, a donde sea con tal de tener alg\u00fan coto de poder, por m\u00ednimo que \u00e9ste sea, que les permita sobrevivir en 2024.<\/p>\n<p>El problema de estos personajes es que no se han detenido a pensar que en Morena, que es el partido al que finalmente tocan la puerta tan humildes como serviles, no tienen nada garantizado. O sea, no deben sorprenderse de que los utilicen \u2014si es que para algo le sirven al oficialismo\u2014 para luego desecharlos.<\/p>\n<p>Si creen que llegar\u00e1n al partido guinda o a cualquiera de sus r\u00e9moras y luego, luego ocupar\u00e1n una candidatura, es que estos distinguidos ex priistas no conocen la din\u00e1mica con la que se mueve Morena. Primero prometen \u201cel oro y el moro\u201d y luego dan con la puerta en las narices con la famosa frase: \u201cgracias por participar\u201d, adem\u00e1s de que nada les gustar\u00e1 a los integrantes del ala m\u00e1s radical del morenismo que lleguen unos oportunistas como lo son Miguel \u00c1ngel Osorio y compa\u00f1\u00eda, y les arrebaten posiciones que suponen que les pertenecen por ser \u201cmorenistas puros\u201d. Pero, en fin, quienes dejaron las filas del Revolucionario Institucional, como ya se destac\u00f3, trabajan para el mejor postor sin empacho alguno. Aqu\u00ed la pregunta es: \u00bfcu\u00e1l ser\u00e1 su premio?, porque no s\u00f3lo en los corrillos pol\u00edticos, mucho se comenta que dicho premio tiene ya varios ceros.<\/p>\n<p>Y la actitud de estos destacados y serviles personajes es la soberbia, pues se han dado a la tarea de subestimar su expulsi\u00f3n a la voz de que ellos ya hab\u00edan dejado las filas del PRI con anterioridad y que en todo caso, se trata de una decisi\u00f3n incongruente tomada por el Consejo Pol\u00edtico Nacional del tricolor.<\/p>\n<p>En este punto, habr\u00eda que precisarles a tan distinguidos y oportunistas personajes, que la incongruencia, a todas luces, proviene de ellos y se nota que esa es otro de los signos que los ha venido caracterizando a lo largo de sus respectivas carreras pol\u00edticas.<\/p>\n<p>Y en este sentido, el dirigente nacional del pri\u00edsmo, <strong>Alejandro Moreno C\u00e1rdenas<\/strong>, fue contundente al se\u00f1alar que: \u201cEn un partido pol\u00edtico como el nuestro, se tiene que escuchar cuando hay se\u00f1alamientos, voces que piden que la Comisi\u00f3n de Justicia Partidaria atienda los temas internos de nuestro instituto pol\u00edtico. Son temas que se fueron planteando durante el tiempo en que fueron ocurriendo estos comportamientos, los militantes acuden a la Comisi\u00f3n de Justicia y la Comisi\u00f3n tom\u00f3 una decisi\u00f3n y eso lleva sus tiempos y sus momentos, y bueno, tomaron esa decisi\u00f3n y se comunica al Consejo Pol\u00edtico Nacional y el Consejo aprueba y valora la decisi\u00f3n que se tom\u00f3\u201d.<\/p>\n<p>Miguel \u00c1ngel Osorio, a quien parece que ya se le olvid\u00f3 por qu\u00e9 lo quitaron de la coordinaci\u00f3n del PRI en el Senado de la Rep\u00fablica, y el resto de legisladores y ex gobernadores, acabar\u00e1n siendo meros instrumentos del oficialismo\u00a0 y se quedar\u00e1n sin nada en las manos. Al tiempo<\/p>\n<p style=\"text-align: center;\"><strong>Municiones<\/strong><\/p>\n<p>*** Mediante sus redes sociales, el dirigente nacional del tricolor, Alejandro Moreno, manifest\u00f3 su solidaridad con los familiares de los 21 connacionales originarios de Campeche que lamentablemente se encuentran atrapados en la zona de Israel y Palestina. Es, se\u00f1al\u00f3 Moreno C\u00e1rdenas, una \u201cpreocupante y triste noticia\u201d, al tiempo que agreg\u00f3: \u201cdeseamos que se encuentren bien y que pronto est\u00e9n de vuelta en casa\u201d. Antes, el l\u00edder nacional del PRI conden\u00f3 y manifest\u00f3 su repudio a los actos terroristas y acciones del grupo Hamas en contra de Israel, \u201cMi solidaridad con el pueblo Israel\u00ed y la Comunidad Jud\u00eda en nuestro pa\u00eds. El terror y la violencia jam\u00e1s ser\u00e1n la v\u00eda para dar soluci\u00f3n a los conflictos\u201d, concluy\u00f3.<\/p>\n<p>*** Este grupo de campechanos en Israel, encabezados por el padre <strong>Efra\u00edn Rosales<\/strong>, informaron que se encuentran resguardados en un hotel de Jerusal\u00e9n, \u201cbendito Dios hay peligro, pero nos encontramos bien\u201d. Esto, ante los ataques del grupo palestino Hamas.<\/p>\n<p>*** Interesante escenario se dar\u00e1 de cara al 2024 y provocar\u00e1 reajustes en los diversos partidos y en general, en el escenario pol\u00edtico nacional, pues Instituto Nacional Electoral, (INE), que preside <strong>Guadalupe Taddei<\/strong>, est\u00e1 a punto de ordenar a los partidos pol\u00edticos postular a cinco mujeres en las ocho gubernaturas y la Jefatura de Gobierno de la Ciudad de M\u00e9xico, lo que provocar\u00e1 debates internos, sobre todo en Morena respecto a qu\u00e9 candidatos varones se retirar\u00e1n y si en realidad est\u00e1n dispuestos a hacerlo y qui\u00e9nes toman alguna otra alternativa. Por lo pronto hoy, en la Comisi\u00f3n de Prerrogativas y Partidos Pol\u00edticos del INE, se analizar\u00e1 con lupa el tema.<\/p>\n<p>*** De cara el pr\u00f3ximo proceso electoral, la diputada local del PRD, <strong>Polimnia Romana Sierra<\/strong> B\u00e1rcena, consider\u00f3 necesario fortalecer la concertaci\u00f3n pol\u00edtica, a fin de promover y asegurar un clima de paz para las pr\u00f3ximas elecciones, por lo cual pidi\u00f3 al jefe de Gobierno capitalino, <strong>Mart\u00ed Batres Guadarrama<\/strong>, abstenerse de intervenir en las elecciones. Sin embargo, la perredista recul\u00f3 y pidi\u00f3 al Ejecutivo local \u201cmejor s\u00ed meter las manos, pero en el proceso interno de su partido, porque est\u00e1n en v\u00edas de cometer un error de pragmatismo, de esos que les puede costar el partido mismo\u201d, enfatiz\u00f3 al presentar el posicionamiento del PRD al V Informe de Gobierno capitalino. Adem\u00e1s, le advirti\u00f3 que el partido del sol azteca, \u201cno dude que seguiremos siendo una oposici\u00f3n cr\u00edtica, responsable e independiente, pues nos une un anhelo profundo de verdadera transformaci\u00f3n\u201d, dijo.<\/p>\n<p>Ante la secretaria de Gobernaci\u00f3n, Luisa Mar\u00eda Alcalde Luj\u00e1n, representante del Ejecutivo federal, y <strong>Rafael Guerra \u00c1lvarez<\/strong>, presidente del Poder Judicial de la\u00a0 CDMX, la legisladora le aclar\u00f3 a Batres Guadarrama, que el grupo parlamentario del PRD en el Congreso local \u201cest\u00e1 guiado por los ideales libertarios que han inspirado a los movimientos sociales de izquierda de esta ciudad y as\u00ed nos seguiremos conduciendo\u201d.<\/p>\n<p><u><a href=\"mailto:morcora@gmail.com\" target=\"_blank\" rel=\"noopener noreferrer\"><em>morcora@gmail.com<\/em><\/a><\/u><\/p>\n","protected":false},"excerpt":{"rendered":"<p><span style=\"color: #005497;\"><strong>Adriana Moreno Cordero<\/strong><\/span><\/p>\n","protected":false},"author":3,"featured_media":0,"comment_status":"open","ping_status":"open","sticky":false,"template":"","format":"standard","meta":{"_monsterinsights_skip_tracking":false,"_monsterinsights_sitenote_active":false,"_monsterinsights_sitenote_note":"","_monsterinsights_sitenote_category":0,"footnotes":""},"categories":[69370],"tags":[69369,69368,43674],"class_list":["post-597999","post","type-post","status-publish","format-standard","hentry","category-adriana-moreno-cordero","tag-adriana-moreno-cordero","tag-la-retaguardia","tag-opinion"],"_links":{"self":[{"href":"https:\/\/www.diarioimagen.net\/index.php?rest_route=\/wp\/v2\/posts\/597999","targetHints":{"allow":["GET"]}}],"collection":[{"href":"https:\/\/www.diarioimagen.net\/index.php?rest_route=\/wp\/v2\/posts"}],"about":[{"href":"https:\/\/www.diarioimagen.net\/index.php?rest_route=\/wp\/v2\/types\/post"}],"author":[{"embeddable":true,"href":"https:\/\/www.diarioimagen.net\/index.php?rest_route=\/wp\/v2\/users\/3"}],"replies":[{"embeddable":true,"href":"https:\/\/www.diarioimagen.net\/index.php?rest_route=%2Fwp%2Fv2%2Fcomments&post=597999"}],"version-history":[{"count":0,"href":"https:\/\/www.diarioimagen.net\/index.php?rest_route=\/wp\/v2\/posts\/597999\/revisions"}],"wp:attachment":[{"href":"https:\/\/www.diarioimagen.net\/index.php?rest_route=%2Fwp%2Fv2%2Fmedia&parent=597999"}],"wp:term":[{"taxonomy":"category","embeddable":true,"href":"https:\/\/www.diarioimagen.net\/index.php?rest_route=%2Fwp%2Fv2%2Fcategories&post=597999"},{"taxonomy":"post_tag","embeddable":true,"href":"https:\/\/www.diarioimagen.net\/index.php?rest_route=%2Fwp%2Fv2%2Ftags&post=597999"}],"curies":[{"name":"wp","href":"https:\/\/api.w.org\/{rel}","templated":true}]}}