{"id":598011,"date":"2023-10-09T00:03:11","date_gmt":"2023-10-09T06:03:11","guid":{"rendered":"https:\/\/www.diarioimagen.net\/?p=598011"},"modified":"2023-10-08T23:20:50","modified_gmt":"2023-10-09T05:20:50","slug":"pena-puso-a-alito-cual-democracia","status":"publish","type":"post","link":"https:\/\/www.diarioimagen.net\/?p=598011","title":{"rendered":"Pe\u00f1a puso a \u201cAlito\u201d, \u00bfcu\u00e1l democracia?"},"content":{"rendered":"<h2>Espacio Electoral<\/h2>\n<h5>Eleazar Flores<\/h5>\n<p>&nbsp;<\/p>\n<p><strong>LO QUE \u201cALITO\u201d ENTERR\u00d3-.<\/strong> Presumido como casi todos los pol\u00edticos, Rafael Alejandro Moreno C\u00e1rdenas, abusando de la corta memoria de los mexicanos, incluyendo a los priistas, presume haber llegado a la presidencia del Comit\u00e9 Ejecutivo Nacional del PRI por la v\u00eda democr\u00e1tica.<\/p>\n<p>Olvida \u201cAlito\u201d que en esos tiempos del ritual tricolor, para llegar a un cargo estatal y sobre todo nacional, como es el caso, se requer\u00eda del VISTO BUENO PRESIDENCIAL, cuyos compromisos se firmaban en hielo para evitar huellas, as\u00ed que Rafael Alejandro perder\u00e1 tiempo si exige pruebas de lo aqu\u00ed escrito.<\/p>\n<p>Si me exige, le dir\u00e9 que incluso para llegar a la gubernatura de su natal Campeche, Alejandro Moreno antes que nada, tuvo el visto bueno del presidente Enrique Pe\u00f1a Nieto, sin desconocer por esta afirmaci\u00f3n que \u201cAlito\u201d no haya tenido sus m\u00e9ritos partidistas, pues habr\u00e1 que reconocerle su larga carrera partidista desde la dirigencia juvenil, primero de la CNOP y despu\u00e9s a\u00a0 nivel nacional del Frente Juvenil Revolucionario.<\/p>\n<p>Conocidas por todos \u2014sobre todo los medios de comunicaci\u00f3n\u2014, las reglas del \u201cTAPADISMO\u201d, pr\u00e1ctica impecable para conocer a los prospectos tricolores a cargos de elecci\u00f3n de importancia, Alejandro Moreno tuvo el visto bueno presidencial para lograr la gubernatura, pero sobre todo la dirigencia nacional del PRI, procedimiento que para disfrazarlo de dem\u00f3crata lo avala el casi invisible pero sobre todo operativo, para cuando se necesita, el CONSEJO POL\u00cdTICO NACIONAL.<\/p>\n<p>En menor influencia, \u201cAlito\u201d tuvo el visto bueno \u2014v\u00eda CEN del PRI\u2014 para alcanzar una diputaci\u00f3n federal y una senadur\u00eda. Para los cargos locales el dedazo fue menor.<\/p>\n<p>Ya sin el peso del DEDAZO PRESIDENCIAL, \u201cAlito\u201d empez\u00f3 a hacer y deshacer en el CEN del PRI,\u00a0 hasta 2024, su periodo de gesti\u00f3n, lo que le permitir\u00e1 PALOMEAR, en muy buena parte, a los aspirantes a gubernaturas, senadur\u00edas y diputaciones federales.<\/p>\n<p>Esto porque se supone que cuando menos tendr\u00e1 la CORTES\u00cdA de preguntar a destacados cuadros tricolores del pasado reciente en cada entidad por algunos prospectos a dichos cargos.<\/p>\n<p>Todo lo anterior ser\u00e1 menos laborioso para Alejandro Moreno, pues para eso EXPULS\u00d3 del tricolor a destacados cuadros que pudieran impedirle hacer su voluntad, como los casos de Miguel Osorio Chong, Claudia Riz Massieu y muchos m\u00e1s de presencia nacional en el pasado reciente.<\/p>\n<p>Fuera de \u201cAlito\u201d, por su presencia medi\u00e1tica a la que, para bien o para mal del \u201cINTERFECTO\u201d, ha ayudado la ex gobernadora Layda Sansores sac\u00e1ndole algunos trapitos al sol, no disminuye.<\/p>\n<p>Por lo anterior, pero m\u00e1s porque \u201cAlito\u201d es un exitoso empresario de medios por el sur, se extra\u00f1a su NARCISISMO POL\u00cdTICO o \u00bfser\u00e1 por eso?<\/p>\n<p><em><a href=\"mailto:elefa44@gmail.com\" target=\"_blank\" rel=\"noopener noreferrer\">elefa44@gmail.com<\/a><\/em><\/p>\n","protected":false},"excerpt":{"rendered":"<p><span style=\"color: #005497;\"><strong>Eleazar Flores<\/strong><\/span><\/p>\n","protected":false},"author":3,"featured_media":0,"comment_status":"open","ping_status":"open","sticky":false,"template":"","format":"standard","meta":{"_monsterinsights_skip_tracking":false,"_monsterinsights_sitenote_active":false,"_monsterinsights_sitenote_note":"","_monsterinsights_sitenote_category":0,"footnotes":""},"categories":[81743],"tags":[81744,81776,43674],"class_list":["post-598011","post","type-post","status-publish","format-standard","hentry","category-eleazar-flores","tag-eleazar-flores","tag-espacio-electoral","tag-opinion"],"_links":{"self":[{"href":"https:\/\/www.diarioimagen.net\/index.php?rest_route=\/wp\/v2\/posts\/598011","targetHints":{"allow":["GET"]}}],"collection":[{"href":"https:\/\/www.diarioimagen.net\/index.php?rest_route=\/wp\/v2\/posts"}],"about":[{"href":"https:\/\/www.diarioimagen.net\/index.php?rest_route=\/wp\/v2\/types\/post"}],"author":[{"embeddable":true,"href":"https:\/\/www.diarioimagen.net\/index.php?rest_route=\/wp\/v2\/users\/3"}],"replies":[{"embeddable":true,"href":"https:\/\/www.diarioimagen.net\/index.php?rest_route=%2Fwp%2Fv2%2Fcomments&post=598011"}],"version-history":[{"count":0,"href":"https:\/\/www.diarioimagen.net\/index.php?rest_route=\/wp\/v2\/posts\/598011\/revisions"}],"wp:attachment":[{"href":"https:\/\/www.diarioimagen.net\/index.php?rest_route=%2Fwp%2Fv2%2Fmedia&parent=598011"}],"wp:term":[{"taxonomy":"category","embeddable":true,"href":"https:\/\/www.diarioimagen.net\/index.php?rest_route=%2Fwp%2Fv2%2Fcategories&post=598011"},{"taxonomy":"post_tag","embeddable":true,"href":"https:\/\/www.diarioimagen.net\/index.php?rest_route=%2Fwp%2Fv2%2Ftags&post=598011"}],"curies":[{"name":"wp","href":"https:\/\/api.w.org\/{rel}","templated":true}]}}