{"id":598054,"date":"2023-10-10T00:02:15","date_gmt":"2023-10-10T06:02:15","guid":{"rendered":"https:\/\/www.diarioimagen.net\/?p=598054"},"modified":"2023-10-11T01:04:17","modified_gmt":"2023-10-11T07:04:17","slug":"envia-el-ejercito-dos-aviones-a-israel-para-rescatar-a-mexicanos","status":"publish","type":"post","link":"https:\/\/www.diarioimagen.net\/?p=598054","title":{"rendered":"Env\u00eda el Ej\u00e9rcito dos aviones a Israel para rescatar a mexicanos"},"content":{"rendered":"<p><strong>\u00a0<\/strong><\/p>\n<h3 style=\"text-align: center;\">M\u00e1s de 300 esperan ser repatriados<\/h3>\n<p>&nbsp;<\/p>\n<ul>\n<li><strong><em>Salieron de la Base A\u00e9rea 1 de Santa Luc\u00eda con ayuda humanitaria<\/em><\/strong><\/li>\n<\/ul>\n<p>&nbsp;<\/p>\n<div id=\"attachment_598137\" style=\"width: 470px\" class=\"wp-caption aligncenter\"><a href=\"https:\/\/www.diarioimagen.net\/?attachment_id=598137\" rel=\"attachment wp-att-598137\"><img loading=\"lazy\" decoding=\"async\" aria-describedby=\"caption-attachment-598137\" class=\"size-full wp-image-598137\" src=\"https:\/\/www.diarioimagen.net\/wp-content\/uploads\/2023\/10\/MexicoIsrael.jpg\" alt=\"\" width=\"460\" height=\"270\" \/><\/a><p id=\"caption-attachment-598137\" class=\"wp-caption-text\">El presidente Andr\u00e9s Manuel L\u00f3pez Obrador afirm\u00f3 que hay alrededor de 300 mexicanos que quieren salir de Israel y por ello se enviar\u00e1n dos aeronaves militares para repatriarlos.<\/p><\/div>\n<p>&nbsp;<\/p>\n<p>Ante el agravamiento del conflicto palestino-israel\u00ed, el Ej\u00e9rcito y la Fuerza A\u00e9rea mexicanos enviaron dos aviones con ayuda humanitaria a Israel para el retorno de cientos de personas mexicanas que se encuentran en ese pa\u00eds. Los vuelos de los Boeing 737-800, de la FAM, salieron de la Base A\u00e9rea 1 de Santa Luc\u00eda, Estado de M\u00e9xico.<\/p>\n<p>La delegaci\u00f3n mexicana es encabezada por Adriana Soto, titular de la direcci\u00f3n general de protecci\u00f3n consular de la Secretar\u00eda de Relaciones Exteriores (SRE).<\/p>\n<p>La Sedena inform\u00f3 que se espera repatriar a m\u00e1s de 300 connacionales, entre ellos a siete atletas, cuatro de ellas pertenecientes al Ej\u00e9rcito Mexicano<\/p>\n<p>La ruta a seguir ser\u00e1 hacer una primera escala en Gander, Canad\u00e1; de ah\u00ed al aeropuerto de Lander, Irlanda; Anatolia, Turqu\u00eda y finalmente Tel-Aviv, Israel.<\/p>\n<p>La Secretar\u00eda de la Defensa Nacional (Sedena) inform\u00f3 que el vuelo llevar\u00e1 tambi\u00e9n ayuda humanitaria para auxiliar a la poblaci\u00f3n civil afectada por estos enfrentamientos.<\/p>\n<p>La SRE indic\u00f3 que el gobierno de M\u00e9xico ha dado puntual seguimiento a los acontecimientos recientes en Israel y Palestina y conden\u00f3 \u201cinequ\u00edvocamente los inconducentes ataques ocurridos en contra del pueblo de Israel el pasado 7 de octubre por parte de Hamas y otras organizaciones palestinas en Gaza\u201d.<\/p>\n<p style=\"text-align: center;\"><strong>Hay tres mexicanos desaparecidos en Israel, confirma AMLO<\/strong><\/p>\n<p>Por su parte, el presidente Andr\u00e9s Manuel L\u00f3pez Obrador inform\u00f3 este lunes que hay tres mexicanos desaparecidos en Israel, donde se registran enfrentamientos entre el grupo Hamas y las tropas israel\u00edes.<\/p>\n<p>\u201cHay reportes de tres connacionales desaparecidos, se est\u00e1 haciendo la b\u00fasqueda\u201d, revel\u00f3 L\u00f3pez Obrador en su ma\u00f1anera desde Palacio Nacional.<\/p>\n<p>Durante la ma\u00f1anera, L\u00f3pez Obrador afirm\u00f3 que hay alrededor de 300 mexicanos que quieren salir de la zona en conflicto y por ello se enviar\u00e1n dos aeronaves de la Fuerza A\u00e9rea Mexicana para repatriarlos.<\/p>\n<p>\u201cPara los mexicanos que se encuentran en Israel, este lunes sale un avi\u00f3n para traer a los que quieran venir a M\u00e9xico, est\u00e1n trabajando los embajadores de Palestina e Israel, hay apuntados alrededor de 300 mexicanos que quieren salir\u201d, asegur\u00f3 ayer en su conferencia.<\/p>\n<p>\u201cLa mayor\u00eda de los mexicanos (estaban ah\u00ed) por motivos fundamentalmente tur\u00edsticos, religiosos, se decidi\u00f3 mandar un avi\u00f3n hoy (lunes) mismo en la tarde y se va a mandar otro por la tarde para la protecci\u00f3n de todos nuestros connacionales\u201d.<\/p>\n<p>El mandatario federal indic\u00f3 que en Israel hay \u201calrededor de 5 mil mexicanos\u201d. Sobre la postura del gobierno mexicano ante el conflicto, L\u00f3pez Obrador dijo que est\u00e1n a favor de la paz y que no quieren la guerra.<\/p>\n<p>\u201cYa se defini\u00f3 nuestra postura, nosotros estamos a favor de la paz, no consideramos que deba utilizarse la violencia, es muy claro nuestro mandato de la Constituci\u00f3n, no intervenci\u00f3n, cooperaci\u00f3n para el desarrollo, soluci\u00f3n pac\u00edfica de las controversias, esa es nuestra postura, no queremos la guerra, no queremos la confrontaci\u00f3n, es lo m\u00e1s irracional que puede existir, la confrontaci\u00f3n y la guerra, que genera mucho sufrimiento\u201d, lament\u00f3. El Jefe del Ejecutivo federal urgi\u00f3 a la Organizaci\u00f3n de las Naciones Unidas (ONU) a aplicarse a fondo en el tema y se quej\u00f3 de que no apuestan por la paz.<\/p>\n<p>\u201cLamentamos mucho lo que est\u00e1 pasando por este enfrentamiento de palestinos, israelitas (sic), Naciones Unidas debe aplicarse a fondo, no s\u00f3lo el Consejo de Seguridad de Naciones Unidas, estamos viendo que no apuestan por la b\u00fasqueda de paz, siempre bloquean las iniciativas en ese sentido, yo pienso que deben convocar a una asamblea con todos los pa\u00edses miembros para condenar\u201d, agreg\u00f3.<\/p>\n","protected":false},"excerpt":{"rendered":"<p>Ante el agravamiento del conflicto palestino-israel\u00ed, el Ej\u00e9rcito y la Fuerza A\u00e9rea mexicanos enviaron dos aviones con ayuda humanitaria a Israel para el retorno de cientos de personas mexicanas que se encuentran en ese pa\u00eds.<\/p>\n","protected":false},"author":3,"featured_media":598137,"comment_status":"open","ping_status":"open","sticky":false,"template":"","format":"standard","meta":{"_monsterinsights_skip_tracking":false,"_monsterinsights_sitenote_active":false,"_monsterinsights_sitenote_note":"","_monsterinsights_sitenote_category":0,"footnotes":""},"categories":[17,3],"tags":[4797,1193,728],"class_list":["post-598054","post","type-post","status-publish","format-standard","has-post-thumbnail","hentry","category-especiales","category-nacional","tag-avion","tag-israel","tag-rescate"],"_links":{"self":[{"href":"https:\/\/www.diarioimagen.net\/index.php?rest_route=\/wp\/v2\/posts\/598054","targetHints":{"allow":["GET"]}}],"collection":[{"href":"https:\/\/www.diarioimagen.net\/index.php?rest_route=\/wp\/v2\/posts"}],"about":[{"href":"https:\/\/www.diarioimagen.net\/index.php?rest_route=\/wp\/v2\/types\/post"}],"author":[{"embeddable":true,"href":"https:\/\/www.diarioimagen.net\/index.php?rest_route=\/wp\/v2\/users\/3"}],"replies":[{"embeddable":true,"href":"https:\/\/www.diarioimagen.net\/index.php?rest_route=%2Fwp%2Fv2%2Fcomments&post=598054"}],"version-history":[{"count":0,"href":"https:\/\/www.diarioimagen.net\/index.php?rest_route=\/wp\/v2\/posts\/598054\/revisions"}],"wp:featuredmedia":[{"embeddable":true,"href":"https:\/\/www.diarioimagen.net\/index.php?rest_route=\/wp\/v2\/media\/598137"}],"wp:attachment":[{"href":"https:\/\/www.diarioimagen.net\/index.php?rest_route=%2Fwp%2Fv2%2Fmedia&parent=598054"}],"wp:term":[{"taxonomy":"category","embeddable":true,"href":"https:\/\/www.diarioimagen.net\/index.php?rest_route=%2Fwp%2Fv2%2Fcategories&post=598054"},{"taxonomy":"post_tag","embeddable":true,"href":"https:\/\/www.diarioimagen.net\/index.php?rest_route=%2Fwp%2Fv2%2Ftags&post=598054"}],"curies":[{"name":"wp","href":"https:\/\/api.w.org\/{rel}","templated":true}]}}