{"id":598062,"date":"2023-10-10T00:02:15","date_gmt":"2023-10-10T06:02:15","guid":{"rendered":"https:\/\/www.diarioimagen.net\/?p=598062"},"modified":"2023-10-10T01:40:00","modified_gmt":"2023-10-10T07:40:00","slug":"queremos-un-pais-libre-de-violencia-demandan-cientos-de-naucalpenses","status":"publish","type":"post","link":"https:\/\/www.diarioimagen.net\/?p=598062","title":{"rendered":"Queremos un pa\u00eds libre de violencia, demandan cientos de naucalpenses"},"content":{"rendered":"<p>&nbsp;<\/p>\n<ul>\n<li><em><strong>Llamado de la asociaci\u00f3n civil \u201cLuz para M\u00e9xico\u201d<\/strong><\/em><\/li>\n<\/ul>\n<p>&nbsp;<\/p>\n<div id=\"attachment_598150\" style=\"width: 470px\" class=\"wp-caption aligncenter\"><a href=\"https:\/\/www.diarioimagen.net\/?attachment_id=598150\" rel=\"attachment wp-att-598150\"><img loading=\"lazy\" decoding=\"async\" aria-describedby=\"caption-attachment-598150\" class=\"size-full wp-image-598150\" src=\"https:\/\/www.diarioimagen.net\/wp-content\/uploads\/2023\/10\/queremos-un-pais.jpg\" alt=\"\" width=\"460\" height=\"270\" \/><\/a><p id=\"caption-attachment-598150\" class=\"wp-caption-text\">Cientos de naucalpenses se dieron cita en la explanada del Palacio Municipal ante el llamado de la asociaci\u00f3n civil\u00a0\u201cLuz para M\u00e9xico\u201d, que busca concientizar sobre temas de seguridad.<\/p><\/div>\n<p>&nbsp;<\/p>\n<p><strong>Naucalpan, Estado de M\u00e9xico.\u2014<\/strong> Queremos y necesitamos un M\u00e9xico libre de violencia, queremos un nuevo M\u00e9xico, en donde se pueda transitar sin miedo, lo necesitamos todos y lo necesitan nuestras familias.<\/p>\n<p>As\u00ed fue el mensaje que se escuch\u00f3 de miles de naucalpenses que se dieron cita en la explanada del Palacio Municipal ante el llamado de la asociaci\u00f3n civil \u201cLuz para M\u00e9xico\u201d, que busca concientizar al pueblo de M\u00e9xico sobre temas de seguridad, y Naucalpan no fue la excepci\u00f3n.<\/p>\n<p>Al filo de las 19:00 horas, los asistentes con vela en mano escucharon con atenci\u00f3n\u00a0 el mensaje de los j\u00f3venes, Dariana Jacob y Daniel del Castillo, quienes coincidieron en un s\u00f3lo llamado: \u201cpaz y tranquilidad para todo el pueblo de M\u00e9xico\u201d.<\/p>\n<p>Las estad\u00edsticas criminales ubican a nuestro pa\u00eds como uno de los m\u00e1s violentos en los \u00faltimos tiempos, es por ello qu\u00e9 en diversos sitios de la Rep\u00fablica Mexicana, acudieron al llamado de la asociaci\u00f3n \u201cLuz para M\u00e9xico\u201d para exigir mayor seguridad y acciones concretas para erradicar este flagelo.<\/p>\n<p>En explanada, calles y avenidas de la mayor\u00eda de los estados de la Rep\u00fablica, la ciudadan\u00eda exigi\u00f3 al gobierno federal cambiar de estrategia en materia de seguridad, pues la actual no ha servido para nada.<\/p>\n<p>\u201cHoy los pa\u00edses que est\u00e1n en guerra, tienen menos muertes que en M\u00e9xico, aunque parezca incre\u00edble, as\u00ed es\u201d, coincidieron.<\/p>\n","protected":false},"excerpt":{"rendered":"<p>Queremos y necesitamos un M\u00e9xico libre de violencia, queremos un nuevo M\u00e9xico, en donde se pueda transitar sin miedo, lo necesitamos todos y lo necesitan nuestras familias.<\/p>\n","protected":false},"author":3,"featured_media":598150,"comment_status":"open","ping_status":"open","sticky":false,"template":"","format":"standard","meta":{"_monsterinsights_skip_tracking":false,"_monsterinsights_sitenote_active":false,"_monsterinsights_sitenote_note":"","_monsterinsights_sitenote_category":0,"footnotes":""},"categories":[5],"tags":[43675,970,5066],"class_list":["post-598062","post","type-post","status-publish","format-standard","has-post-thumbnail","hentry","category-estado-de-mexico","tag-estado-de-mexico","tag-naucalpan","tag-violencia"],"_links":{"self":[{"href":"https:\/\/www.diarioimagen.net\/index.php?rest_route=\/wp\/v2\/posts\/598062","targetHints":{"allow":["GET"]}}],"collection":[{"href":"https:\/\/www.diarioimagen.net\/index.php?rest_route=\/wp\/v2\/posts"}],"about":[{"href":"https:\/\/www.diarioimagen.net\/index.php?rest_route=\/wp\/v2\/types\/post"}],"author":[{"embeddable":true,"href":"https:\/\/www.diarioimagen.net\/index.php?rest_route=\/wp\/v2\/users\/3"}],"replies":[{"embeddable":true,"href":"https:\/\/www.diarioimagen.net\/index.php?rest_route=%2Fwp%2Fv2%2Fcomments&post=598062"}],"version-history":[{"count":0,"href":"https:\/\/www.diarioimagen.net\/index.php?rest_route=\/wp\/v2\/posts\/598062\/revisions"}],"wp:featuredmedia":[{"embeddable":true,"href":"https:\/\/www.diarioimagen.net\/index.php?rest_route=\/wp\/v2\/media\/598150"}],"wp:attachment":[{"href":"https:\/\/www.diarioimagen.net\/index.php?rest_route=%2Fwp%2Fv2%2Fmedia&parent=598062"}],"wp:term":[{"taxonomy":"category","embeddable":true,"href":"https:\/\/www.diarioimagen.net\/index.php?rest_route=%2Fwp%2Fv2%2Fcategories&post=598062"},{"taxonomy":"post_tag","embeddable":true,"href":"https:\/\/www.diarioimagen.net\/index.php?rest_route=%2Fwp%2Fv2%2Ftags&post=598062"}],"curies":[{"name":"wp","href":"https:\/\/api.w.org\/{rel}","templated":true}]}}