{"id":598068,"date":"2023-10-10T00:00:52","date_gmt":"2023-10-10T06:00:52","guid":{"rendered":"https:\/\/www.diarioimagen.net\/?p=598068"},"modified":"2023-10-10T22:58:19","modified_gmt":"2023-10-11T04:58:19","slug":"ana-paty-peralta-madruga","status":"publish","type":"post","link":"https:\/\/www.diarioimagen.net\/?p=598068","title":{"rendered":"\u00a1Ana Paty Peralta madruga..!"},"content":{"rendered":"<h2>Derecho de r\u00e9plica<\/h2>\n<h5>Jos\u00e9 Luis Monta\u00f1ez<\/h5>\n<p>&nbsp;<\/p>\n<ul>\n<li><strong><em>Aparece en redes sociales propaganda a favor de la alcaldesa suplente de Canc\u00fan para la contienda por la presidencia de Benito Ju\u00e1rez en 2024<\/em><\/strong><\/li>\n<\/ul>\n<p>&nbsp;<\/p>\n<div id=\"attachment_598121\" style=\"width: 450px\" class=\"wp-caption aligncenter\"><a href=\"https:\/\/www.diarioimagen.net\/?attachment_id=598121\" rel=\"attachment wp-att-598121\"><img loading=\"lazy\" decoding=\"async\" aria-describedby=\"caption-attachment-598121\" class=\"wp-image-598121\" src=\"https:\/\/www.diarioimagen.net\/wp-content\/uploads\/2023\/10\/Derecho-4.jpg\" alt=\"\" width=\"440\" height=\"437\" \/><\/a><p id=\"caption-attachment-598121\" class=\"wp-caption-text\">Aparece en redes sociales propaganda en favor de Ana Paty Peralta para la alcald\u00eda de Benito Ju\u00e1rez en 2024.<\/p><\/div>\n<p>&nbsp;<\/p>\n<p>El pasado fin de semana, las redes sociales fueron inundadas con propaganda publicitaria de Ana Paty Peralta para la alcald\u00eda de Benito Ju\u00e1rez.<\/p>\n<p>Actualmente, la morenista cumple un interinato en la presidencia municipal de Benito Ju\u00e1rez, cubriendo el periodo de Mara Lezama, que solicit\u00f3 licencia al cargo para ocupar la gubernatura quintanarroense.<\/p>\n<p>No se sabe, bien a bien, si fue una orden de Ana Paty Peralta o bien por cuenta propia de sus seguidores y simpatizantes, que se desplegara una foto de nuestro personaje acompa\u00f1ando al presidente L\u00f3pez Obrador y a la gobernadora Mara Lezama y con una leyenda en la parte superior que dice: Ana Paty Peralta para la alcald\u00eda de Benito Ju\u00e1rez.<\/p>\n<p>El pr\u00f3ximo a\u00f1o, junto con la elecci\u00f3n presidencial, se habr\u00e1n de elegir nueve gubernaturas y tambi\u00e9n senadores, diputados federales y cientos de presidencias municipales a lo largo y ancho del pa\u00eds.<\/p>\n<p>En Quintana Roo, se habr\u00e1n de votar once titulares para igual n\u00famero de alcald\u00edas.<\/p>\n<p>Hay que tener cuidado con el uso de recursos p\u00fablicos por parte del oficialismo o Morena terminar\u00e1 haciendo lo que tanto criticaba de los reg\u00edmenes priistas y panistas, en su momento.<\/p>\n<p>Por lo pronto, en algunas encuestas que se han hecho circular, al parecer de manera casual, dan a Ana Paty Peralta la delantera con m\u00e1s de dos d\u00edgitos por encima de la senadora\u00a0 Marybel Villegas, quien buscar\u00e1 por tercera ocasi\u00f3n la presidencia municipal de Benito Ju\u00e1rez.<\/p>\n<p style=\"text-align: center;\"><strong>Quintana Roo reduce trabajo infantil en el \u00faltimo a\u00f1o<\/strong><\/p>\n<p>Seg\u00fan la informaci\u00f3n revelada por el Instituto Nacional de Estad\u00edstica y Geograf\u00eda (Inegi), Quintana Roo es la cuarta entidad con el porcentaje m\u00e1s bajo de trabajo infantil, lo anterior, afirman, es gracias a las pol\u00edticas p\u00fablicas y acciones de organizaciones civiles, con las que se ha logrado disminuir el n\u00famero de menores que se ven obligados a laborar en lugar de estar estudiando.<\/p>\n<p>Las estad\u00edsticas del instituto refieren que durante 2022 s\u00f3lo 6.9% de los menores de 5 a 17 a\u00f1os en Quintana Roo, estaban obligados a emplearse para contribuir con la econom\u00eda familiar, mientras que en 2019 el porcentaje era de 10.2% de este grupo de la poblaci\u00f3n, es decir que la brecha se ha reducido considerablemente.<\/p>\n<p>Cabe destacar que las cifras a nivel nacional revelan que el promedio es de 13.1%, menores de edad obligados a trabajar y, bajo el anterior contexto, los estados de Guerrero y Chiapas son los que cuentan con las cifras m\u00e1s altas con 24.5 y 20.8%, respectivamente.<\/p>\n<p>En este sentido, tambi\u00e9n indicaron que el 70 por ciento de los ni\u00f1os que se encuentran en esta situaci\u00f3n en el sureste mexicano no son nativos, es decir no son propiamente quintanarroenses, sino que llegaron junto con sus padres desde otras entidades como Oaxaca, Tabasco, Chiapas y Guerrero, asimismo, como migrantes provenientes de algunos pa\u00edses de Centroam\u00e9rica, como Belice, Honduras y otros.<\/p>\n<p>Del total de menores en condiciones de trabajo infantil, por lo menos el 30 por ciento, se desempe\u00f1a dentro del sector agropecuario, otro 12% labora en la industria manufacturera; el 7.2% en el sector de la construcci\u00f3n y 23.5% en actividades de servicios, mientras que el resto de los menores piden limosna en las calles, ya sea a cambio de limpiar parabrisas o algunas otras actividades.<\/p>\n<p>Entre otros factores, destacaron que por lo menos el 30 por ciento de los ni\u00f1os de Quintana Roo trabajan porque necesitan aportar econ\u00f3micamente a su hogar, asimismo, otro 20 por ciento lo hacen para costear los gastos de su escuela y un grupo similar se emplea para aprender un oficio o para obtener recursos extras para sus gastos propios. El resto de los menores lo hacen obligados por sus padres o tutores.<\/p>\n<p>Los institutos que brindan atenci\u00f3n a los infantes locales refieren que entre 2020 y 2022 se rescataron a m\u00e1s de 189 ni\u00f1os que eran explotados laboralmente, la mayor\u00eda de ellos en las calles de Canc\u00fan y Playa del Carmen.<\/p>\n<p>Y concluyeron que de la Pen\u00ednsula de Yucat\u00e1n, Quintana Roo es el \u00fanico estado donde se redujo el trabajo infantil, y es que, en Yucat\u00e1n, por ejemplo, la cifra subi\u00f3 3.1 puntos porcentuales y en Campeche 1.5 puntos, durante el periodo de referencia antes mencionado.<\/p>\n<p style=\"text-align: center;\"><strong>Falsas ofertas de trabajo al alza <\/strong><\/p>\n<p>Desde la Confederaci\u00f3n Revolucionaria de Obreros y Campesinos (CROC), se manifest\u00f3 que las denuncias por fraudes en ofertas de empleo se han disparado considerablemente en Quintana Roo desde que fue declarada la contingencia sanitaria por Covid-19 en 2020 y es que los delincuentes abusan de la necesidad de las personas por conseguir una fuente de ingresos y los estafan pidi\u00e9ndoles hasta 15 mil pesos, por una plaza, que al final es inexistente.<\/p>\n<p>El secretario general de la CROC, Mario Machuca S\u00e1nchez, declar\u00f3 que antes de 2020 s\u00f3lo registraban dos casos de manera mensual; no obstante, desde 2020 han venido aumentado hasta recibir m\u00e1s de 15 reportes semanalmente, lo que significa un crecimiento alarmante.<\/p>\n<p>Explic\u00f3 que la mayor\u00eda son ofertas de empleo que se ofrecen a trav\u00e9s de WhatsApp o redes sociales. \u201cLes prometen trabajos con ingresos no tan altos, de entre mil 500 a 3 mil pesos semanales para no hacerlos tan sospechosos. Pero al final se trata de estafas piramidales o, peor a\u00fan, son trampas para extraer los datos personales de los aspirantes\u201d, dijo.<\/p>\n<p>Y los casos est\u00e1n creciendo gradualmente. \u201cAnteriormente ofrec\u00edan sueldos muy altos, por lo que la gente aprendi\u00f3 a identificarlas como estafa. Pero ahora ofertan ingresos peque\u00f1os, como actividades extra, lo que permite que la v\u00edctima las considere seriamente, pues no necesitan arriesgarse a perder su empleo: pueden intentarlo como una manera de obtener un poco m\u00e1s de dinero y es entonces cuando caen\u201d, a\u00f1adi\u00f3.<\/p>\n<p>En este sentido, la Guardia Nacional y la Polic\u00eda Cibern\u00e9tica han recibido las denuncias sobre estos hechos y destacaron que ya comenzaron a desmantelar a las organizaciones que han podido detectar y es que la mayor\u00eda son operadas por grupos criminales desde la Ciudad de M\u00e9xico, donde est\u00e1n registrados los n\u00fameros, desde donde hacen las estafas.<\/p>\n<p>A trav\u00e9s de las aplicaciones enga\u00f1an a los usuarios prometi\u00e9ndoles jugosos salarios a trav\u00e9s de compensaciones o ventas, no obstante, una vez que han logrado sacarles dinero, descubren que se trata de una estafa piramidal en la cual deben de pagar una membres\u00eda para poder trabajar y al final las ganancias son raqu\u00edticas o inexistentes.<\/p>\n<p>Seg\u00fan informaci\u00f3n de las autoridades, en este caso las v\u00edctimas han perdido hasta 15 mil pesos, pues apuestan todo su dinero con la esperanza de escalar en la empresa y obtener buenas ganancias, no obstante, desde el primer mes de actividades, estas organizaciones desaparecen con el dinero de todos los involucrados.<\/p>\n<p><em>Escr\u00edbame a mi mail: <a href=\"mailto:montanezaguilar@gmail.com\" target=\"_blank\" rel=\"noopener noreferrer\">montanezaguilar@gmail.com<\/a><\/em><\/p>\n","protected":false},"excerpt":{"rendered":"<p><span style=\"color: #005497;\"><strong>Jos\u00e9 Luis Monta\u00f1ez<\/strong><\/span><br \/>\n<br \/>\nEl pasado fin de semana, las redes sociales fueron inundadas con propaganda publicitaria de Ana Paty Peralta para la alcald\u00eda de Benito Ju\u00e1rez.<\/p>\n","protected":false},"author":3,"featured_media":598122,"comment_status":"open","ping_status":"open","sticky":false,"template":"","format":"standard","meta":{"_monsterinsights_skip_tracking":false,"_monsterinsights_sitenote_active":false,"_monsterinsights_sitenote_note":"","_monsterinsights_sitenote_category":0,"footnotes":""},"categories":[11622,25512],"tags":[47840,54579,43674],"class_list":["post-598068","post","type-post","status-publish","format-standard","has-post-thumbnail","hentry","category-jose-luis-montanez-aguilar","category-nacional-nacional","tag-derecho-de-replica","tag-jose-luis-montanez","tag-opinion"],"_links":{"self":[{"href":"https:\/\/www.diarioimagen.net\/index.php?rest_route=\/wp\/v2\/posts\/598068","targetHints":{"allow":["GET"]}}],"collection":[{"href":"https:\/\/www.diarioimagen.net\/index.php?rest_route=\/wp\/v2\/posts"}],"about":[{"href":"https:\/\/www.diarioimagen.net\/index.php?rest_route=\/wp\/v2\/types\/post"}],"author":[{"embeddable":true,"href":"https:\/\/www.diarioimagen.net\/index.php?rest_route=\/wp\/v2\/users\/3"}],"replies":[{"embeddable":true,"href":"https:\/\/www.diarioimagen.net\/index.php?rest_route=%2Fwp%2Fv2%2Fcomments&post=598068"}],"version-history":[{"count":0,"href":"https:\/\/www.diarioimagen.net\/index.php?rest_route=\/wp\/v2\/posts\/598068\/revisions"}],"wp:featuredmedia":[{"embeddable":true,"href":"https:\/\/www.diarioimagen.net\/index.php?rest_route=\/wp\/v2\/media\/598122"}],"wp:attachment":[{"href":"https:\/\/www.diarioimagen.net\/index.php?rest_route=%2Fwp%2Fv2%2Fmedia&parent=598068"}],"wp:term":[{"taxonomy":"category","embeddable":true,"href":"https:\/\/www.diarioimagen.net\/index.php?rest_route=%2Fwp%2Fv2%2Fcategories&post=598068"},{"taxonomy":"post_tag","embeddable":true,"href":"https:\/\/www.diarioimagen.net\/index.php?rest_route=%2Fwp%2Fv2%2Ftags&post=598068"}],"curies":[{"name":"wp","href":"https:\/\/api.w.org\/{rel}","templated":true}]}}