{"id":598075,"date":"2023-10-10T00:02:24","date_gmt":"2023-10-10T06:02:24","guid":{"rendered":"https:\/\/www.diarioimagen.net\/?p=598075"},"modified":"2023-10-10T01:42:51","modified_gmt":"2023-10-10T07:42:51","slug":"el-payaso-mauro-vive-el-funeral-sonado-en-la-historia-de-corteo","status":"publish","type":"post","link":"https:\/\/www.diarioimagen.net\/?p=598075","title":{"rendered":"El payaso Mauro vive el funeral so\u00f1ado en la historia de Corteo"},"content":{"rendered":"<p>&nbsp;<\/p>\n<h3 style=\"text-align: center;\">Maravillosa temporada del Cirque du Soleil<br \/>\nen el Palacio de los Deportes<\/h3>\n<p>&nbsp;<\/p>\n<ul>\n<li><strong><em>L\u00e1grimas de nostalgia y tambi\u00e9n de risa, asombro, melancol\u00eda y emoci\u00f3n, son los sentimientos que se apoderan del alma de los espectadores de este m\u00e1gico show<\/em><\/strong><\/li>\n<\/ul>\n<p>&nbsp;<\/p>\n<h5>Alexandra Arellano<\/h5>\n<p>&nbsp;<\/p>\n<div id=\"attachment_598152\" style=\"width: 470px\" class=\"wp-caption aligncenter\"><a href=\"https:\/\/www.diarioimagen.net\/?attachment_id=598152\" rel=\"attachment wp-att-598152\"><img loading=\"lazy\" decoding=\"async\" aria-describedby=\"caption-attachment-598152\" class=\"size-full wp-image-598152\" src=\"https:\/\/www.diarioimagen.net\/wp-content\/uploads\/2023\/10\/corteo-4.jpg\" alt=\"\" width=\"460\" height=\"270\" \/><\/a><p id=\"caption-attachment-598152\" class=\"wp-caption-text\">Gregorio es el hombre que enterneci\u00f3 los corazones de la ciudad de M\u00e9xico, y quien cumpli\u00f3 el sue\u00f1o de volar con globos, y gracias a un empujoncito de los espectadores.<\/p><\/div>\n<p>&nbsp;<\/p>\n<p>Cirque du Solei, el circo m\u00e1s popular a nivel mundial, y el que posee los mejores espect\u00e1culos, en donde su combinaci\u00f3n de las distintas disciplinas cautiva generaci\u00f3n tras generaci\u00f3n al ser espectadores de este m\u00e1gico show.<\/p>\n<p>En esta ocasi\u00f3n vuelve a apoderarse del Palacio de los Deportes, con un <em>show<\/em> denominado Corteo, el cual te brinda una experiencia visual y auditiva inigualable, un show que est\u00e1 perfectamente dise\u00f1ado y ejecutado de principio a fin.<\/p>\n<p>Simetr\u00eda es una de las palabras que se podr\u00eda decir que definen al espect\u00e1culo de la mejor manera, puesto que el Palacio de los Deportes fue atravesado en dos para brindar un perspectivas de los artistas montados en el escenario ovalado, el cual daba la ilusi\u00f3n de ser un cuadro observado por dos caras, las cuales son exactamente iguales en cada movimiento, deleitando al p\u00fablico de frente y atr\u00e1s con im\u00e1genes y n\u00fameros incre\u00edbles.<\/p>\n<p>Ilusi\u00f3n, fue otra de las caracter\u00edsticas que encuadr\u00f3 este nuevo show, no solo \u00b4por todos los eventos que se observaban dentro del imponente recuadro que se transform\u00f3 en cuarto de Mauro, el payaso que estaba viviendo su funeral so\u00f1ado, y que al paso que se desped\u00eda de la vida le inyectaba vida a todos los presentes con sus sue\u00f1os tan iluminados y m\u00e1gicos que presentaba cada n\u00famero de circenses, para posteriormente pasar a las calles de Italia, y\u00a0 finalmente hasta el cielo transformarse, pero la ilusi\u00f3n siempre estuvo ah\u00ed, presente en cada n\u00famero y en cada rostro de las familias que se reunieron ah\u00ed, de las personas que rieron, lloraron e incluso hicieron a un hombrecito volar.<\/p>\n<p>Y s\u00ed, efectivamente el p\u00fablico ayud\u00f3 a un hombre a volar por los cielos, pues unos de los n\u00fameros m\u00e1s aclamados fue ese, el de un peque\u00f1o hombre que sali\u00f3 al escenario con un pu\u00f1o de globos de helio amarrados a su espalda, el cual era sostenido por un hombre gigante, quien les explic\u00f3 al p\u00fablico que ten\u00edan que hacer llegar a Gregorio (el hombre peque\u00f1o) hasta Xochimilco y que cada que el aire intentara bajarlo alzaran los brazos para empujarlo nuevamente hasta el cielo, fue as\u00ed como Gregorio se convirti\u00f3 en uno de los personajes m\u00e1s amados, y aplaudidos de esta nueva temporada del Circo del Sol.<\/p>\n<p>Un espect\u00e1culo que desaf\u00eda las leyes de la ciencia, que con el arte inyecta un sentido de asombro y conmueve a cualquier persona que lo mira, pues el coraz\u00f3n que le inyecta cada artista en el escenario y debajo de \u00e9l es muy latente, la felicidad con la que ejecutan cada acto, la transmiten, y es tanto el amor que se congrega en el lugar que incluso hay una conexi\u00f3n con lo celestial, crean una escalera que nos conduce al cielo, y los \u00e1ngeles bajan a celebrar, literalmente, hay \u00e1ngeles volando en todo el lugar, para dar la bienvenida y otorgar sus alas al payaso que te gu\u00eda por toda la historia de Corteo, el payaso Mauro.<\/p>\n<p>As\u00ed que no te pierdas la oportunidad de alimentar tu imaginaci\u00f3n y echar a volar todos tus sentidos, en la nueva y breve temporada de Corteo en el Palacio de los Deportes.<\/p>\n<p>\u00ac\u00ac\u00ac<\/p>\n<blockquote><p><strong>\u201cCorteo\u201d se presentar\u00e1 hasta el 15 de octubre en el Palacio de los Deportes. Venta de boletos en Ticketmaster y taquillas del Palacio de los Deportes. Los boletos van desde $812 a $4,500<\/strong><\/p><\/blockquote>\n","protected":false},"excerpt":{"rendered":"<p>Cirque du Solei, el circo m\u00e1s popular a nivel mundial, y el que posee los mejores espect\u00e1culos, en donde su combinaci\u00f3n de las distintas disciplinas cautiva generaci\u00f3n tras generaci\u00f3n al ser espectadores de este m\u00e1gico show.<\/p>\n","protected":false},"author":3,"featured_media":598152,"comment_status":"open","ping_status":"open","sticky":false,"template":"","format":"standard","meta":{"_monsterinsights_skip_tracking":false,"_monsterinsights_sitenote_active":false,"_monsterinsights_sitenote_note":"","_monsterinsights_sitenote_category":0,"footnotes":""},"categories":[12],"tags":[98480,43682,70947],"class_list":["post-598075","post","type-post","status-publish","format-standard","has-post-thumbnail","hentry","category-espectaculos","tag-corteo","tag-espectaculos","tag-mauro"],"_links":{"self":[{"href":"https:\/\/www.diarioimagen.net\/index.php?rest_route=\/wp\/v2\/posts\/598075","targetHints":{"allow":["GET"]}}],"collection":[{"href":"https:\/\/www.diarioimagen.net\/index.php?rest_route=\/wp\/v2\/posts"}],"about":[{"href":"https:\/\/www.diarioimagen.net\/index.php?rest_route=\/wp\/v2\/types\/post"}],"author":[{"embeddable":true,"href":"https:\/\/www.diarioimagen.net\/index.php?rest_route=\/wp\/v2\/users\/3"}],"replies":[{"embeddable":true,"href":"https:\/\/www.diarioimagen.net\/index.php?rest_route=%2Fwp%2Fv2%2Fcomments&post=598075"}],"version-history":[{"count":0,"href":"https:\/\/www.diarioimagen.net\/index.php?rest_route=\/wp\/v2\/posts\/598075\/revisions"}],"wp:featuredmedia":[{"embeddable":true,"href":"https:\/\/www.diarioimagen.net\/index.php?rest_route=\/wp\/v2\/media\/598152"}],"wp:attachment":[{"href":"https:\/\/www.diarioimagen.net\/index.php?rest_route=%2Fwp%2Fv2%2Fmedia&parent=598075"}],"wp:term":[{"taxonomy":"category","embeddable":true,"href":"https:\/\/www.diarioimagen.net\/index.php?rest_route=%2Fwp%2Fv2%2Fcategories&post=598075"},{"taxonomy":"post_tag","embeddable":true,"href":"https:\/\/www.diarioimagen.net\/index.php?rest_route=%2Fwp%2Fv2%2Ftags&post=598075"}],"curies":[{"name":"wp","href":"https:\/\/api.w.org\/{rel}","templated":true}]}}