{"id":598193,"date":"2023-10-11T00:00:30","date_gmt":"2023-10-11T06:00:30","guid":{"rendered":"https:\/\/www.diarioimagen.net\/?p=598193"},"modified":"2023-10-11T01:06:00","modified_gmt":"2023-10-11T07:06:00","slug":"la-farmacogenomica-incrementa-el-exito-de-tratamientos","status":"publish","type":"post","link":"https:\/\/www.diarioimagen.net\/?p=598193","title":{"rendered":"La farmacogen\u00f3mica incrementa el \u00e9xito de tratamientos"},"content":{"rendered":"<h2>C\u00e1psulas de la salud<\/h2>\n<h5>Elsa Rodr\u00edguez Osorio<\/h5>\n<p>&nbsp;<\/p>\n<ul>\n<li><strong><em>En M\u00e9xico, 20 millones de personas sufren migra\u00f1a<\/em><\/strong><\/li>\n<\/ul>\n<p>&nbsp;<\/p>\n<p><a href=\"https:\/\/www.diarioimagen.net\/?attachment_id=598263\" rel=\"attachment wp-att-598263\"><img loading=\"lazy\" decoding=\"async\" class=\"aligncenter size-full wp-image-598263\" src=\"https:\/\/www.diarioimagen.net\/wp-content\/uploads\/2023\/10\/capsulas-4.jpg\" alt=\"\" width=\"460\" height=\"270\" \/><\/a><\/p>\n<p>&nbsp;<\/p>\n<p>La empresa mexicana Novagenic, pionera en farmacogen\u00f3mica, afirma que la depresi\u00f3n o trastorno depresivo mayor ata\u00f1e tanto a los m\u00e9dicos de primer contacto, los sistemas de educaci\u00f3n en todos los niveles y a la sociedad en general. En lo que va de este a\u00f1o, dicho padecimiento se ha diagnosticado en 112 mil 078 personas (73% son mujeres y 27% son hombres). De acuerdo con la OMS se estima que para el a\u00f1o 2030 ser\u00e1 la tercera causa de discapacidad; de ah\u00ed la importancia de recurrir a la farmacogen\u00f3mica que analiza la capacidad del organismo para responder a los tratamientos farmacol\u00f3gicos de este trastorno silencioso. La depresi\u00f3n se define como un trastorno mental caracterizado por una tristeza persistente y por la p\u00e9rdida de inter\u00e9s en las actividades con las que normalmente se disfruta, as\u00ed como por la incapacidad para ejecutar las actividades cotidianas, durante al menos dos semanas. \u201cA estos s\u00edntomas se suman otros como ideas de culpa, alteraciones del sue\u00f1o, ira, irritabilidad, aislamiento, hasta llegar a ideas de hacerse da\u00f1o a s\u00ed mismo, pensamientos suicidas llegando incluso a intentos de quitarse la vida. El trastorno depresivo mayor puede ser \u00fanico o recurrente y convertirse en cr\u00f3nico con m\u00e1s de tres episodios al a\u00f1o\u201d, se\u00f1ala la psiquiatra Frinne Galicia, enlace m\u00e9dico cient\u00edfico en Novagenic. Uno de los problemas a los que se enfrentan los pacientes es a la resistencia al tratamiento farmacol\u00f3gico. La depresi\u00f3n refractaria o resistente a f\u00e1rmacos se define como tras una correcta adherencia a dos antidepresivos durante seis semanas cada uno, los pacientes persisten con criterios de trastorno depresivo mayor. Dicha resistencia puede deberse a su estilo de vida, la manera en la que toma los medicamentos, pero especialmente a la forma en la que responde a los mismos -lo que se conoce como farmacogen\u00f3mica- y es que estudios indican que el 40% de los f\u00e1rmacos que los pacientes toman a diario no son efectivos. En dicho sentido, la farmacogen\u00f3mica incrementa la tasa de \u00e9xito de los tratamientos farmacol\u00f3gicos, disminuyendo los efectos adversos y costos al evitar los procesos de prueba y error que los m\u00e9dicos realizan para encontrar el f\u00e1rmaco adecuado para cada paciente. \u201cEn la actualidad, para saber si el paciente responde al medicamento y ejercer la medicina de precisi\u00f3n, se cuenta con la prueba Affinity de Novagenic que analiza el ADN de cada persona para determinar c\u00f3mo es que el organismo metaboliza los medicamentos, ya sea de forma pobre, intermedia, normal, r\u00e1pida o ultrarr\u00e1pida. La prueba identifica 28 genes de los que se tiene m\u00e1s informaci\u00f3n y los cuales se pueden genotipar. \u201cEn los tres a\u00f1os y medio que tiene la prueba Affinity en M\u00e9xico, se le ha encontrado gran utilidad no s\u00f3lo en el \u00e1rea de psiquiatr\u00eda con los trastornos depresivos o Trastornos del Espectro Autista, sino que tambi\u00e9n en \u00e1reas de oncolog\u00eda, as\u00ed como en enfermedades cardiovasculares, enfermedades metab\u00f3licas y enfermedades inmunes. Con dicha prueba se reducen los gastos onerosos de tratamientos inadecuados, as\u00ed como del costo por el ausentismo laboral o escolar\u201d, indic\u00f3 la doctora Frinne Galicia, quien es psiquiatra General por la UNAM.<\/p>\n<p style=\"text-align: center;\"><strong>*****<\/strong><\/p>\n<p>En M\u00e9xico, 20 millones de personas tienen migra\u00f1a, una enfermedad altamente discapacitante que impacta al 17% de la poblaci\u00f3n econ\u00f3micamente activa, de las cuales 70% son mujeres. Adem\u00e1s, es una enfermedad poco diagnosticada y tratada adecuadamente porque de los afectados \u00fanicamente el 27% solicita atenci\u00f3n m\u00e9dica. En conferencia de prensa, Pfizer anunci\u00f3 la llegada de una alternativa para atender la necesidad de contar con una opci\u00f3n para este padecimiento, la cual ser\u00e1 la primera innovaci\u00f3n en neurociencias que traer\u00e1 la compa\u00f1\u00eda al pa\u00eds, siendo el primer lanzamiento de medicina interna durante este a\u00f1o. \u201cEsta alternativa controla el dolor y reduce los episodios de migra\u00f1a, lo que le regresa el poder a las personas y les da una mejor calidad de vida. De esta forma, la poblaci\u00f3n puede ir un paso adelante de la enfermedad al prevenir y no s\u00f3lo al reaccionar ante ella\u201d, afirma el doctor Alejandro Nenclares Portocarrero, Director M\u00e9dico de Medicina Interna en Pfizer M\u00e9xico. El especialista en medicina interna indic\u00f3 que una persona con migra\u00f1a puede tardar hasta 3 a\u00f1os en ser diagnosticada y hasta el 30% de las que la padecen no reciben un acompa\u00f1amiento m\u00e9dico adecuado. Asegur\u00f3 que la compa\u00f1\u00eda tiene un gran inter\u00e9s por seguir apostando por la investigaci\u00f3n cl\u00ednica en el pa\u00eds en distintas \u00e1reas terap\u00e9uticas para el 2025, siendo esta alternativa la primera innovaci\u00f3n de medicina interna que llega a M\u00e9xico.<\/p>\n<p><em><a href=\"mailto:elros05.2000@gmail.com\" target=\"_blank\" rel=\"noopener noreferrer\">elros05.2000@gmail.com<\/a><\/em><\/p>\n","protected":false},"excerpt":{"rendered":"<p><span style=\"color: #005497;\"><strong>Elsa Rodr\u00edguez Osorio<\/strong><\/span><br \/>\n<br \/>\nLa empresa mexicana Novagenic, pionera en farmacogen\u00f3mica, afirma que la depresi\u00f3n o trastorno depresivo mayor ata\u00f1e tanto a los m\u00e9dicos de primer contacto, los sistemas de educaci\u00f3n en todos los niveles y a la sociedad en general.<\/p>\n","protected":false},"author":3,"featured_media":598263,"comment_status":"open","ping_status":"open","sticky":false,"template":"","format":"standard","meta":{"_monsterinsights_skip_tracking":false,"_monsterinsights_sitenote_active":false,"_monsterinsights_sitenote_note":"","_monsterinsights_sitenote_category":0,"footnotes":""},"categories":[877],"tags":[12894,43705,43674,43692],"class_list":["post-598193","post","type-post","status-publish","format-standard","has-post-thumbnail","hentry","category-salud","tag-capsulas-de-la-salud","tag-elsa-rodriguez-osorio","tag-opinion","tag-salud"],"_links":{"self":[{"href":"https:\/\/www.diarioimagen.net\/index.php?rest_route=\/wp\/v2\/posts\/598193","targetHints":{"allow":["GET"]}}],"collection":[{"href":"https:\/\/www.diarioimagen.net\/index.php?rest_route=\/wp\/v2\/posts"}],"about":[{"href":"https:\/\/www.diarioimagen.net\/index.php?rest_route=\/wp\/v2\/types\/post"}],"author":[{"embeddable":true,"href":"https:\/\/www.diarioimagen.net\/index.php?rest_route=\/wp\/v2\/users\/3"}],"replies":[{"embeddable":true,"href":"https:\/\/www.diarioimagen.net\/index.php?rest_route=%2Fwp%2Fv2%2Fcomments&post=598193"}],"version-history":[{"count":0,"href":"https:\/\/www.diarioimagen.net\/index.php?rest_route=\/wp\/v2\/posts\/598193\/revisions"}],"wp:featuredmedia":[{"embeddable":true,"href":"https:\/\/www.diarioimagen.net\/index.php?rest_route=\/wp\/v2\/media\/598263"}],"wp:attachment":[{"href":"https:\/\/www.diarioimagen.net\/index.php?rest_route=%2Fwp%2Fv2%2Fmedia&parent=598193"}],"wp:term":[{"taxonomy":"category","embeddable":true,"href":"https:\/\/www.diarioimagen.net\/index.php?rest_route=%2Fwp%2Fv2%2Fcategories&post=598193"},{"taxonomy":"post_tag","embeddable":true,"href":"https:\/\/www.diarioimagen.net\/index.php?rest_route=%2Fwp%2Fv2%2Ftags&post=598193"}],"curies":[{"name":"wp","href":"https:\/\/api.w.org\/{rel}","templated":true}]}}