{"id":598332,"date":"2023-10-12T00:03:28","date_gmt":"2023-10-12T06:03:28","guid":{"rendered":"https:\/\/www.diarioimagen.net\/?p=598332"},"modified":"2023-10-11T23:21:24","modified_gmt":"2023-10-12T05:21:24","slug":"a-un-mes-del-nuevo-rector","status":"publish","type":"post","link":"https:\/\/www.diarioimagen.net\/?p=598332","title":{"rendered":"A un mes del nuevo rector"},"content":{"rendered":"<h2>Espacio Electoral<\/h2>\n<h5>Eleazar Flores<\/h5>\n<p>&nbsp;<\/p>\n<p><strong>UNAM, PENDIENTE-.<\/strong> Exactamente dentro de treinta d\u00edas, la Universidad Nacional Aut\u00f3noma de M\u00e9xico (UNAM) ya habr\u00e1 elegido a su nuevo rector, que sustituir\u00e1 al odont\u00f3logo Enrique Graue Wiechers, quien desea que todo se haga sin violencia, tan latente en la instituci\u00f3n, por motivos a veces aparentemente injustificados, pero esto incumbe calificar s\u00f3lo a las y los universitarios.<\/p>\n<p>Por prurito, hace dos semanas le di con cuidado puntual y con urbanidad pol\u00edtica, nombres de las\u00a0 mujeres inscritas a buscar el cargo y despu\u00e9s, de\u00a0 los profesionistas con ese mismo prop\u00f3sito, con puntual observancia alfab\u00e9tica para\u00a0 evitar suspicacias.<\/p>\n<p>Superados esos justificados o injustificados prejuicios, hoy le dar\u00e9 nombres de las y los universitarios m\u00e1s entrevistados por casi todos los medios de difusi\u00f3n -escritos y electr\u00f3nicos-, as\u00ed como su mejor desenvolvimiento ante ellos, pues algunos-as candidatos evidenciaron estar un poco \u201cverdes\u201d, lo que seguramente tambi\u00e9n se toma en cuenta.<\/p>\n<p>Antes de empezar y \u201csin que nadie me lo pidiera\u201d, como dice el cronista deportivo Javier Alarc\u00f3n, y tampoco lo necesitar\u00e1n, pues sus entrevistadores son destacados profesionales en la materia, habr\u00e1 que reconocer a diarios, televisoras y radiodifusoras que dieron espacios y tiempos suficientes o no tanto, siendo en las respuestas en las que uno \u201cmide\u201d la capacidad de desenvolvimiento de los-as aspirantes.<\/p>\n<p>Anticipando que muchas y muchos analistas discrepar\u00e1n de esta opini\u00f3n -que es lo bueno sin escandalizarse ni inconformarse como ya sabe d\u00f3nde, van los nombres.<\/p>\n<p>Ra\u00fal Juan Contreras Bustamante, director de la Facultad de Derecho; Germ\u00e1n Fajardo Dolci, director de la Facultad de Medicina; Leonardo Lomel\u00ed Vanegas, Secretario General de la UNAM; Guadalupe Valencia Garc\u00eda, coordinadora de Humanidades, y Luz del Carmen Alicia Vilchis Esquivel, de la Escuela Nacional de Artes Pl\u00e1sticas, algo nerviosa en su entrevista televisiva.<\/p>\n<p>Laura Susana Acosta Torres de la Escuela Nacional de Estudios Superiores de Le\u00f3n;\u00a0 Jorge Alfredo Cu\u00e9llar Ordaz, ex director de la FES Cuautitl\u00e1n; Patricia Dolores D\u00e1vila Aranda, secretaria de Desarrollo Institucional de la UNAM; Wiliam Henry Lee, coordinador de Investigaci\u00f3n Cient\u00edfica de la UNAM y Luis Agust\u00edn \u00c1lvarez Icaza, insultado en un evento del martes pasado.<\/p>\n<p>Mar\u00eda Esperanza Mart\u00ednez Romero, investigadora del Centro de Ciencias Gen\u00f3micas; Sergio Manuel Alcocer Mart\u00ednez de Castro, ex secretario de Relaciones Exteriores;\u00a0 Daniel Trejo Medina, profesor de la Facultad de Contadur\u00eda y Administraci\u00f3n; Domingo Alberto Vital D\u00edaz, director del Centro del Centro de Ense\u00f1anza para Extranjeros.<\/p>\n<p>Imanol OrdoriKa Sacrist\u00e1n, director de Evaluaci\u00f3n Institucional de la UNAM; Ambrosio Francisco Javier Velasco G\u00f3mez, investigador del Instituto de Investigaciones Filos\u00f3ficas y H\u00e9ctor Hiram Hern\u00e1ndez Bringas, ex director del Centro de Investigaciones Multidisciplinarias.<\/p>\n<p>De entre estos doce hombres y cinco mujeres, la JUNTA DE GOBIERNO escoger\u00e1 a quien encabece la instituci\u00f3n a partir de noviembre de 2023.<\/p>\n<p><em><a href=\"mailto:elefa44@gmail.com\" target=\"_blank\" rel=\"noopener noreferrer\">elefa44@gmail.com<\/a><\/em><\/p>\n","protected":false},"excerpt":{"rendered":"<p><span style=\"color: #005497;\"><strong>Eleazar Flores<\/strong><\/span><\/p>\n","protected":false},"author":3,"featured_media":0,"comment_status":"open","ping_status":"open","sticky":false,"template":"","format":"standard","meta":{"_monsterinsights_skip_tracking":false,"_monsterinsights_sitenote_active":false,"_monsterinsights_sitenote_note":"","_monsterinsights_sitenote_category":0,"footnotes":""},"categories":[81743],"tags":[81744,81776,43674],"class_list":["post-598332","post","type-post","status-publish","format-standard","hentry","category-eleazar-flores","tag-eleazar-flores","tag-espacio-electoral","tag-opinion"],"_links":{"self":[{"href":"https:\/\/www.diarioimagen.net\/index.php?rest_route=\/wp\/v2\/posts\/598332","targetHints":{"allow":["GET"]}}],"collection":[{"href":"https:\/\/www.diarioimagen.net\/index.php?rest_route=\/wp\/v2\/posts"}],"about":[{"href":"https:\/\/www.diarioimagen.net\/index.php?rest_route=\/wp\/v2\/types\/post"}],"author":[{"embeddable":true,"href":"https:\/\/www.diarioimagen.net\/index.php?rest_route=\/wp\/v2\/users\/3"}],"replies":[{"embeddable":true,"href":"https:\/\/www.diarioimagen.net\/index.php?rest_route=%2Fwp%2Fv2%2Fcomments&post=598332"}],"version-history":[{"count":0,"href":"https:\/\/www.diarioimagen.net\/index.php?rest_route=\/wp\/v2\/posts\/598332\/revisions"}],"wp:attachment":[{"href":"https:\/\/www.diarioimagen.net\/index.php?rest_route=%2Fwp%2Fv2%2Fmedia&parent=598332"}],"wp:term":[{"taxonomy":"category","embeddable":true,"href":"https:\/\/www.diarioimagen.net\/index.php?rest_route=%2Fwp%2Fv2%2Fcategories&post=598332"},{"taxonomy":"post_tag","embeddable":true,"href":"https:\/\/www.diarioimagen.net\/index.php?rest_route=%2Fwp%2Fv2%2Ftags&post=598332"}],"curies":[{"name":"wp","href":"https:\/\/api.w.org\/{rel}","templated":true}]}}