{"id":598670,"date":"2023-10-17T00:01:57","date_gmt":"2023-10-17T06:01:57","guid":{"rendered":"https:\/\/www.diarioimagen.net\/?p=598670"},"modified":"2023-10-17T22:39:35","modified_gmt":"2023-10-18T04:39:35","slug":"seguira-la-ayuda-a-cuba-en-todo-lo-que-se-pueda-incluido-el-petroleo-amlo","status":"publish","type":"post","link":"https:\/\/www.diarioimagen.net\/?p=598670","title":{"rendered":"Seguir\u00e1 la ayuda a Cuba en todo lo que se pueda, incluido el petr\u00f3leo: AMLO"},"content":{"rendered":"<p>&nbsp;<\/p>\n<h3 style=\"text-align: center;\">Niega alg\u00fan conflicto con EU por embargo econ\u00f3mico<\/h3>\n<p>&nbsp;<\/p>\n<ul>\n<li><strong><em>Si eso es ser comunista, populista, que me apunten en la lista, se\u00f1ala<\/em><\/strong><\/li>\n<\/ul>\n<p>&nbsp;<\/p>\n<div id=\"attachment_598776\" style=\"width: 470px\" class=\"wp-caption aligncenter\"><a href=\"https:\/\/www.diarioimagen.net\/?attachment_id=598776\" rel=\"attachment wp-att-598776\"><img loading=\"lazy\" decoding=\"async\" aria-describedby=\"caption-attachment-598776\" class=\"size-full wp-image-598776\" src=\"https:\/\/www.diarioimagen.net\/wp-content\/uploads\/2023\/10\/amlo-5.jpg\" alt=\"\" width=\"460\" height=\"270\" \/><\/a><p id=\"caption-attachment-598776\" class=\"wp-caption-text\">El presidente Andr\u00e9s Manuel L\u00f3pez Obrador confirm\u00f3 la venta de crudo por parte de Pemex al gobierno de Cuba, pese al bloqueo comercial a la isla por parte de EU.<\/p><\/div>\n<p>&nbsp;<\/p>\n<p>Ante cuestionamientos por la venta de crudo por parte de Petr\u00f3leos Mexicanos (Pemex) al gobierno de Cuba, el presidente Andr\u00e9s Manuel L\u00f3pez Obrador rechaz\u00f3 en su ma\u00f1anera que esto haya causado problemas con la administraci\u00f3n de Joe Biden.<\/p>\n<p>\u201cEn todo lo que podamos ayudar al pueblo de Cuba lo vamos a hacer, para que no les quede ninguna duda, incluido petr\u00f3leo, porque es un pueblo que est\u00e1 padeciendo un bloqueo inhumano, injusto, y nosotros no podemos darle la espalda al pueblo de Cuba, y no pedimos permiso a ning\u00fan gobierno extranjero porque somos un pueblo soberano y libre\u201d, se\u00f1al\u00f3\u00a0 el Presidente a pregunta expresa.<\/p>\n<p>Asever\u00f3 que el gobierno de Estados Unidos, en particular ahora la administraci\u00f3n Biden, \u201cson muy respetuosos con nosotros\u201d, por lo que neg\u00f3 que se d\u00e9 alguna diferencia o complicaci\u00f3n en las relaciones por este apoyo a la naci\u00f3n caribe\u00f1a.<\/p>\n<p>\u201cSi nos dicen: \u2018V\u00e9ndanos petr\u00f3leo porque no tenemos c\u00f3mo adquirirlo\u2019, claro que s\u00ed; cuando les pedimos nosotros: \u2018Ay\u00fadennos porque no tenemos m\u00e9dicos especialistas\u2026\u2019, incluso cuando la pandemia, vinieron m\u00e9dicos y est\u00e1n trabajando m\u00e9dicos cubanos especialistas en nuestro pa\u00eds y les agradecemos mucho, y nosotros somos partidarios de la fraternidad universal\u201d.<\/p>\n<p>El jefe del Ejecutivo federal destac\u00f3 que esta posici\u00f3n hace que su administraci\u00f3n sea diferente a gobiernos del pasado.<\/p>\n<p>\u201cY me llena de orgullo que seamos distintos a los conservadores, no podemos ser iguales. Yo respeto a los que piensan de otra manera, nosotros llegamos aqu\u00ed con un movimiento a favor de la justicia y del humanismo; los que estaban aqu\u00ed, no todos desde luego, pero los mandones, los que buscaban siempre era el lucro, el provecho personal, lo que les interesaba era el dinero; su dios verdadero es el dinero; nosotros lo que queremos es la fraternidad, queremos la justicia y somos solidarios con todos los pueblos. Y si eso es ser comunista, populista, que me apunten en la lista\u201d.<\/p>\n<p style=\"text-align: center;\"><strong>Faltan 60 d\u00edas para la inauguraci\u00f3n del Tren Maya<\/strong><\/p>\n<p>En un video transmitido en la conferencia desde Palacio Nacional, el presidente L\u00f3pez Obrador anunci\u00f3 que faltan 60 d\u00edas para la inauguraci\u00f3n del Tren Maya<\/p>\n<p>Al presentar los avances del proyecto, en particular el Tramo 4 -el que mayor adelanto tiene-, el general \u00d3scar David Lozano \u00c1guila, director general de la empresa Tren Maya, dependiente de la Secretar\u00eda de la Defensa Nacional, se\u00f1al\u00f3 que en este trayecto que corre de Izamal a Canc\u00fan se tiene un 100 por ciento de avance en la v\u00eda terminada. Una distancia de 239 kil\u00f3metros, con v\u00eda doble, es decir 478, ya est\u00e1 totalmente colocada, y atraviesan nueve municipios de Yucat\u00e1n y Canc\u00fan, y ahora se encuentran en trabajo de nivelaci\u00f3n.<\/p>\n<p>La ruta est\u00e1 ya en operaci\u00f3n. En dos ocasiones el propio mandatario, acompa\u00f1ado de empresarios e integrantes de su gabinete han recorrido ya este tramo a bordo del tren para realizar pruebas sobre el convoy.<\/p>\n<p>El general Lozano \u00c1guila refiri\u00f3 que tambi\u00e9n est\u00e1n ya en operaci\u00f3n 33 pasos vehiculares y puentes de los 35.<\/p>\n<p>Por su parte, Guadalupe Phillips Margain, directora general de Empresas ICA, encargadas de este tramo 4, indic\u00f3 que adem\u00e1s que la v\u00eda est\u00e1 totalmente colocada, al igual que los tres distribuidores viales.<\/p>\n<p>En las cinco estaciones que se ubicar\u00e1n a lo largo de este tramo, indic\u00f3, se tiene un avance general de 81 por ciento. Y si bien cada una presenta un adelanto distinto, ya se han terminado los andenes de las cinco, mientras que tres est\u00e1n levantadas totalmente y se trabaja para hacerlo en las dos restantes.<\/p>\n","protected":false},"excerpt":{"rendered":"<p>Ante cuestionamientos por la venta de crudo por parte de Petr\u00f3leos Mexicanos (Pemex) al gobierno de Cuba, el presidente Andr\u00e9s Manuel L\u00f3pez Obrador rechaz\u00f3 en su ma\u00f1anera que esto haya causado problemas con la administraci\u00f3n de Joe Biden.<\/p>\n","protected":false},"author":3,"featured_media":598776,"comment_status":"open","ping_status":"open","sticky":false,"template":"","format":"standard","meta":{"_monsterinsights_skip_tracking":false,"_monsterinsights_sitenote_active":false,"_monsterinsights_sitenote_note":"","_monsterinsights_sitenote_category":0,"footnotes":""},"categories":[3],"tags":[2545,438,3766],"class_list":["post-598670","post","type-post","status-publish","format-standard","has-post-thumbnail","hentry","category-nacional","tag-amlo","tag-cuba","tag-petroleo"],"_links":{"self":[{"href":"https:\/\/www.diarioimagen.net\/index.php?rest_route=\/wp\/v2\/posts\/598670","targetHints":{"allow":["GET"]}}],"collection":[{"href":"https:\/\/www.diarioimagen.net\/index.php?rest_route=\/wp\/v2\/posts"}],"about":[{"href":"https:\/\/www.diarioimagen.net\/index.php?rest_route=\/wp\/v2\/types\/post"}],"author":[{"embeddable":true,"href":"https:\/\/www.diarioimagen.net\/index.php?rest_route=\/wp\/v2\/users\/3"}],"replies":[{"embeddable":true,"href":"https:\/\/www.diarioimagen.net\/index.php?rest_route=%2Fwp%2Fv2%2Fcomments&post=598670"}],"version-history":[{"count":0,"href":"https:\/\/www.diarioimagen.net\/index.php?rest_route=\/wp\/v2\/posts\/598670\/revisions"}],"wp:featuredmedia":[{"embeddable":true,"href":"https:\/\/www.diarioimagen.net\/index.php?rest_route=\/wp\/v2\/media\/598776"}],"wp:attachment":[{"href":"https:\/\/www.diarioimagen.net\/index.php?rest_route=%2Fwp%2Fv2%2Fmedia&parent=598670"}],"wp:term":[{"taxonomy":"category","embeddable":true,"href":"https:\/\/www.diarioimagen.net\/index.php?rest_route=%2Fwp%2Fv2%2Fcategories&post=598670"},{"taxonomy":"post_tag","embeddable":true,"href":"https:\/\/www.diarioimagen.net\/index.php?rest_route=%2Fwp%2Fv2%2Ftags&post=598670"}],"curies":[{"name":"wp","href":"https:\/\/api.w.org\/{rel}","templated":true}]}}