{"id":598823,"date":"2023-10-18T00:02:34","date_gmt":"2023-10-18T06:02:34","guid":{"rendered":"https:\/\/www.diarioimagen.net\/?p=598823"},"modified":"2023-10-18T23:49:45","modified_gmt":"2023-10-19T05:49:45","slug":"mexico-concluye-repatriacion-de-personas-atrapadas-en-israel","status":"publish","type":"post","link":"https:\/\/www.diarioimagen.net\/?p=598823","title":{"rendered":"M\u00e9xico concluye repatriaci\u00f3n de personas atrapadas en Israel"},"content":{"rendered":"<p>&nbsp;<\/p>\n<ul>\n<li><strong><em>Fueron rescatados 721 connacionales<\/em> <\/strong><\/li>\n<\/ul>\n<p>&nbsp;<\/p>\n<div id=\"attachment_598923\" style=\"width: 470px\" class=\"wp-caption aligncenter\"><a href=\"https:\/\/www.diarioimagen.net\/?attachment_id=598923\" rel=\"attachment wp-att-598923\"><img loading=\"lazy\" decoding=\"async\" aria-describedby=\"caption-attachment-598923\" class=\"size-full wp-image-598923\" src=\"https:\/\/www.diarioimagen.net\/wp-content\/uploads\/2023\/10\/CONCLUYE-REPATRIACION.jpg\" alt=\"\" width=\"460\" height=\"270\" \/><\/a><p id=\"caption-attachment-598923\" class=\"wp-caption-text\">La misi\u00f3n de rescate de mexicanos atrapados en la zona de conflicto en Israel termin\u00f3 esta madrugada con la llegada de dos aviones militares con 275 connacionales.<\/p><\/div>\n<p>&nbsp;<\/p>\n<p>Con la repatriaci\u00f3n de otros 275 connacionales de Israel, que regresaron la madrugada de este martes en dos aviones de la Fuerza A\u00e9rea Mexicana a la base militar de Santa Luc\u00eda, M\u00e9xico concluy\u00f3 la misi\u00f3n de rescate de 721 personas que desearon salir de la zona del conflicto b\u00e9lico. A las 2:30 de la ma\u00f1ana de este martes arrib\u00f3 el vuelo 3528 de la Fuerza A\u00e9rea Mexicana a la base militar de Santa Luc\u00eda con 137 pasajeros, mientras que 11 minutos despu\u00e9s aterriz\u00f3 el vuelo 2537 con 138 mexicanos m\u00e1s.<\/p>\n<p>Los familiares de las 275 personas repatriadas esperaron por m\u00e1s de dos horas la llegada de los aviones, pero tan pronto comenzaron a descender de la aeronave las muestras de cari\u00f1o comenzaron a hacerse presentes.<\/p>\n<p>Alrededor de las 3 de la ma\u00f1ana, los mexicanos repatriados comenzaron los procesos migratorios para ingresar legalmente al pa\u00eds tras m\u00e1s de una semana de estar en medio del conflicto armado.<\/p>\n<p>Los reci\u00e9n llegados agradecieron la agilidad del gobierno mexicano para coordinar su regreso.<\/p>\n<p>Entre los repatriados se encontraba la actriz Ximena Orozco, quien se\u00f1al\u00f3 que pese no tener en primera instancia la ayuda mexicana, la canciller\u00eda le permiti\u00f3 regresar con toda su familia a M\u00e9xico.<\/p>\n<p>\u201cAl principio busqu\u00e9 ayuda de M\u00e9xico y no recib\u00ed mucha porque me dec\u00edan que mi esposo no pod\u00eda viajar conmigo y obviamente yo iba a viajar sola. Despu\u00e9s nos ayudaron para que \u00e9l pudiera venir y por eso decid\u00ed volver\u201d, explic\u00f3.<\/p>\n<p>Para los mexicanos que no fueron recibidos por sus familiares, la Secretar\u00eda de la Defensa Nacional prepar\u00f3 viajes en cami\u00f3n a diversos puntos estrat\u00e9gicos de la ciudad como el Aeropuerto Internacional de la Ciudad de M\u00e9xico y zonas como Polanco o Santa Fe, para que los reci\u00e9n llegados puedan trasladarse a su lugar de destino.<\/p>\n<p style=\"text-align: center;\"><strong>Confirma AMLO que se buscan contactos<br \/>\npara lograr la liberaci\u00f3n de mexicanos<\/strong><\/p>\n<p>El presidente Andr\u00e9s Manuel L\u00f3pez Obrador confirm\u00f3 este martes que su gobierno est\u00e1 buscando tener contacto \u201ccon todos los gobiernos y organizaciones\u201d para conseguir la liberaci\u00f3n de Ilana Gritzewsky y Ori\u00f3n Hern\u00e1ndez, los dos connacionales que han sido retenidos como rehenes por la organizaci\u00f3n extremista Hamas durante del conflicto con Israel.<\/p>\n<p>Rechaz\u00f3 entrar en detalles respecto a las gestiones que realiza su administraci\u00f3n pues dijo que estas requieren sigilo, ya que la prioridad es salvar la vida de los connacionales.<\/p>\n<p>\u201cEstamos ayudando y tenemos comunicaci\u00f3n con las familias. Estamos haciendo labor con todos los gobiernos y organizaciones, porque queremos salvar las vidas de estas dos personas, pero estamos hablando con todos, no solo con una parte. Incluso, no tenemos nada todav\u00eda en firme, estamos haciendo trabajo, que requiere tambi\u00e9n, en este caso, de sigilo y actuar con mucha responsabilidad, porque lo que queremos es salvar sus vidas\u201d, respondi\u00f3 el tabasque\u00f1o ante la pregunta sobre el paradero de Ilana Gritzewsky y Ori\u00f3n Hern\u00e1ndez Rodeux.<\/p>\n","protected":false},"excerpt":{"rendered":"<p>Con la repatriaci\u00f3n de otros 275 connacionales de Israel, que regresaron la madrugada de este martes en dos aviones de la Fuerza A\u00e9rea Mexicana a la base militar de Santa Luc\u00eda, M\u00e9xico concluy\u00f3 la misi\u00f3n de rescate de 721 personas que desearon salir de la zona del conflicto b\u00e9lico. A las 2:30 de la ma\u00f1ana de este martes arrib\u00f3 el vuelo 3528 de la Fuerza A\u00e9rea Mexicana a la base militar de Santa Luc\u00eda con 137 pasajeros, mientras que 11 minutos despu\u00e9s aterriz\u00f3 el vuelo 2537 con 138 mexicanos m\u00e1s.<\/p>\n","protected":false},"author":3,"featured_media":598923,"comment_status":"open","ping_status":"open","sticky":false,"template":"","format":"standard","meta":{"_monsterinsights_skip_tracking":false,"_monsterinsights_sitenote_active":false,"_monsterinsights_sitenote_note":"","_monsterinsights_sitenote_category":0,"footnotes":""},"categories":[17,3],"tags":[16709,1193,89782],"class_list":["post-598823","post","type-post","status-publish","format-standard","has-post-thumbnail","hentry","category-especiales","category-nacional","tag-guerra","tag-israel","tag-rescatados"],"_links":{"self":[{"href":"https:\/\/www.diarioimagen.net\/index.php?rest_route=\/wp\/v2\/posts\/598823","targetHints":{"allow":["GET"]}}],"collection":[{"href":"https:\/\/www.diarioimagen.net\/index.php?rest_route=\/wp\/v2\/posts"}],"about":[{"href":"https:\/\/www.diarioimagen.net\/index.php?rest_route=\/wp\/v2\/types\/post"}],"author":[{"embeddable":true,"href":"https:\/\/www.diarioimagen.net\/index.php?rest_route=\/wp\/v2\/users\/3"}],"replies":[{"embeddable":true,"href":"https:\/\/www.diarioimagen.net\/index.php?rest_route=%2Fwp%2Fv2%2Fcomments&post=598823"}],"version-history":[{"count":0,"href":"https:\/\/www.diarioimagen.net\/index.php?rest_route=\/wp\/v2\/posts\/598823\/revisions"}],"wp:featuredmedia":[{"embeddable":true,"href":"https:\/\/www.diarioimagen.net\/index.php?rest_route=\/wp\/v2\/media\/598923"}],"wp:attachment":[{"href":"https:\/\/www.diarioimagen.net\/index.php?rest_route=%2Fwp%2Fv2%2Fmedia&parent=598823"}],"wp:term":[{"taxonomy":"category","embeddable":true,"href":"https:\/\/www.diarioimagen.net\/index.php?rest_route=%2Fwp%2Fv2%2Fcategories&post=598823"},{"taxonomy":"post_tag","embeddable":true,"href":"https:\/\/www.diarioimagen.net\/index.php?rest_route=%2Fwp%2Fv2%2Ftags&post=598823"}],"curies":[{"name":"wp","href":"https:\/\/api.w.org\/{rel}","templated":true}]}}