{"id":598849,"date":"2023-10-18T00:02:15","date_gmt":"2023-10-18T06:02:15","guid":{"rendered":"https:\/\/www.diarioimagen.net\/?p=598849"},"modified":"2023-10-18T23:50:36","modified_gmt":"2023-10-19T05:50:36","slug":"mexico-registra-cifra-record-de-perdida-de-cultivos-por-sequia","status":"publish","type":"post","link":"https:\/\/www.diarioimagen.net\/?p=598849","title":{"rendered":"M\u00e9xico registra cifra r\u00e9cord de p\u00e9rdida de cultivos por sequ\u00eda"},"content":{"rendered":"<p>&nbsp;<\/p>\n<ul>\n<li><strong><em>M\u00e1s de 502 mil hect\u00e1reas siniestradas en el campo<\/em><\/strong><\/li>\n<\/ul>\n<p>&nbsp;<\/p>\n<div id=\"attachment_598919\" style=\"width: 470px\" class=\"wp-caption aligncenter\"><a href=\"https:\/\/www.diarioimagen.net\/?attachment_id=598919\" rel=\"attachment wp-att-598919\"><img loading=\"lazy\" decoding=\"async\" aria-describedby=\"caption-attachment-598919\" class=\"size-full wp-image-598919\" src=\"https:\/\/www.diarioimagen.net\/wp-content\/uploads\/2023\/10\/SEQUIA.jpg\" alt=\"\" width=\"460\" height=\"270\" \/><\/a><p id=\"caption-attachment-598919\" class=\"wp-caption-text\">Chihuahua, Zacatecas y San Luis Potos\u00ed fueron las tres entidades con m\u00e1s hect\u00e1reas de cultivos siniestradas entre enero y septiembre de este a\u00f1o.<\/p><\/div>\n<p>&nbsp;<\/p>\n<p>Este a\u00f1o, M\u00e9xico registr\u00f3 un total de 502,550.14 hect\u00e1reas cultivadas siniestradas en el campo, la cifra m\u00e1s alta para un mismo periodo desde por lo menos 2018, de acuerdo con datos del Servicio de Informaci\u00f3n Agroalimentaria y Pesquera (SIAP).<\/p>\n<p>Para enero a septiembre, pero del 2021, los datos del servicio de informaci\u00f3n de la Secretar\u00eda de Agricultura y Desarrollo Rural (Sader) dieron a conocer que 435,358.91 hect\u00e1reas en el pa\u00eds fueron consideradas como siniestradas, este dato es el segundo mayor de la lista. Un a\u00f1o antes, la informaci\u00f3n de la dependencia federal fue de 151,911.51 hect\u00e1reas.<\/p>\n<p>Uno de los posibles motivos de las afectaciones, reconocieron en su momento en la Sader, es por la falta de agua para poder regar los diferentes cultivos.<\/p>\n<p>De igual manera, el SIAP demostr\u00f3 que este a\u00f1o el n\u00famero de hect\u00e1reas sembradas fue el menor desde el 2018, ya que se registr\u00f3 un total de 16 millones 435,173 ha. Si se compara con el 2022, hay una diferencia de 4.4% pues hab\u00eda 17 millones 192,270.<\/p>\n<p>Con lo que se refiere a la situaci\u00f3n por estados, las cifras indicaron que Chihuahua fue la entidad en la que m\u00e1s hect\u00e1reas se perdieron entre enero y septiembre de este a\u00f1o, pues la dependencia federal document\u00f3 un total de 193,266.15, esta cifra es muy superior al registro del 2022 cuando se documentaron 666.48 hect\u00e1reas.<\/p>\n<p>En el segundo lugar se encuentra Zacatecas que, de acuerdo con las cifras del SIAP, existi\u00f3 una p\u00e9rdida de 153,684.15 hect\u00e1reas. El a\u00f1o pasado apenas registr\u00f3 1,069.00 hect\u00e1reas siniestradas.<\/p>\n<p>San Luis Potos\u00ed se ubic\u00f3 en la tercera posici\u00f3n, ya que en el lapso mencionado de este a\u00f1o ha perdido un total de 64,637.25 ha, esta cifra es 1,569.78% m\u00e1s al registro del a\u00f1o pasado cuando se documentaron 3,871 hect\u00e1reas. El cuarto lugar lo ocup\u00f3 Michoac\u00e1n; los datos de la Sader indicaron que en este a\u00f1o fueron 39,643.90 hect\u00e1reas perdidas, el a\u00f1o pasado el estado no report\u00f3 afectaciones.<\/p>\n<p>Finalmente, Nuevo Le\u00f3n ocup\u00f3 el quinto lugar con un total de 16,051.50 hect\u00e1reas siniestradas, en el 2022 apenas registraba 752.5 hect\u00e1reas.<\/p>\n<p>Por el contrario, Yucat\u00e1n, Campeche, Colima, Chiapas, Guerrero, Jalisco, M\u00e9xico y Morelos fueron las entidades que no han registrado p\u00e9rdidas.<\/p>\n<p>La informaci\u00f3n del Servicio de Informaci\u00f3n Agroalimentaria y Pesquera tambi\u00e9n indica que el cultivo m\u00e1s afectado a nivel nacional fue el frijol, ya que entre enero y septiembre de este a\u00f1o se han siniestrado un total de 165,715.80 hect\u00e1reas. El a\u00f1o pasado se registr\u00f3 la p\u00e9rdida de 1,194.25 hect\u00e1reas.<\/p>\n","protected":false},"excerpt":{"rendered":"<p>Este a\u00f1o, M\u00e9xico registr\u00f3 un total de 502,550.14 hect\u00e1reas cultivadas siniestradas en el campo, la cifra m\u00e1s alta para un mismo periodo desde por lo menos 2018, de acuerdo con datos del Servicio de Informaci\u00f3n Agroalimentaria y Pesquera (SIAP).<\/p>\n","protected":false},"author":3,"featured_media":598919,"comment_status":"open","ping_status":"open","sticky":false,"template":"","format":"standard","meta":{"_monsterinsights_skip_tracking":false,"_monsterinsights_sitenote_active":false,"_monsterinsights_sitenote_note":"","_monsterinsights_sitenote_category":0,"footnotes":""},"categories":[17,8],"tags":[95957,12361,18256],"class_list":["post-598849","post","type-post","status-publish","format-standard","has-post-thumbnail","hentry","category-especiales","category-finanzas","tag-cultivos","tag-perdida","tag-sequia"],"_links":{"self":[{"href":"https:\/\/www.diarioimagen.net\/index.php?rest_route=\/wp\/v2\/posts\/598849","targetHints":{"allow":["GET"]}}],"collection":[{"href":"https:\/\/www.diarioimagen.net\/index.php?rest_route=\/wp\/v2\/posts"}],"about":[{"href":"https:\/\/www.diarioimagen.net\/index.php?rest_route=\/wp\/v2\/types\/post"}],"author":[{"embeddable":true,"href":"https:\/\/www.diarioimagen.net\/index.php?rest_route=\/wp\/v2\/users\/3"}],"replies":[{"embeddable":true,"href":"https:\/\/www.diarioimagen.net\/index.php?rest_route=%2Fwp%2Fv2%2Fcomments&post=598849"}],"version-history":[{"count":0,"href":"https:\/\/www.diarioimagen.net\/index.php?rest_route=\/wp\/v2\/posts\/598849\/revisions"}],"wp:featuredmedia":[{"embeddable":true,"href":"https:\/\/www.diarioimagen.net\/index.php?rest_route=\/wp\/v2\/media\/598919"}],"wp:attachment":[{"href":"https:\/\/www.diarioimagen.net\/index.php?rest_route=%2Fwp%2Fv2%2Fmedia&parent=598849"}],"wp:term":[{"taxonomy":"category","embeddable":true,"href":"https:\/\/www.diarioimagen.net\/index.php?rest_route=%2Fwp%2Fv2%2Fcategories&post=598849"},{"taxonomy":"post_tag","embeddable":true,"href":"https:\/\/www.diarioimagen.net\/index.php?rest_route=%2Fwp%2Fv2%2Ftags&post=598849"}],"curies":[{"name":"wp","href":"https:\/\/api.w.org\/{rel}","templated":true}]}}