{"id":598874,"date":"2023-10-18T00:03:49","date_gmt":"2023-10-18T06:03:49","guid":{"rendered":"https:\/\/www.diarioimagen.net\/?p=598874"},"modified":"2023-10-17T22:26:58","modified_gmt":"2023-10-18T04:26:58","slug":"seguiran-violando-la-ley-y-xochitl","status":"publish","type":"post","link":"https:\/\/www.diarioimagen.net\/?p=598874","title":{"rendered":"Seguir\u00e1n violando la ley, \u00bfy X\u00f3chitl?"},"content":{"rendered":"<h2>Espacio Electoral<\/h2>\n<h5>Eleazar Flores<\/h5>\n<p>&nbsp;<\/p>\n<p><strong>CLAUDIA APELAR\u00c1-.<\/strong> Finalmente y luego de cuando menos dos meses de TOLERANCIA EVIDENTE, el Instituto Nacional Electoral anunci\u00f3 limitaciones a las virtuales candidatas presidenciales Claudia Sheinbaum de Morena y aliados, como X\u00f3chitl Galvez del Frente Amplio por M\u00e9xico, encabezando actos masivos, m\u00e1s numerosos los de la primera que de la segunda.<\/p>\n<p>Esto a ra\u00edz de la notificaci\u00f3n que la Comisi\u00f3n de Quejas y Denuncias del INE, que preside la Consejera Claudia Zavala, envi\u00f3 a Claudia Sheinbaum y a X\u00f3chitl G\u00e1lvez, en su calidad de cuasi candidatas a la Presidencia de la Rep\u00fablica, apercibi\u00e9ndolas en busca de un mejor desempe\u00f1o en sus giras proselitistas de unos dos meses a la fecha.<\/p>\n<p>Para abreviarle le comento que a la ahora due\u00f1a del BAST\u00d3N DE MANDO heredado por ya sabe quien, le notificaron que prescinda de hacer eventos p\u00fablicos y que se limite a celebrarlos en lugares cerrados y \u00fanicamente ante simpatizantes de su candidatura, sin invocar otro tipo de expresiones que evidencien b\u00fasqueda del voto.<\/p>\n<p>Por su parte, a quien al cerrarle las puertas de palacio nacional, el poseedor de las llaves le abri\u00f3 las puertas de la candidatura presidencial, le sugieren cuidar su lenguaje y eliminar de sus discursos, ataques a otras personas que andan recorriendo el pa\u00eds con los mismos tintes proselitistas y que la consoliden en sus aspiraciones presidenciales por parte del Frente Amplio por M\u00e9xico.<\/p>\n<p>En honor a la verdad, la COMISI\u00d3N DE QUEJAS Y DENUNCIAS del Instituto Nacional Electoral se tard\u00f3 mucho en emitir esas limitaciones, misma que para cristalizar su cumplimiento se requiere que el Tribunal Electoral del Poder Judicial de la Federaci\u00f3n no s\u00f3lo comulgue sino tambi\u00e9n respalde con sanciones a infractores del actual MARCO JUR\u00cdDICO ELECTORAL.<\/p>\n<p>Marco Jur\u00eddico que en la primera y segunda d\u00e9cada del presente siglo y milenio, fue el entonces poderoso Partido de la Revoluci\u00f3n Democr\u00e1tica, PRD, cuyos miembros en su gran mayor\u00eda, dejaron el rop\u00f3n aurinegro para cambiarlo por el GUINDA, le propusieron reformas a su gusto, como est\u00e1n ahora pues, pero como ya son gobierno, las etiquetan de ATENTATORIAS DE LA LIBERTAD DE EXPRESI\u00d3N.<\/p>\n<p>Este es el principal argumento al que recurre do\u00f1a Claudia Sheinbaum, quien seguramente en los albores del siglo jam\u00e1s pens\u00f3 en llegar hasta donde est\u00e1; pero hay que reconocerlo, estuvo en el lugar y tiempo correctos y con el padrino correcto, sin duda.<\/p>\n<p>Respecto a X\u00f3chitl G\u00e1lvez, ha dicho que obedecer\u00e1 las indicaciones del \u00e1rbitro electoral, ahora habr\u00e1 que darle seguimiento para ver si tiene palabra y la cumple, pues no hacerlo ser\u00eda el inicio de las veredas de incredulidad en las que la han metido sus \u201cGENIOS DE LA COMUNICACI\u00d3N\u201d, quienes por muchos, no se ponen de acuerdo.<\/p>\n<p><em><a href=\"mailto:elefa44@gmail.com\" target=\"_blank\" rel=\"noopener noreferrer\">elefa44@gmail.com<\/a><\/em><\/p>\n","protected":false},"excerpt":{"rendered":"<p><span style=\"color: #005497;\"><strong>Eleazar Flores<\/strong><\/span><\/p>\n","protected":false},"author":3,"featured_media":0,"comment_status":"open","ping_status":"open","sticky":false,"template":"","format":"standard","meta":{"_monsterinsights_skip_tracking":false,"_monsterinsights_sitenote_active":false,"_monsterinsights_sitenote_note":"","_monsterinsights_sitenote_category":0,"footnotes":""},"categories":[81743],"tags":[81744,81776,43674],"class_list":["post-598874","post","type-post","status-publish","format-standard","hentry","category-eleazar-flores","tag-eleazar-flores","tag-espacio-electoral","tag-opinion"],"_links":{"self":[{"href":"https:\/\/www.diarioimagen.net\/index.php?rest_route=\/wp\/v2\/posts\/598874","targetHints":{"allow":["GET"]}}],"collection":[{"href":"https:\/\/www.diarioimagen.net\/index.php?rest_route=\/wp\/v2\/posts"}],"about":[{"href":"https:\/\/www.diarioimagen.net\/index.php?rest_route=\/wp\/v2\/types\/post"}],"author":[{"embeddable":true,"href":"https:\/\/www.diarioimagen.net\/index.php?rest_route=\/wp\/v2\/users\/3"}],"replies":[{"embeddable":true,"href":"https:\/\/www.diarioimagen.net\/index.php?rest_route=%2Fwp%2Fv2%2Fcomments&post=598874"}],"version-history":[{"count":0,"href":"https:\/\/www.diarioimagen.net\/index.php?rest_route=\/wp\/v2\/posts\/598874\/revisions"}],"wp:attachment":[{"href":"https:\/\/www.diarioimagen.net\/index.php?rest_route=%2Fwp%2Fv2%2Fmedia&parent=598874"}],"wp:term":[{"taxonomy":"category","embeddable":true,"href":"https:\/\/www.diarioimagen.net\/index.php?rest_route=%2Fwp%2Fv2%2Fcategories&post=598874"},{"taxonomy":"post_tag","embeddable":true,"href":"https:\/\/www.diarioimagen.net\/index.php?rest_route=%2Fwp%2Fv2%2Ftags&post=598874"}],"curies":[{"name":"wp","href":"https:\/\/api.w.org\/{rel}","templated":true}]}}