{"id":598962,"date":"2023-10-19T00:06:47","date_gmt":"2023-10-19T06:06:47","guid":{"rendered":"https:\/\/www.diarioimagen.net\/?p=598962"},"modified":"2023-10-19T22:34:06","modified_gmt":"2023-10-20T04:34:06","slug":"bachillerato-a-distancia-de-la-uaemex-brinda-una-efectiva-funcion-social-y-educacion-de-calidad","status":"publish","type":"post","link":"https:\/\/www.diarioimagen.net\/?p=598962","title":{"rendered":"Bachillerato a Distancia de la UAEM\u00e9x brinda una efectiva funci\u00f3n social y educaci\u00f3n de calidad"},"content":{"rendered":"<p>&nbsp;<\/p>\n<div id=\"attachment_599052\" style=\"width: 470px\" class=\"wp-caption aligncenter\"><a href=\"https:\/\/www.diarioimagen.net\/?attachment_id=599052\" rel=\"attachment wp-att-599052\"><img loading=\"lazy\" decoding=\"async\" aria-describedby=\"caption-attachment-599052\" class=\"size-full wp-image-599052\" src=\"https:\/\/www.diarioimagen.net\/wp-content\/uploads\/2023\/10\/uaem-bachillerato.jpg\" alt=\"\" width=\"460\" height=\"270\" \/><\/a><p id=\"caption-attachment-599052\" class=\"wp-caption-text\">De la 11 generaci\u00f3n del Bachillerato Universitario a Distancia egresaron 95 estudiantes.<\/p><\/div>\n<p>&nbsp;<\/p>\n<p><strong>Toluca, Estado de M\u00e9xico.\u2014 <\/strong>Con 95 egresados, la 11 generaci\u00f3n del programa de Bachillerato Universitario a Distancia que se imparte en la Universidad Aut\u00f3noma del Estado de M\u00e9xico (UAEM\u00e9x) confirma la fehaciente efectividad y pertinencia del mismo al utilizar las tecnolog\u00edas de la informaci\u00f3n y comunicaci\u00f3n para brindar educaci\u00f3n de calidad, afirm\u00f3 el secretario de Docencia de esta casa de estudios, Jos\u00e9 Raymundo Marcial Romero.<\/p>\n<p>Durante la Ceremonia de Egreso de la 11 generaci\u00f3n 2021-2023 del Bachillerato Universitario a Distancia UAEM\u00e9x que se desarroll\u00f3 en el Aula Magna \u201cLic. Adolfo L\u00f3pez Mateos\u201d del Edificio de Rector\u00eda, Marcial Romero destac\u00f3 que la creaci\u00f3n de este programa, cuyos antecedentes datan de 2005 tiene un profundo sentido social en dos vertientes: apoyar a j\u00f3venes que por su situaci\u00f3n geogr\u00e1fica, econ\u00f3mica y social se les dificulta ir a los planteles y, permitir a la instituci\u00f3n brindar oportunidades educativas de calidad a cada vez m\u00e1s j\u00f3venes ampliando su cobertura y utilizando su capacidad.<\/p>\n<p>\u201cHoy mediante el apoyo las Tecnolog\u00edas de Informaci\u00f3n y la Comunicaci\u00f3n, este nivel educativo puede cursarse totalmente a distancia por lo que la UAEM\u00e9x contribuye a que cada vez m\u00e1s j\u00f3venes tengan acceso a una educaci\u00f3n de calidad sin importar su lugar de origen, residencia o si desempe\u00f1an otras actividades que limiten su tiempo y les impida acudir diariamente a un centro educativo\u201d, afirm\u00f3.<\/p>\n<p>Para el secretario de Docencia de la UAEM\u00e9x los estudios de nivel medio superior tienen una importancia fundamental puesto a que adem\u00e1s de preparar al alumno para la adquisici\u00f3n de conocimientos superiores en una carrera universitaria constituye parte esencial de su formaci\u00f3n como estudiantes y como ciudadanos al formarle las habilidades y competencias que le ser\u00e1n \u00fatiles a lo largo de toda la vida.<\/p>\n<p>En ese sentido, indic\u00f3 que el Bachillerato a Distancia es una formidable opci\u00f3n para los j\u00f3venes de las actuales generaciones que han aprovechado las ventajas de las tecnolog\u00edas de la informaci\u00f3n para formarse bajo esquemas educativos novedosos y significativos.<\/p>\n<p>En tanto, el director de Educaci\u00f3n Continua y a Distancia de la UAEM\u00e9x, Alberto Torres Guti\u00e9rrez dijo que el Bachillerato es una alternativa que para aquellos que no pueden asistir a aulas f\u00edsicas o para quien ha optado por una manera diferente de desarrollarse, a trav\u00e9s del uso de las Tecnolog\u00edas de Informaci\u00f3n y Comunicaci\u00f3n para acceder a educaci\u00f3n de calidad.<\/p>\n<p>En la ceremonia estuvo presente Arantxa Salinas Mayorido quien fue el mejor promedio de su generaci\u00f3n y obtuvo la Presea \u201cIgnacio Manuel Altamirano\u201d; la directora de Nivel Medio Superior, Eva Lilia Garc\u00eda Escobar; el director del Plantel \u201cNezahualc\u00f3yotl\u201d de la Escuela Preparatoria, Erick Vieyra M\u00e9ndez; el jefe del Departamento de Educaci\u00f3n Mixta y No Escolarizada, Patricia Monta\u00f1o Reyes, el Jefe de Control Escolar de la Universidad Digital del Estado de M\u00e9xico, Jes\u00fas Bern\u00e1ldez Torres, as\u00ed como egresados del bachillerato a Distancia, comunidad universitaria y p\u00fablico en general.<\/p>\n","protected":false},"excerpt":{"rendered":"<p>Con 95 egresados, la 11 generaci\u00f3n del programa de Bachillerato Universitario a Distancia que se imparte en la Universidad Aut\u00f3noma del Estado de M\u00e9xico (UAEM\u00e9x) confirma la fehaciente efectividad y pertinencia del mismo al utilizar las tecnolog\u00edas de la informaci\u00f3n y comunicaci\u00f3n para brindar educaci\u00f3n de calidad, afirm\u00f3 el secretario de Docencia de esta casa de estudios, Jos\u00e9 Raymundo Marcial Romero.<\/p>\n","protected":false},"author":3,"featured_media":599052,"comment_status":"open","ping_status":"open","sticky":false,"template":"","format":"standard","meta":{"_monsterinsights_skip_tracking":false,"_monsterinsights_sitenote_active":false,"_monsterinsights_sitenote_note":"","_monsterinsights_sitenote_category":0,"footnotes":""},"categories":[5],"tags":[98765,43675,452],"class_list":["post-598962","post","type-post","status-publish","format-standard","has-post-thumbnail","hentry","category-estado-de-mexico","tag-bachillerato-a-distancia","tag-estado-de-mexico","tag-toluca"],"_links":{"self":[{"href":"https:\/\/www.diarioimagen.net\/index.php?rest_route=\/wp\/v2\/posts\/598962","targetHints":{"allow":["GET"]}}],"collection":[{"href":"https:\/\/www.diarioimagen.net\/index.php?rest_route=\/wp\/v2\/posts"}],"about":[{"href":"https:\/\/www.diarioimagen.net\/index.php?rest_route=\/wp\/v2\/types\/post"}],"author":[{"embeddable":true,"href":"https:\/\/www.diarioimagen.net\/index.php?rest_route=\/wp\/v2\/users\/3"}],"replies":[{"embeddable":true,"href":"https:\/\/www.diarioimagen.net\/index.php?rest_route=%2Fwp%2Fv2%2Fcomments&post=598962"}],"version-history":[{"count":0,"href":"https:\/\/www.diarioimagen.net\/index.php?rest_route=\/wp\/v2\/posts\/598962\/revisions"}],"wp:featuredmedia":[{"embeddable":true,"href":"https:\/\/www.diarioimagen.net\/index.php?rest_route=\/wp\/v2\/media\/599052"}],"wp:attachment":[{"href":"https:\/\/www.diarioimagen.net\/index.php?rest_route=%2Fwp%2Fv2%2Fmedia&parent=598962"}],"wp:term":[{"taxonomy":"category","embeddable":true,"href":"https:\/\/www.diarioimagen.net\/index.php?rest_route=%2Fwp%2Fv2%2Fcategories&post=598962"},{"taxonomy":"post_tag","embeddable":true,"href":"https:\/\/www.diarioimagen.net\/index.php?rest_route=%2Fwp%2Fv2%2Ftags&post=598962"}],"curies":[{"name":"wp","href":"https:\/\/api.w.org\/{rel}","templated":true}]}}