{"id":598966,"date":"2023-10-19T00:01:11","date_gmt":"2023-10-19T06:01:11","guid":{"rendered":"https:\/\/www.diarioimagen.net\/?p=598966"},"modified":"2023-10-19T22:35:53","modified_gmt":"2023-10-20T04:35:53","slug":"llama-lopez-obrador-a-vacunarse-sin-miedo-contra-influenza-y-covid","status":"publish","type":"post","link":"https:\/\/www.diarioimagen.net\/?p=598966","title":{"rendered":"Llama L\u00f3pez Obrador a vacunarse \u201csin miedo\u201d contra influenza y Covid"},"content":{"rendered":"<p><strong>\u00a0<\/strong><\/p>\n<h3 style=\"text-align: center;\">Defiende calidad de biol\u00f3gicos que se aplican<\/h3>\n<p><em>\u00a0<\/em><\/p>\n<ul>\n<li><em><strong>El primer mandatario critic\u00f3 paros de labores en juzgados federales y tribunales<\/strong> <\/em><\/li>\n<\/ul>\n<p>&nbsp;<\/p>\n<div id=\"attachment_599060\" style=\"width: 470px\" class=\"wp-caption aligncenter\"><a href=\"https:\/\/www.diarioimagen.net\/?attachment_id=599060\" rel=\"attachment wp-att-599060\"><img loading=\"lazy\" decoding=\"async\" aria-describedby=\"caption-attachment-599060\" class=\"size-full wp-image-599060\" src=\"https:\/\/www.diarioimagen.net\/wp-content\/uploads\/2023\/10\/amlo-7.jpg\" alt=\"\" width=\"460\" height=\"270\" \/><\/a><p id=\"caption-attachment-599060\" class=\"wp-caption-text\">El presidente Andr\u00e9s Manuel L\u00f3pez Obrador llam\u00f3 a la poblaci\u00f3n a vacunarse sin miedo a los biol\u00f3gicos que se est\u00e1n usando en campa\u00f1a contra influenza y Covid.<\/p><\/div>\n<p>&nbsp;<\/p>\n<p>Tras el inicio de la campa\u00f1a nacional de vacunaci\u00f3n contra influenza estacional y la Covid-19 con motivo de la temporada invernal, el presidente Andr\u00e9s Manuel L\u00f3pez Obrador llam\u00f3 a la poblaci\u00f3n a inmunizarse sin miedo a los biol\u00f3gicos que se est\u00e1n usando y anunci\u00f3 que la pr\u00f3xima semana \u00e9l lo har\u00e1.<\/p>\n<p>\u201cCualquiera de las que se est\u00e1n aplicando (vacunas) son buenas. Est\u00e1n aceptadas y reconocidas por Cofepris\u201d, se\u00f1al\u00f3 el primer mandatario en su conferencia ma\u00f1anera.<\/p>\n<p>\u201cMe voy a vacunar, creo que la semana que viene, con cualquiera de las que est\u00e9 disponible. Voy a aprovechar para ponerme las dos: la de influenza y la de Covid, creo que la semana que viene\u201d.<\/p>\n<p>El jefe del Ejecutivo federal adelant\u00f3 que tal vez podr\u00eda hacerlo el martes de la pr\u00f3xima semana, en la misma ma\u00f1anera, pues ese d\u00eda se abordar\u00e1 el tema de salud, como cada 15 d\u00edas los martes en la conferencia en Palacio Nacional.<\/p>\n<p>\u201cA lo mejor el martes que vienen los de Salud, aqu\u00ed me van a jeringar, pues todos a vacunarnos, a protegernos\u201d.<\/p>\n<p>Actualmente, M\u00e9xico cuenta con lotes de la vacuna cubana Abdala, y en breve llegar\u00e1n al pa\u00eds otros tantos de la rusa Sputnik para cubrir a los millones de personas que se pretende abarcar en esta jornada de vacunaci\u00f3n.<\/p>\n<p style=\"text-align: center;\"><strong>\u201cPecado y verg\u00fcenza\u201d, defender privilegios<br \/>\nde magistrados, ministros y jueces: AMLO<\/strong><\/p>\n<p>Ante las protestas de algunos sectores del Poder Judicial y por las impugnaciones que legisladores de la oposici\u00f3n preparan tras la eliminaci\u00f3n en el Legislativo de 13 fideicomisos de ese poder, el presidente Andr\u00e9s Manuel L\u00f3pez Obrador se\u00f1al\u00f3 que es \u201cpecado social y una verg\u00fcenza\u201d defender los privilegios de ministros, magistrados y jueces.<\/p>\n<p>\u201cEs lamentable que estas cosas se est\u00e1n expresando o manifestando, que se den estas protestas, porque es injusto es defender privilegios, es pecado social. \u00bfC\u00f3mo se va a defender a quienes viven colmados de atenciones, de privilegios?\u201d, respondi\u00f3 a pregunta expresa.<\/p>\n<p>El mandatario federal infiri\u00f3 que el propio Poder Judicial se convertir\u00eda en juez y parte, pues ser\u00e1n ellos mismos quienes decidan en torno a privilegios que se afanan en mantener, pues nulificar\u00edan la decisi\u00f3n de otro poder aut\u00f3nomo, el Legislativo<\/p>\n<p>\u201cEs un exhorto, hago un llamamiento a todos los abogados de M\u00e9xico para que analicen si es constitucional, si no se va a romper el orden constitucional con lo que van a hacer, porque un poder independiente, igual que el Poder Judicial, otro poder independiente, el Poder Legislativo, que tiene la funci\u00f3n de aprobar la ley de ingresos, que tiene como funci\u00f3n legislar y de manera espec\u00edfica tiene como funci\u00f3n aprobar el presupuesto, resulta que va a ser nulificado, porque van, seguramente, a presentar los legisladores de la oposici\u00f3n, un recurso para declarar inconstitucional la aprobaci\u00f3n de la cancelaci\u00f3n de los fideicomisos\u201d, se\u00f1al\u00f3.<\/p>\n<p style=\"text-align: center;\"><strong>Grupo M\u00e9xico dispuesto a dialogar sobre derrame en el r\u00edo Sonora<\/strong><\/p>\n<p>En otro tema, el Presidente celebr\u00f3 que Grupo M\u00e9xico busca un acercamiento con el gobierno federal para abordar la remediaci\u00f3n del derrame de 40 mil metros c\u00fabicos de sulfato de cobre acidulado ocurrido en 2014 en un afluente del r\u00edo Sonora, en lo que se considera el peor desastre ambiental de la historia de la miner\u00eda met\u00e1lica en el pa\u00eds.<\/p>\n<p>El mandatario expuso que la Secretar\u00eda de Gobernaci\u00f3n recibi\u00f3 el lunes un escrito de la empresa de Germ\u00e1n Larrea \u201ccon la intenci\u00f3n de establecer un di\u00e1logo para atender varios asuntos, uno de ellos es el de buscar una soluci\u00f3n al problema de la contaminaci\u00f3n del r\u00edo Sonora\u201d.<\/p>\n<p>El primer mandatario explic\u00f3 que Grupo M\u00e9xico \u201cest\u00e1 pidiendo que se establezca una mesa para hacer un di\u00e1logo y una revisi\u00f3n de los estudios que hizo la Secretar\u00eda de Medio Ambiente y poder remediar esta situaci\u00f3n grave de contaminaci\u00f3n del r\u00edo\u201d.<\/p>\n","protected":false},"excerpt":{"rendered":"<p>Tras el inicio de la campa\u00f1a nacional de vacunaci\u00f3n contra influenza estacional y la Covid-19 con motivo de la temporada invernal, el presidente Andr\u00e9s Manuel L\u00f3pez Obrador llam\u00f3 a la poblaci\u00f3n a inmunizarse sin miedo a los biol\u00f3gicos que se est\u00e1n usando y anunci\u00f3 que la pr\u00f3xima semana \u00e9l lo har\u00e1.<\/p>\n","protected":false},"author":3,"featured_media":599060,"comment_status":"open","ping_status":"open","sticky":false,"template":"","format":"standard","meta":{"_monsterinsights_skip_tracking":false,"_monsterinsights_sitenote_active":false,"_monsterinsights_sitenote_note":"","_monsterinsights_sitenote_category":0,"footnotes":""},"categories":[3],"tags":[2545,4594,92286],"class_list":["post-598966","post","type-post","status-publish","format-standard","has-post-thumbnail","hentry","category-nacional","tag-amlo","tag-grupo-mexico","tag-vacunarse"],"_links":{"self":[{"href":"https:\/\/www.diarioimagen.net\/index.php?rest_route=\/wp\/v2\/posts\/598966","targetHints":{"allow":["GET"]}}],"collection":[{"href":"https:\/\/www.diarioimagen.net\/index.php?rest_route=\/wp\/v2\/posts"}],"about":[{"href":"https:\/\/www.diarioimagen.net\/index.php?rest_route=\/wp\/v2\/types\/post"}],"author":[{"embeddable":true,"href":"https:\/\/www.diarioimagen.net\/index.php?rest_route=\/wp\/v2\/users\/3"}],"replies":[{"embeddable":true,"href":"https:\/\/www.diarioimagen.net\/index.php?rest_route=%2Fwp%2Fv2%2Fcomments&post=598966"}],"version-history":[{"count":0,"href":"https:\/\/www.diarioimagen.net\/index.php?rest_route=\/wp\/v2\/posts\/598966\/revisions"}],"wp:featuredmedia":[{"embeddable":true,"href":"https:\/\/www.diarioimagen.net\/index.php?rest_route=\/wp\/v2\/media\/599060"}],"wp:attachment":[{"href":"https:\/\/www.diarioimagen.net\/index.php?rest_route=%2Fwp%2Fv2%2Fmedia&parent=598966"}],"wp:term":[{"taxonomy":"category","embeddable":true,"href":"https:\/\/www.diarioimagen.net\/index.php?rest_route=%2Fwp%2Fv2%2Fcategories&post=598966"},{"taxonomy":"post_tag","embeddable":true,"href":"https:\/\/www.diarioimagen.net\/index.php?rest_route=%2Fwp%2Fv2%2Ftags&post=598966"}],"curies":[{"name":"wp","href":"https:\/\/api.w.org\/{rel}","templated":true}]}}