{"id":598969,"date":"2023-10-19T00:03:37","date_gmt":"2023-10-19T06:03:37","guid":{"rendered":"https:\/\/www.diarioimagen.net\/?p=598969"},"modified":"2023-10-19T22:33:52","modified_gmt":"2023-10-20T04:33:52","slug":"alertan-empresarios-sobre-costos-millonarios-si-reducen-la-jornada-laboral-a-40-horas","status":"publish","type":"post","link":"https:\/\/www.diarioimagen.net\/?p=598969","title":{"rendered":"Alertan empresarios sobre costos millonarios si reducen la jornada laboral a 40 horas"},"content":{"rendered":"<p><strong>\u00a0<\/strong><\/p>\n<h3 style=\"text-align: center;\">Habr\u00eda alza en precios de productos y servicios<\/h3>\n<p><em>\u00a0<\/em><\/p>\n<ul>\n<li><strong><em>M\u00e1s gasto en n\u00f3mina por concepto de tiempo extra y descansos trabajados<\/em><\/strong><\/li>\n<\/ul>\n<p>&nbsp;<\/p>\n<div id=\"attachment_599050\" style=\"width: 470px\" class=\"wp-caption aligncenter\"><a href=\"https:\/\/www.diarioimagen.net\/?attachment_id=599050\" rel=\"attachment wp-att-599050\"><img loading=\"lazy\" decoding=\"async\" aria-describedby=\"caption-attachment-599050\" class=\"size-full wp-image-599050\" src=\"https:\/\/www.diarioimagen.net\/wp-content\/uploads\/2023\/10\/reduccion-jornada.jpg\" alt=\"\" width=\"460\" height=\"270\" \/><\/a><p id=\"caption-attachment-599050\" class=\"wp-caption-text\">Empresarios se manifestaron en contra de reducir a 40 horas semanales la jornada laboral en M\u00e9xico por los impactos econ\u00f3micos que conllevar\u00eda.<\/p><\/div>\n<p>&nbsp;<\/p>\n<p>De aprobarse en el Congreso el dictamen de la reforma al Art\u00edculo 123 del Apartado A de la Constituci\u00f3n que plantea la reducci\u00f3n de la jornada laboral en M\u00e9xico de 48 a 40 horas de trabajo semanales, habr\u00eda un impacto econ\u00f3mico de 360 mil millones de pesos para las empresas, asegur\u00f3 Lorenzo Roel, presidente de la Comisi\u00f3n Laboral del Consejo Coordinador Empresarial (CCE).<\/p>\n<p>\u201cDebido a las condiciones actuales del empleabilidad, productividad e informalidad, el alto impacto de las iniciativas en materia de reducci\u00f3n de jornada laboral aplicable a todas las actividad productivas no generar\u00eda mayor productividad ni mayor descansos para los trabajadores como err\u00f3neamente se ha verbalizado, sino que impactar\u00e1 en pago de tiempo extra y d\u00edas de descanso laborados que incrementar\u00e1 los costos laborales entre un 25 a 40% y que en consecuencia provocar\u00e1 el incremento en los precios de productos y servicios\u201d, recalc\u00f3 Lorenzo Roel.<\/p>\n<p>Argument\u00f3 que la reforma implicar\u00e1 la reducci\u00f3n de jornada de 48 a 40 horas semanales en empresas que realizan actividades productivas en tres turnos: diurno, mixto y nocturno, las cuales pertenecen en su mayor\u00eda a la manufactura y son las que tienen mayor impacto en el Producto Interno Bruto (PIB).<\/p>\n<p>\u201cSe estima que dicha reducci\u00f3n requerir\u00e1 que se cubran 105 millones de horas semanales que actualmente laboran trabajadores con jornadas mayores a 40 horas.<\/p>\n<p>Esto implica que se requerir\u00edan cuando menos 2.6 millones de personas trabajadoras que laboren jornadas reducidas, lo cual es pr\u00e1cticamente imposible, adem\u00e1s de que el costo por concepto de tiempo extra y d\u00edas de descanso laborado, tendr\u00eda un impacto anual de 360 mil millones de pesos\u201d, manifest\u00f3.<\/p>\n<p>Roel hizo un llamado a fomentar el di\u00e1logo antes de aprobar esta reforma que fue presentada por la diputada Susana Prieto.<\/p>\n<p>\u201cComo resultado del di\u00e1logo social, que se pueda definir en qu\u00e9 actividades la reducci\u00f3n del trabajo puede hacerse de forma progresiva, cuando sea apropiado y de acuerdo a las circunstancias nacionales\u201d, dijo.<\/p>\n<p>A su vez, Ricardo Barbosa, presidente de la Comisi\u00f3n Laboral de la Confederaci\u00f3n Patronal de la Rep\u00fablica Mexicana (Coparmex), consider\u00f3 que no es el momento de aprobar la reforma tal y como est\u00e1 planteada.<\/p>\n<p>\u201cEl aumento en la n\u00f3mina es del 35 al 40 por ciento y no hay ning\u00fan empleador que pueda absorber este incremento, sin que se eleven los precios\u201d, coment\u00f3.<\/p>\n<p>Antes de pasar este dictamen, expuso, se debe trabajar en reducir la informalidad que existe en todo el pa\u00eds y que va en aumento.<\/p>\n<p>M\u00e9xico es el pa\u00eds de la Organizaci\u00f3n para la Cooperaci\u00f3n y el Desarrollo Econ\u00f3micos (OCDE) donde m\u00e1s se trabaja. Con un promedio de 2,137 horas laborales al a\u00f1o por persona, queda muy por encima de las 1,726 horas promedio de la agrupaci\u00f3n. Sin embargo, esto no ha significado una mayor producci\u00f3n en el pa\u00eds y mucho menos mejores salarios y condiciones de vida para las personas trabajadoras.<\/p>\n","protected":false},"excerpt":{"rendered":"<p>De aprobarse en el Congreso el dictamen de la reforma al Art\u00edculo 123 del Apartado A de la Constituci\u00f3n que plantea la reducci\u00f3n de la jornada laboral en M\u00e9xico de 48 a 40 horas de trabajo semanales, habr\u00eda un impacto econ\u00f3mico de 360 mil millones de pesos para las empresas, asegur\u00f3 Lorenzo Roel, presidente de la Comisi\u00f3n Laboral del Consejo Coordinador Empresarial (CCE).<\/p>\n","protected":false},"author":3,"featured_media":599050,"comment_status":"open","ping_status":"open","sticky":false,"template":"","format":"standard","meta":{"_monsterinsights_skip_tracking":false,"_monsterinsights_sitenote_active":false,"_monsterinsights_sitenote_note":"","_monsterinsights_sitenote_category":0,"footnotes":""},"categories":[17,8],"tags":[26200,50405,39329,98766],"class_list":["post-598969","post","type-post","status-publish","format-standard","has-post-thumbnail","hentry","category-especiales","category-finanzas","tag-costo","tag-jornada","tag-laboral","tag-reducen"],"_links":{"self":[{"href":"https:\/\/www.diarioimagen.net\/index.php?rest_route=\/wp\/v2\/posts\/598969","targetHints":{"allow":["GET"]}}],"collection":[{"href":"https:\/\/www.diarioimagen.net\/index.php?rest_route=\/wp\/v2\/posts"}],"about":[{"href":"https:\/\/www.diarioimagen.net\/index.php?rest_route=\/wp\/v2\/types\/post"}],"author":[{"embeddable":true,"href":"https:\/\/www.diarioimagen.net\/index.php?rest_route=\/wp\/v2\/users\/3"}],"replies":[{"embeddable":true,"href":"https:\/\/www.diarioimagen.net\/index.php?rest_route=%2Fwp%2Fv2%2Fcomments&post=598969"}],"version-history":[{"count":0,"href":"https:\/\/www.diarioimagen.net\/index.php?rest_route=\/wp\/v2\/posts\/598969\/revisions"}],"wp:featuredmedia":[{"embeddable":true,"href":"https:\/\/www.diarioimagen.net\/index.php?rest_route=\/wp\/v2\/media\/599050"}],"wp:attachment":[{"href":"https:\/\/www.diarioimagen.net\/index.php?rest_route=%2Fwp%2Fv2%2Fmedia&parent=598969"}],"wp:term":[{"taxonomy":"category","embeddable":true,"href":"https:\/\/www.diarioimagen.net\/index.php?rest_route=%2Fwp%2Fv2%2Fcategories&post=598969"},{"taxonomy":"post_tag","embeddable":true,"href":"https:\/\/www.diarioimagen.net\/index.php?rest_route=%2Fwp%2Fv2%2Ftags&post=598969"}],"curies":[{"name":"wp","href":"https:\/\/api.w.org\/{rel}","templated":true}]}}