{"id":598977,"date":"2023-10-19T00:03:42","date_gmt":"2023-10-19T06:03:42","guid":{"rendered":"https:\/\/www.diarioimagen.net\/?p=598977"},"modified":"2023-10-19T02:58:03","modified_gmt":"2023-10-19T08:58:03","slug":"plantea-el-prd-que-los-regidores-en-edomex-rindan-cuentas-a-ciudadanos","status":"publish","type":"post","link":"https:\/\/www.diarioimagen.net\/?p=598977","title":{"rendered":"Plantea el PRD que los regidores en Edomex rindan cuentas a ciudadanos"},"content":{"rendered":"<p>&nbsp;<\/p>\n<ul>\n<li><em><strong>Presenta reforma a Ley Org\u00e1nica Municipal<\/strong><\/em><\/li>\n<\/ul>\n<p>&nbsp;<\/p>\n<div id=\"attachment_599072\" style=\"width: 470px\" class=\"wp-caption aligncenter\"><a href=\"https:\/\/www.diarioimagen.net\/?attachment_id=599072\" rel=\"attachment wp-att-599072\"><img loading=\"lazy\" decoding=\"async\" aria-describedby=\"caption-attachment-599072\" class=\"size-full wp-image-599072\" src=\"https:\/\/www.diarioimagen.net\/wp-content\/uploads\/2023\/10\/plantea-prd.jpg\" alt=\"\" width=\"460\" height=\"270\" \/><\/a><p id=\"caption-attachment-599072\" class=\"wp-caption-text\">La diputada Elida Castel\u00e1n present\u00f3 una reforma a La Ley Org\u00e1nica Municipal del Estado de M\u00e9xico para que regudores rindan informe a la ciudadan\u00eda.<\/p><\/div>\n<p>&nbsp;<\/p>\n<p><strong>Toluca, Estado de M\u00e9xico.\u2014<\/strong> Con el objetivo de promover la rendici\u00f3n de cuentas y transparencia del trabajo que realizan las y los regidores de los 125 municipios mexiquenses, la diputada Elida Castel\u00e1n Mondrag\u00f3n present\u00f3 una reforma a La Ley Org\u00e1nica Municipal del Estado de M\u00e9xico.<\/p>\n<p>La iniciativa promueve que los regidores presenten un informe anual, en el que den cuenta a la ciudadan\u00eda de su trabajo al interior de las sesiones de cabildo, as\u00ed como de las gestiones hechas en favor de su respectivo municipio.<\/p>\n<p>Durante la exposici\u00f3n de motivos, Elida Castel\u00e1n refiri\u00f3 que en 18 entidades del pa\u00eds, han sido aprobadas reformas en las que se contempla que las y los integrantes de los cabildos presenten informes de su trabajo en favor de la ciudadan\u00eda.<\/p>\n<p>En este sentido, asegur\u00f3 que existe procedencia de derecho para que el Estado de M\u00e9xico, se sume al listado de los estados en donde las y los regidores rinden informes anuales, \u201clos cuales buscan dar mayor voz a los que sufren la cerraz\u00f3n del presidente municipal\u201d.<\/p>\n<p>\u201cLos regidores mexiquenses merecen tener un instrumento que les permita defenderse de los excesos, por ello consideramos la posibilidad de dotarlos de capacidad de informar y rendir cuentas a los habitantes de su demarcaci\u00f3n territorial\u201d, indic\u00f3 Elida Castel\u00e1n.<\/p>\n<p>La diputada e integrante del Grupo Parlamentario del PRD dijo que, de ser aprobada la iniciativa, se fortalece la rendici\u00f3n de cuentas, se encauza la transparencia, se robustece la municipalidad, se contribuye a consolidar la pluralidad del cuerpo colegiado, adem\u00e1s que se contribuir\u00eda a cambiar la percepci\u00f3n ciudadana de las y los representantes populares en la entidad mexiquense.<\/p>\n","protected":false},"excerpt":{"rendered":"<p>Con el objetivo de promover la rendici\u00f3n de cuentas y transparencia del trabajo que realizan las y los regidores de los 125 municipios mexiquenses, la diputada Elida Castel\u00e1n Mondrag\u00f3n present\u00f3 una reforma a La Ley Org\u00e1nica Municipal del Estado de M\u00e9xico.<\/p>\n","protected":false},"author":3,"featured_media":599072,"comment_status":"open","ping_status":"open","sticky":false,"template":"","format":"standard","meta":{"_monsterinsights_skip_tracking":false,"_monsterinsights_sitenote_active":false,"_monsterinsights_sitenote_note":"","_monsterinsights_sitenote_category":0,"footnotes":""},"categories":[5],"tags":[43675,211,65376,452],"class_list":["post-598977","post","type-post","status-publish","format-standard","has-post-thumbnail","hentry","category-estado-de-mexico","tag-estado-de-mexico","tag-prd","tag-regidores","tag-toluca"],"_links":{"self":[{"href":"https:\/\/www.diarioimagen.net\/index.php?rest_route=\/wp\/v2\/posts\/598977","targetHints":{"allow":["GET"]}}],"collection":[{"href":"https:\/\/www.diarioimagen.net\/index.php?rest_route=\/wp\/v2\/posts"}],"about":[{"href":"https:\/\/www.diarioimagen.net\/index.php?rest_route=\/wp\/v2\/types\/post"}],"author":[{"embeddable":true,"href":"https:\/\/www.diarioimagen.net\/index.php?rest_route=\/wp\/v2\/users\/3"}],"replies":[{"embeddable":true,"href":"https:\/\/www.diarioimagen.net\/index.php?rest_route=%2Fwp%2Fv2%2Fcomments&post=598977"}],"version-history":[{"count":0,"href":"https:\/\/www.diarioimagen.net\/index.php?rest_route=\/wp\/v2\/posts\/598977\/revisions"}],"wp:featuredmedia":[{"embeddable":true,"href":"https:\/\/www.diarioimagen.net\/index.php?rest_route=\/wp\/v2\/media\/599072"}],"wp:attachment":[{"href":"https:\/\/www.diarioimagen.net\/index.php?rest_route=%2Fwp%2Fv2%2Fmedia&parent=598977"}],"wp:term":[{"taxonomy":"category","embeddable":true,"href":"https:\/\/www.diarioimagen.net\/index.php?rest_route=%2Fwp%2Fv2%2Fcategories&post=598977"},{"taxonomy":"post_tag","embeddable":true,"href":"https:\/\/www.diarioimagen.net\/index.php?rest_route=%2Fwp%2Fv2%2Ftags&post=598977"}],"curies":[{"name":"wp","href":"https:\/\/api.w.org\/{rel}","templated":true}]}}