{"id":598988,"date":"2023-10-19T00:01:18","date_gmt":"2023-10-19T06:01:18","guid":{"rendered":"https:\/\/www.diarioimagen.net\/?p=598988"},"modified":"2023-10-18T23:25:06","modified_gmt":"2023-10-19T05:25:06","slug":"la-ira-de-claudia","status":"publish","type":"post","link":"https:\/\/www.diarioimagen.net\/?p=598988","title":{"rendered":"La ira de Claudia"},"content":{"rendered":"<h2>De pe a pa<\/h2>\n<h5>Alberto Vieyra G.<\/h5>\n<p>&nbsp;<\/p>\n<p>Rabiosa campa\u00f1a lleva a cabo Andr\u00e9s Manuel L\u00f3pez Obrador y su dedazo favorito, Claudia Sheinbaum, contra el INE y la Suprema Corte de Justicia de la Naci\u00f3n y con una ret\u00f3rica populista juran y perjuran que acabar\u00e1n con ambas instituciones, que han representado un verdadero contrapeso contra el ponzo\u00f1oso presidencialismo del llamado falso <em>Mes\u00edas tropical<\/em>.<\/p>\n<p>En Morena montaron el c\u00f3lera, despu\u00e9s de que el INE le orden\u00f3 a la se\u00f1ora Sheinbaum frenar su campa\u00f1a electoral anticipada en la que se presume que hay un derroche escandaloso de nuestros dineros p\u00fablicos y porque el \u00e1rbitro electoral de M\u00e9xico lleg\u00f3 a la conclusi\u00f3n de que los m\u00edtines de la se\u00f1ora Sheinbaum deben ser a puerta cerrada y solamente con militantes del partido del Presidente de la Rep\u00fablica. Tambi\u00e9n se le par\u00f3 a X\u00f3chitl que deje de hacer campa\u00f1a publicitaria.<\/p>\n<p>De inmediato, los jerarcas de Morena, a trav\u00e9s de Citlali Hern\u00e1ndez, advirtieron que el partido guinda tiene como finalidad principal acabar con el INE, que hasta ahora ha sido garante de la democracia azteca.<\/p>\n<p>La se\u00f1ora Sheinbaum, por su parte, no baja a los ministros de la Corte de corruptos y de pertenecer a una clase privilegiada de mexicanos que se chupan anualmente los presupuestos federales mientras que jueces, magistrados y ministros tardan hasta 10 a\u00f1os o m\u00e1s en dictar sentencias y procurar que la justicia sea pronta y sin distinci\u00f3n de razas, credos o filiaci\u00f3n pol\u00edtica, como lo afirm\u00f3 AMLO en su ma\u00f1anera de este martes 17 de octubre, cuando enfurecido critic\u00f3 y le ech\u00f3 carrilla al Poder Judicial, despu\u00e9s de que los trabajadores de ese Poder quemaron una pi\u00f1ata con la efigie de AMLO en protesta porque \u00e9ste est\u00e1 empe\u00f1ado en condenarlos a la mendicidad, pues busca a c\u00f3mo de lugar acabar con 13 de 14 fideicomisos y quitarles unos 15 mil millones de pesos para cuestiones sociales como pensiones y seguridad para los impartidores de justicia.<\/p>\n<p>Por su lado, Claudia, invariablemente en su perorata populista, arremete contra el Poder Judicial y lo primero que pregunta es <strong>\u201c\u00bfSaben ustedes cu\u00e1nto gana un ministro de la Suprema Corte? Gana 300 mil pesos mensuales\u201d.<\/strong><\/p>\n<p>S\u00ed, efectivamente eso ganan los se\u00f1ores ministros de la Corte, pero se trata de un sueldo integrado por mandato constitucional, pero la \u201ccorcholata\u201d de AMLO lo \u00fanico que est\u00e1 haciendo es empinar a su jefe, pues las redes sociales est\u00e1n siendo atestadas por gente de a pie que asegura que AMLO gana un total entre 7 y 8 millones de pesos al mes, contando sus seguros de vida, de gastos m\u00e9dicos, la alimentaci\u00f3n de \u00e9l y su familia en Palacio Nacional, m\u00e1s las tertulias aunque sean con tamales de Chipil\u00edn, personal del Ej\u00e9rcito a su servicio, escoltas especiales para \u00e9l y todo los miembros de su familia y muchos otros privilegios que ni los estadistas del primer mundo tienen, pero \u00e9l se hace pasar como un populista politicastro que dice amular a Benito Ju\u00e1rez en eso de la honrosa median\u00eda.<\/p>\n<p>S\u00f3lo que la austeridad de Ju\u00e1rez era real, porque por aquellos aciagos a\u00f1os la Rep\u00fablica estaba en la vil chilla, pues solamente tributaban a las arcas de la naci\u00f3n 8 estados del pa\u00eds y Ju\u00e1rez tuvo que verse obligado a declarar en 1861 la moratoria al pago de la deuda externa, lo que motiv\u00f3 que Francia, Espa\u00f1a e Inglaterra invadieran a M\u00e9xico, s\u00f3lo que la intenci\u00f3n de Francia era otra, apoderarse de la naci\u00f3n azteca para convertirla en un protectorado franc\u00e9s.<\/p>\n<p>Pero, adem\u00e1s, do\u00f1a Claudia est\u00e1 escupiendo pa\u2019rriba, porque le est\u00e1n tupiendo en las redes sociales en materia de corrupci\u00f3n y sobre los muertos que arrastra del Colegio R\u00e9bsamen, del metrazo en la L\u00ednea 12 y de los decesos provocados en la Ciudad de M\u00e9xico por la Ivermectina durante la pandemia del coronavirus y, de pil\u00f3n, que sus padres pagaron una millonada para obtener un acta de nacimiento que la acredita como mexicana, pues ella naci\u00f3 en Europa y legalmente estar\u00eda impedida para ser Presidenta de M\u00e9xico.<\/p>\n<p><em><a href=\"mailto:info@agenciamn.com\" target=\"_blank\" rel=\"noopener noreferrer\">info@agenciamn.com<\/a><\/em><\/p>\n","protected":false},"excerpt":{"rendered":"<p><span style=\"color: #005497;\"><strong>Alberto Vieyra G.<\/strong><\/span><\/p>\n","protected":false},"author":3,"featured_media":0,"comment_status":"open","ping_status":"open","sticky":false,"template":"","format":"standard","meta":{"_monsterinsights_skip_tracking":false,"_monsterinsights_sitenote_active":false,"_monsterinsights_sitenote_note":"","_monsterinsights_sitenote_category":0,"footnotes":""},"categories":[4596],"tags":[43697,4597,43674],"class_list":["post-598988","post","type-post","status-publish","format-standard","hentry","category-alberto-vieyra-g","tag-alberto-vieyra-g","tag-de-pe-a-pa","tag-opinion"],"_links":{"self":[{"href":"https:\/\/www.diarioimagen.net\/index.php?rest_route=\/wp\/v2\/posts\/598988","targetHints":{"allow":["GET"]}}],"collection":[{"href":"https:\/\/www.diarioimagen.net\/index.php?rest_route=\/wp\/v2\/posts"}],"about":[{"href":"https:\/\/www.diarioimagen.net\/index.php?rest_route=\/wp\/v2\/types\/post"}],"author":[{"embeddable":true,"href":"https:\/\/www.diarioimagen.net\/index.php?rest_route=\/wp\/v2\/users\/3"}],"replies":[{"embeddable":true,"href":"https:\/\/www.diarioimagen.net\/index.php?rest_route=%2Fwp%2Fv2%2Fcomments&post=598988"}],"version-history":[{"count":0,"href":"https:\/\/www.diarioimagen.net\/index.php?rest_route=\/wp\/v2\/posts\/598988\/revisions"}],"wp:attachment":[{"href":"https:\/\/www.diarioimagen.net\/index.php?rest_route=%2Fwp%2Fv2%2Fmedia&parent=598988"}],"wp:term":[{"taxonomy":"category","embeddable":true,"href":"https:\/\/www.diarioimagen.net\/index.php?rest_route=%2Fwp%2Fv2%2Fcategories&post=598988"},{"taxonomy":"post_tag","embeddable":true,"href":"https:\/\/www.diarioimagen.net\/index.php?rest_route=%2Fwp%2Fv2%2Ftags&post=598988"}],"curies":[{"name":"wp","href":"https:\/\/api.w.org\/{rel}","templated":true}]}}