{"id":599129,"date":"2023-10-20T00:02:22","date_gmt":"2023-10-20T06:02:22","guid":{"rendered":"https:\/\/www.diarioimagen.net\/?p=599129"},"modified":"2023-10-20T02:24:33","modified_gmt":"2023-10-20T08:24:33","slug":"suma-el-pvem-a-ex-secretario-de-organizacion-del-pri-edgardo-rebollar-perez","status":"publish","type":"post","link":"https:\/\/www.diarioimagen.net\/?p=599129","title":{"rendered":"Suma el PVEM a ex secretario de Organizaci\u00f3n del PRI, Edgardo Rebollar P\u00e9rez"},"content":{"rendered":"<p>&nbsp;<\/p>\n<p><a href=\"https:\/\/www.diarioimagen.net\/?attachment_id=599213\" rel=\"attachment wp-att-599213\"><img loading=\"lazy\" decoding=\"async\" class=\"aligncenter size-full wp-image-599213\" src=\"https:\/\/www.diarioimagen.net\/wp-content\/uploads\/2023\/10\/suma-pvem.jpg\" alt=\"\" width=\"460\" height=\"270\" \/><\/a><\/p>\n<p>&nbsp;<\/p>\n<p>El ex secretario de Organizaci\u00f3n del Comit\u00e9 Directivo Estatal del Partido Revolucionario Institucional (PRI) y ex subsecretario de Organizaci\u00f3n del Comit\u00e9 Ejecutivo Nacional de esta organizaci\u00f3n, Edgardo Rebollar P\u00e9rez se sum\u00f3 a las filas del Partido Verde Ecologista de M\u00e9xico (PVEM) en el Estado de M\u00e9xico, con lo cual contin\u00faa el fortalecimiento de la estructura de este instituto pol\u00edtico.<\/p>\n<p>Como parte de las adhesiones semanales que ha realizado su dirigente estatal. Jos\u00e9 Alberto Couttolenc Buentello, toc\u00f3 turno a Rebollar P\u00e9rez quien anunci\u00f3 la conclusi\u00f3n de su participaci\u00f3n como militante en el PRI, tras una \u201creflexi\u00f3n de mucho tiempo y una decepci\u00f3n por la p\u00e9rdida del rumbo del Revolucionario Institucional y la cancelaci\u00f3n de oportunidades de quienes le han dado tiempo, dedicaci\u00f3n y vigor\u201d.<\/p>\n<p>Agradeci\u00f3 a \u201cPepe\u201d Couttolenc por abrirle las puertas del Verde en la entidad, al tiempo de asegurar que su lucha por construir un mejor futuro continuar\u00e1 desde estas filas ecologistas, \u201ccon la noble expectativa de contribuir a lograr un M\u00e9xico m\u00e1s justo y democr\u00e1tico\u201d.<\/p>\n<p>\u201cEl Partido Verde y su dirigente nos permite abrir nuevos canales de participaci\u00f3n ante aquellos que se cerraron para la expresi\u00f3n y la deliberaci\u00f3n pol\u00edtica en favor de las mejores causas de M\u00e9xico\u201d, finaliz\u00f3.<\/p>\n<p>\u201cPepe\u201d Couttolenc destac\u00f3 la trayectoria pol\u00edtica de Rebollar P\u00e9rez, quien \u201cdurante muchos a\u00f1os organiz\u00f3 todas las elecciones, fue el que palome\u00f3 todos los candidatos y conoce este estado como la palma de su mano. Hoy se suma a los trabajos del Partido Verde, no nada m\u00e1s en Toluca, sino en el Estado de M\u00e9xico y seguro estoy que su experiencia, su capacidad y su tenacidad para ganar elecciones van a ser de extraordinaria suma para el Partido Verde\u201d.<\/p>\n","protected":false},"excerpt":{"rendered":"<p>El ex secretario de Organizaci\u00f3n del Comit\u00e9 Directivo Estatal del Partido Revolucionario Institucional (PRI) y ex subsecretario de Organizaci\u00f3n del Comit\u00e9 Ejecutivo Nacional de esta organizaci\u00f3n, Edgardo Rebollar P\u00e9rez se sum\u00f3 a las filas del Partido Verde Ecologista de M\u00e9xico (PVEM) en el Estado de M\u00e9xico, con lo cual contin\u00faa el fortalecimiento de la estructura de este instituto pol\u00edtico.<\/p>\n","protected":false},"author":3,"featured_media":599213,"comment_status":"open","ping_status":"open","sticky":false,"template":"","format":"standard","meta":{"_monsterinsights_skip_tracking":false,"_monsterinsights_sitenote_active":false,"_monsterinsights_sitenote_note":"","_monsterinsights_sitenote_category":0,"footnotes":""},"categories":[5],"tags":[98780,1416,93064],"class_list":["post-599129","post","type-post","status-publish","format-standard","has-post-thumbnail","hentry","category-estado-de-mexico","tag-edgardo-rebollar-perez","tag-pvem","tag-suma"],"_links":{"self":[{"href":"https:\/\/www.diarioimagen.net\/index.php?rest_route=\/wp\/v2\/posts\/599129","targetHints":{"allow":["GET"]}}],"collection":[{"href":"https:\/\/www.diarioimagen.net\/index.php?rest_route=\/wp\/v2\/posts"}],"about":[{"href":"https:\/\/www.diarioimagen.net\/index.php?rest_route=\/wp\/v2\/types\/post"}],"author":[{"embeddable":true,"href":"https:\/\/www.diarioimagen.net\/index.php?rest_route=\/wp\/v2\/users\/3"}],"replies":[{"embeddable":true,"href":"https:\/\/www.diarioimagen.net\/index.php?rest_route=%2Fwp%2Fv2%2Fcomments&post=599129"}],"version-history":[{"count":0,"href":"https:\/\/www.diarioimagen.net\/index.php?rest_route=\/wp\/v2\/posts\/599129\/revisions"}],"wp:featuredmedia":[{"embeddable":true,"href":"https:\/\/www.diarioimagen.net\/index.php?rest_route=\/wp\/v2\/media\/599213"}],"wp:attachment":[{"href":"https:\/\/www.diarioimagen.net\/index.php?rest_route=%2Fwp%2Fv2%2Fmedia&parent=599129"}],"wp:term":[{"taxonomy":"category","embeddable":true,"href":"https:\/\/www.diarioimagen.net\/index.php?rest_route=%2Fwp%2Fv2%2Fcategories&post=599129"},{"taxonomy":"post_tag","embeddable":true,"href":"https:\/\/www.diarioimagen.net\/index.php?rest_route=%2Fwp%2Fv2%2Ftags&post=599129"}],"curies":[{"name":"wp","href":"https:\/\/api.w.org\/{rel}","templated":true}]}}