{"id":599240,"date":"2023-10-23T00:01:39","date_gmt":"2023-10-23T06:01:39","guid":{"rendered":"https:\/\/www.diarioimagen.net\/?p=599240"},"modified":"2023-10-23T01:11:44","modified_gmt":"2023-10-23T07:11:44","slug":"el-magisterio-motor-para-la-transformacion-del-estado-de-mexico-delfina-gomez-alvarez","status":"publish","type":"post","link":"https:\/\/www.diarioimagen.net\/?p=599240","title":{"rendered":"El magisterio, motor para la transformaci\u00f3n del Estado de M\u00e9xico: Delfina G\u00f3mez \u00c1lvarez"},"content":{"rendered":"<p>&nbsp;<\/p>\n<ul>\n<li><em><strong>Reitera compromiso con los docentes<\/strong><\/em><\/li>\n<\/ul>\n<p><strong>\u00a0<\/strong><\/p>\n<h6>Arturo Baena<\/h6>\n<p>&nbsp;<\/p>\n<div id=\"attachment_599326\" style=\"width: 470px\" class=\"wp-caption aligncenter\"><a href=\"https:\/\/www.diarioimagen.net\/?attachment_id=599326\" rel=\"attachment wp-att-599326\"><img loading=\"lazy\" decoding=\"async\" aria-describedby=\"caption-attachment-599326\" class=\"size-full wp-image-599326\" src=\"https:\/\/www.diarioimagen.net\/wp-content\/uploads\/2023\/10\/magisterio-motor.jpg\" alt=\"\" width=\"460\" height=\"270\" \/><\/a><p id=\"caption-attachment-599326\" class=\"wp-caption-text\">La gobernadora Delfina G\u00f3mez asisti\u00f3 a la inauguraci\u00f3n\u00a0 del XLVI Consejo Estatal Ordinario del Sindicato de Maestros al Servicio del Estado de M\u00e9xico.<\/p><\/div>\n<p>&nbsp;<\/p>\n<p><strong>Toluca, Estado de M\u00e9xico.\u2014<\/strong> La gobernadora Delfina G\u00f3mez \u00c1lvarez asegur\u00f3 que el motor fundamental de la transformaci\u00f3n en la entidad mexiquense es el magisterio mexiquense y en todo momento contar\u00e1 con el apoyo y respaldo de su gobierno en favor de la educaci\u00f3n del Estado de M\u00e9xico.<\/p>\n<p>Al asistir\u00a0 a la inauguraci\u00f3n\u00a0 del XLVI Consejo Estatal Ordinario del Sindicato de Maestros al Servicio del Estado de M\u00e9xico (SMSEM), la mandataria mexiquense dijo que \u201cla Cuarta Transformaci\u00f3n es un proceso de justicia, un proceso de lucha, en donde debemos reconocer el esfuerzo del pueblo, es un proceso que nos recuerda que en el camino hacia un mejor estado y hacia un mejor pa\u00eds, debemos de valorar y apoyar a aquellos que dedican sus vidas a formar a otros, los maestros son el motor fundamental para el desarrollo de nuestro estado\u201d.<\/p>\n<p>Aunado a esto, indic\u00f3 que el gobierno que encabeza mantiene un constante compromiso lleno de respeto y apoyo con las y los docentes para mejorar las condiciones de vida en la entidad, pues la educaci\u00f3n es la clave para el acceso a una vida digna y con bienestar, adem\u00e1s de una herramienta para la construcci\u00f3n de una sociedad m\u00e1s justa e igualitaria.<\/p>\n<p>\u201cRecordemos que sin maestros no hay educaci\u00f3n, y el progreso s\u00f3lo es posible con educaci\u00f3n y con dedicaci\u00f3n, pero sobre todo con amor que tenemos hacia nuestros ni\u00f1os, nuestros j\u00f3venes y nuestros adultos\u201d, enfatiz\u00f3.<\/p>\n<p>Se\u00f1al\u00f3 que cualquier acci\u00f3n de gobierno que se implemente en su gesti\u00f3n, debe de contar con la participaci\u00f3n activa del pueblo, y con esta cercan\u00eda mantendr\u00e1 un gobierno de puertas abiertas.<\/p>\n<p>\u201cEstamos en la mejor disposici\u00f3n de sumar, de escuchar y de trabajar en equipo con todos los sectores, cada uno de ustedes como maestros y delegados sindicales es una pieza clave en este proceso del cambio que vive nuestro estado y nuestra educaci\u00f3n, y por eso, creemos que su participaci\u00f3n en espacios como \u00e9ste es fundamental para la construcci\u00f3n de mejores soluciones\u201d, destac\u00f3.<\/p>\n<p>Acompa\u00f1ada de integrantes del Gabinete Estatal y del Comit\u00e9 Ejecutivo Estatal del SMSEM, la Mandataria estatal entreg\u00f3 preseas al m\u00e9rito sindical \u201cProfesor Agrip\u00edn Garc\u00eda Estrada\u201d a Ignacio Saucedo D\u00edaz, Jorge Madrid Caudillo y Jacinto G\u00f3mez Urueta, tres destacados maestros que, han mantenimiento una trayectoria ejemplar al servicio de la educaci\u00f3n y la juventud del Estado de M\u00e9xico.<\/p>\n","protected":false},"excerpt":{"rendered":"<p>La gobernadora Delfina G\u00f3mez \u00c1lvarez asegur\u00f3 que el motor fundamental de la transformaci\u00f3n en la entidad mexiquense es el magisterio mexiquense y en todo momento contar\u00e1 con el apoyo y respaldo de su gobierno en favor de la educaci\u00f3n del Estado de M\u00e9xico.<\/p>\n","protected":false},"author":3,"featured_media":599326,"comment_status":"open","ping_status":"open","sticky":false,"template":"","format":"standard","meta":{"_monsterinsights_skip_tracking":false,"_monsterinsights_sitenote_active":false,"_monsterinsights_sitenote_note":"","_monsterinsights_sitenote_category":0,"footnotes":""},"categories":[5],"tags":[57859,43675,9874,452],"class_list":["post-599240","post","type-post","status-publish","format-standard","has-post-thumbnail","hentry","category-estado-de-mexico","tag-delfina-gomez-alvarez","tag-estado-de-mexico","tag-magisterio","tag-toluca"],"_links":{"self":[{"href":"https:\/\/www.diarioimagen.net\/index.php?rest_route=\/wp\/v2\/posts\/599240","targetHints":{"allow":["GET"]}}],"collection":[{"href":"https:\/\/www.diarioimagen.net\/index.php?rest_route=\/wp\/v2\/posts"}],"about":[{"href":"https:\/\/www.diarioimagen.net\/index.php?rest_route=\/wp\/v2\/types\/post"}],"author":[{"embeddable":true,"href":"https:\/\/www.diarioimagen.net\/index.php?rest_route=\/wp\/v2\/users\/3"}],"replies":[{"embeddable":true,"href":"https:\/\/www.diarioimagen.net\/index.php?rest_route=%2Fwp%2Fv2%2Fcomments&post=599240"}],"version-history":[{"count":0,"href":"https:\/\/www.diarioimagen.net\/index.php?rest_route=\/wp\/v2\/posts\/599240\/revisions"}],"wp:featuredmedia":[{"embeddable":true,"href":"https:\/\/www.diarioimagen.net\/index.php?rest_route=\/wp\/v2\/media\/599326"}],"wp:attachment":[{"href":"https:\/\/www.diarioimagen.net\/index.php?rest_route=%2Fwp%2Fv2%2Fmedia&parent=599240"}],"wp:term":[{"taxonomy":"category","embeddable":true,"href":"https:\/\/www.diarioimagen.net\/index.php?rest_route=%2Fwp%2Fv2%2Fcategories&post=599240"},{"taxonomy":"post_tag","embeddable":true,"href":"https:\/\/www.diarioimagen.net\/index.php?rest_route=%2Fwp%2Fv2%2Ftags&post=599240"}],"curies":[{"name":"wp","href":"https:\/\/api.w.org\/{rel}","templated":true}]}}