{"id":599241,"date":"2023-10-23T00:02:01","date_gmt":"2023-10-23T06:02:01","guid":{"rendered":"https:\/\/www.diarioimagen.net\/?p=599241"},"modified":"2023-10-23T01:11:09","modified_gmt":"2023-10-23T07:11:09","slug":"habitantes-de-toluca-califican-como-pesima-la-gestion-de-raymundo-martinez","status":"publish","type":"post","link":"https:\/\/www.diarioimagen.net\/?p=599241","title":{"rendered":"Habitantes de Toluca califican como p\u00e9sima la gesti\u00f3n de Raymundo Mart\u00ednez"},"content":{"rendered":"<p>&nbsp;<\/p>\n<ul>\n<li><em><strong>Deficientes servicios p\u00fablicos<\/strong><\/em><\/li>\n<\/ul>\n<p><strong>\u00a0<\/strong><\/p>\n<h6>Arturo Baena<\/h6>\n<p>&nbsp;<\/p>\n<div id=\"attachment_599324\" style=\"width: 470px\" class=\"wp-caption aligncenter\"><a href=\"https:\/\/www.diarioimagen.net\/?attachment_id=599324\" rel=\"attachment wp-att-599324\"><img loading=\"lazy\" decoding=\"async\" aria-describedby=\"caption-attachment-599324\" class=\"size-full wp-image-599324\" src=\"https:\/\/www.diarioimagen.net\/wp-content\/uploads\/2023\/10\/habitantes-toluca.jpg\" alt=\"\" width=\"460\" height=\"270\" \/><\/a><p id=\"caption-attachment-599324\" class=\"wp-caption-text\">Habitantes de Toluca calificaron como p\u00e9simo el gobierno municipal encabezado por Raymundo Mart\u00ednez Carbajal.<\/p><\/div>\n<p>&nbsp;<\/p>\n<p><strong>Toluca, Estado de M\u00e9xico.\u2014<\/strong> Diversos sectores de la poblaci\u00f3n de la capital mexiquense, entre ellos delegados y Consejos de Participaci\u00f3n Ciudadana (Copacis), calificaron como p\u00e9simo el gobierno encabezado por Raymundo Mart\u00ednez Carbajal, y en ese sentido, el senador Ricardo Moreno afirm\u00f3 que Toluca \u201ces un desastre\u201d.<\/p>\n<p>El representante popular hizo ver que \u201cse tiene un desgobierno, con p\u00e9simos servicios p\u00fablicos, graves \u00edndices delictivos y corrupci\u00f3n en diferentes \u00e1reas de gobierno\u201d.<\/p>\n<p>Adem\u00e1s, apunt\u00f3 que se registra una marcada cerraz\u00f3n y prepotencia del alcalde de extracci\u00f3n priista, Mart\u00ednez Carbajal, y lament\u00f3 la grave corrupci\u00f3n que se registra sobre todo en materia de Seguridad P\u00fablica y Tr\u00e1nsito.<\/p>\n<p>Se llega al extremo, dijo, que las agentes de tr\u00e1nsito reciben transferencias bancarias de automovilistas que incurren en alguna infracci\u00f3n.<\/p>\n<p>Hizo ver que las p\u00e9simas condiciones en Toluca, colocan al edil entre los peores calificados en todas las encuestas.<\/p>\n<p>El senador Ricardo Moreno afirm\u00f3 que \u201ccomo resultado del p\u00e9simo gobierno de Raymundo Mart\u00ednez, la 4T ganar\u00e1 con amplitud las elecciones al Ayuntamiento del pr\u00f3ximo a\u00f1o\u201d.<\/p>\n<p>De acuerdo con varias encuestas,Ricardo Moreno es ubicado como el pol\u00edtico morenista mejor calificado y con mayor conocimiento entre los ciudadanos de la capital mexiquense.<\/p>\n","protected":false},"excerpt":{"rendered":"<p>Diversos sectores de la poblaci\u00f3n de la capital mexiquense, entre ellos delegados y Consejos de Participaci\u00f3n Ciudadana (Copacis), calificaron como p\u00e9simo el gobierno encabezado por Raymundo Mart\u00ednez Carbajal, y en ese sentido, el senador Ricardo Moreno afirm\u00f3 que Toluca \u201ces un desastre\u201d.<\/p>\n","protected":false},"author":3,"featured_media":599324,"comment_status":"open","ping_status":"open","sticky":false,"template":"","format":"standard","meta":{"_monsterinsights_skip_tracking":false,"_monsterinsights_sitenote_active":false,"_monsterinsights_sitenote_note":"","_monsterinsights_sitenote_category":0,"footnotes":""},"categories":[5],"tags":[43675,68464,452],"class_list":["post-599241","post","type-post","status-publish","format-standard","has-post-thumbnail","hentry","category-estado-de-mexico","tag-estado-de-mexico","tag-raymundo-martinez-carbajal","tag-toluca"],"_links":{"self":[{"href":"https:\/\/www.diarioimagen.net\/index.php?rest_route=\/wp\/v2\/posts\/599241","targetHints":{"allow":["GET"]}}],"collection":[{"href":"https:\/\/www.diarioimagen.net\/index.php?rest_route=\/wp\/v2\/posts"}],"about":[{"href":"https:\/\/www.diarioimagen.net\/index.php?rest_route=\/wp\/v2\/types\/post"}],"author":[{"embeddable":true,"href":"https:\/\/www.diarioimagen.net\/index.php?rest_route=\/wp\/v2\/users\/3"}],"replies":[{"embeddable":true,"href":"https:\/\/www.diarioimagen.net\/index.php?rest_route=%2Fwp%2Fv2%2Fcomments&post=599241"}],"version-history":[{"count":0,"href":"https:\/\/www.diarioimagen.net\/index.php?rest_route=\/wp\/v2\/posts\/599241\/revisions"}],"wp:featuredmedia":[{"embeddable":true,"href":"https:\/\/www.diarioimagen.net\/index.php?rest_route=\/wp\/v2\/media\/599324"}],"wp:attachment":[{"href":"https:\/\/www.diarioimagen.net\/index.php?rest_route=%2Fwp%2Fv2%2Fmedia&parent=599241"}],"wp:term":[{"taxonomy":"category","embeddable":true,"href":"https:\/\/www.diarioimagen.net\/index.php?rest_route=%2Fwp%2Fv2%2Fcategories&post=599241"},{"taxonomy":"post_tag","embeddable":true,"href":"https:\/\/www.diarioimagen.net\/index.php?rest_route=%2Fwp%2Fv2%2Ftags&post=599241"}],"curies":[{"name":"wp","href":"https:\/\/api.w.org\/{rel}","templated":true}]}}