{"id":599261,"date":"2023-10-23T00:01:41","date_gmt":"2023-10-23T06:01:41","guid":{"rendered":"https:\/\/www.diarioimagen.net\/?p=599261"},"modified":"2023-10-23T21:25:24","modified_gmt":"2023-10-24T03:25:24","slug":"los-creditos-hipotecarios-son-inalcanzables-para-trabajadores","status":"publish","type":"post","link":"https:\/\/www.diarioimagen.net\/?p=599261","title":{"rendered":"Los cr\u00e9ditos hipotecarios son inalcanzables para trabajadores"},"content":{"rendered":"<p>&nbsp;<\/p>\n<h2 style=\"text-align: center;\">Contracci\u00f3n en el primer semestre<\/h2>\n<p>&nbsp;<\/p>\n<ul>\n<li><strong><em>El incremento en el precio de las viviendas provocan disminuci\u00f3n en pr\u00e9stamos: BBVA<\/em><\/strong><\/li>\n<\/ul>\n<p>&nbsp;<\/p>\n<div id=\"attachment_599298\" style=\"width: 470px\" class=\"wp-caption aligncenter\"><a href=\"https:\/\/www.diarioimagen.net\/?attachment_id=599298\" rel=\"attachment wp-att-599298\"><img loading=\"lazy\" decoding=\"async\" aria-describedby=\"caption-attachment-599298\" class=\"size-full wp-image-599298\" src=\"https:\/\/www.diarioimagen.net\/wp-content\/uploads\/2023\/10\/CREDITOS-HIPOTECARIOS.jpg\" alt=\"\" width=\"460\" height=\"270\" \/><\/a><p id=\"caption-attachment-599298\" class=\"wp-caption-text\">El cr\u00e9dito hipotecario en M\u00e9xico registra una contracci\u00f3n anual de 4.1 por ciento, de enero a junio de 2023, ante el incremento en el precio de las viviendas.<\/p><\/div>\n<p>&nbsp;<\/p>\n<p>Ante el incremento del precio de viviendas, el cr\u00e9dito hipotecario registra una contracci\u00f3n anual de 4.1 por ciento, de enero a junio de 2023, al registrar poco m\u00e1s de 208 mil cr\u00e9ditos, de acuerdo con el Informe Situaci\u00f3n Inmobiliaria realizado por BBVA M\u00e9xico.<\/p>\n<p>La ca\u00edda en la colocaci\u00f3n de hipotecas en el primer semestre de este a\u00f1o obedeci\u00f3 principalmente al incremento en el precio de las viviendas, los cuales reflejan el aumento en el costo de los materiales de construcci\u00f3n, y a la menor capacidad de trabajadores para la adquisici\u00f3n de vivienda<\/p>\n<p>De acuerdo con el an\u00e1lisis, el crecimiento promedio anual de los salarios fue de s\u00f3lo 2 por ciento, mientras que el precio de la vivienda aument\u00f3 a una tasa promedio de 6.1 por ciento, se\u00f1al\u00f3 Carlos Serrano, economista de BBVA. \u201cHay que recordar que durante 2021 y 2022 se coloc\u00f3 m\u00e1s cr\u00e9dito para vivienda de lo esperado a un periodo de contracci\u00f3n econ\u00f3mica, sobre todo en segmentos medios y residenciales, por lo que se saci\u00f3 parte de la demanda anticipadamente\u201d, dijo Serrano.<\/p>\n<p>Consider\u00f3 que las familias durante dichos a\u00f1os ten\u00edan un nivel m\u00e1s alto de ahorro lo que les permiti\u00f3 dar un enganche. Adem\u00e1s, se\u00f1al\u00f3 que hab\u00eda un entorno de tasas bajas, y ante la expectativa de su aumento, las personas decidieron adelantar compras.<\/p>\n<p>En ese sentido, el especialista descart\u00f3 que la ca\u00edda en el cr\u00e9dito hipotecario sea por las tasas de inter\u00e9s o falta de empleo. Por ello, anticip\u00f3 que el pr\u00f3ximo a\u00f1o se podr\u00eda observar una recuperaci\u00f3n en este tipo de financiamiento. Por su parte, Marissa Gonz\u00e1lez, economista senior de BBVA M\u00e9xico, indic\u00f3 que a nivel regional s\u00f3lo 10 estados incrementaron la demanda de cr\u00e9dito hipotecario bancario, en donde destacan entidades como Baja California (21.3 por ciento), Sinaloa (17.3 por ciento) y Nayarit (16.4 por ciento).<\/p>\n<p>Agreg\u00f3 que si bien la principal caracter\u00edstica de dichas entidades es su perfil tur\u00edstico, el cr\u00e9dito hipotecario bancario ha registrado aumentos en ellas porque en esos estados el empleo formal privado ha tenido un desempe\u00f1o favorable.<\/p>\n<p>Adem\u00e1s, dijo, la demanda tambi\u00e9n se asocia a la inversi\u00f3n para aumentar las alternativas de hospedaje por medio de rentas cortas<\/p>\n<p>Para el pr\u00f3ximo a\u00f1o, el crecimiento del sector de la construcci\u00f3n registrar\u00e1 una desaceleraci\u00f3n debido a que el Gobierno otorgar\u00e1 menor gasto a obras p\u00fablicas, anticip\u00f3 BBVA.<\/p>\n<p>Carlos Serrano se\u00f1al\u00f3 que el PIB de la construcci\u00f3n creci\u00f3 10.5 por ciento de manera acumulada al segundo trimestre del a\u00f1o, gracias al avance del 78 por ciento del PIB de la obra civil y de 1.4 por ciento en la edificaci\u00f3n.<\/p>\n","protected":false},"excerpt":{"rendered":"<p>Ante el incremento del precio de viviendas, el cr\u00e9dito hipotecario registra una contracci\u00f3n anual de 4.1 por ciento, de enero a junio de 2023, al registrar poco m\u00e1s de 208 mil cr\u00e9ditos, de acuerdo con el Informe Situaci\u00f3n Inmobiliaria realizado por BBVA M\u00e9xico.<\/p>\n","protected":false},"author":3,"featured_media":599298,"comment_status":"open","ping_status":"open","sticky":false,"template":"","format":"standard","meta":{"_monsterinsights_skip_tracking":false,"_monsterinsights_sitenote_active":false,"_monsterinsights_sitenote_note":"","_monsterinsights_sitenote_category":0,"footnotes":""},"categories":[17,8],"tags":[98789,98790,43678],"class_list":["post-599261","post","type-post","status-publish","format-standard","has-post-thumbnail","hentry","category-especiales","category-finanzas","tag-bbva-mexico","tag-creditos-hipotecarios","tag-finanzas"],"_links":{"self":[{"href":"https:\/\/www.diarioimagen.net\/index.php?rest_route=\/wp\/v2\/posts\/599261","targetHints":{"allow":["GET"]}}],"collection":[{"href":"https:\/\/www.diarioimagen.net\/index.php?rest_route=\/wp\/v2\/posts"}],"about":[{"href":"https:\/\/www.diarioimagen.net\/index.php?rest_route=\/wp\/v2\/types\/post"}],"author":[{"embeddable":true,"href":"https:\/\/www.diarioimagen.net\/index.php?rest_route=\/wp\/v2\/users\/3"}],"replies":[{"embeddable":true,"href":"https:\/\/www.diarioimagen.net\/index.php?rest_route=%2Fwp%2Fv2%2Fcomments&post=599261"}],"version-history":[{"count":0,"href":"https:\/\/www.diarioimagen.net\/index.php?rest_route=\/wp\/v2\/posts\/599261\/revisions"}],"wp:featuredmedia":[{"embeddable":true,"href":"https:\/\/www.diarioimagen.net\/index.php?rest_route=\/wp\/v2\/media\/599298"}],"wp:attachment":[{"href":"https:\/\/www.diarioimagen.net\/index.php?rest_route=%2Fwp%2Fv2%2Fmedia&parent=599261"}],"wp:term":[{"taxonomy":"category","embeddable":true,"href":"https:\/\/www.diarioimagen.net\/index.php?rest_route=%2Fwp%2Fv2%2Fcategories&post=599261"},{"taxonomy":"post_tag","embeddable":true,"href":"https:\/\/www.diarioimagen.net\/index.php?rest_route=%2Fwp%2Fv2%2Ftags&post=599261"}],"curies":[{"name":"wp","href":"https:\/\/api.w.org\/{rel}","templated":true}]}}