{"id":599343,"date":"2023-10-23T00:03:15","date_gmt":"2023-10-23T06:03:15","guid":{"rendered":"https:\/\/www.diarioimagen.net\/?p=599343"},"modified":"2023-10-23T01:23:58","modified_gmt":"2023-10-23T07:23:58","slug":"la-judicatura-en-movimiento","status":"publish","type":"post","link":"https:\/\/www.diarioimagen.net\/?p=599343","title":{"rendered":"La Judicatura, en movimiento"},"content":{"rendered":"<h2>Centro..!<\/h2>\n<h5>Arturo R\u00edos Ruiz<\/h5>\n<p>&nbsp;<\/p>\n<ul>\n<li><strong><em>Protesta en 25 estados del pa\u00eds<\/em><\/strong><\/li>\n<li><strong><em>Influir\u00eda en otros gremios m\u00e1s<\/em><\/strong><\/li>\n<\/ul>\n<p>&nbsp;<\/p>\n<p>Ayer domingo, miles de trabajadores del Poder Judicial de la Federaci\u00f3n salieron a las calles en 25 ciudades para manifestarse por el dictamen pr\u00f3ximo a discutirse en el Senado, sobre la extinci\u00f3n de 13 de 14 fideicomisos.<\/p>\n<p>La C\u00e1mara de Diputados aprob\u00f3 la extinci\u00f3n de 13 de 14 fideicomisos, que representan 15 mil millones de pesos, que, de acuerdo con los empleados, esto afectar\u00e1 sus ingresos y derechos laborales.<\/p>\n<p>El gobierno ha desmantelado decenas de fideicomisos para agenciase m\u00e1s dinero desviado a intereses electorales y otros gastos no comprobados sin el menor recato de transparencia. Son actos ilegales que asumen a la perfecci\u00f3n el calificativo de dictatoriales.<\/p>\n<p>El Presidente es enemigo del orden en todas sus acepciones, el m\u00e1s notorio es no rendir cuentas, es su rebeld\u00eda mostrada a lo largo de su vida en Tabasco. Hay versiones que cuando joven cometi\u00f3 tropel\u00edas y su padre lo envi\u00f3 con el notario Payamb\u00e9 L\u00f3pez Falconi.<\/p>\n<p>\u201cCompa\u00f1ero y mi hermano\u201d, expres\u00f3 AMLO sobre Ad\u00e1n Augusto, pues Payamb\u00e9, el pap\u00e1, lo adopt\u00f3 y le dio protecci\u00f3n siendo \u00e9ste un chamac\u00f3n. El hoy Presidente fue parte de la familia. Ad\u00e1n, hoy, en apariencia, est\u00e1 relegado.<\/p>\n<p>Despu\u00e9s del par\u00e9ntesis, regresemos a la marcha nacional, la m\u00e1s seria y organizadas de todas las anteriores y con un excelente efecto social, hubo r\u00e9plicas en 25 estados lo que le da calidad nacional.<\/p>\n<p>Los representantes de base, de confianza y sindicalizados de la instituci\u00f3n emitieron un acuerdo de normas, lineamientos y recomendaciones.<\/p>\n<p>Este movimiento marca un \u00e1nimo esperanzador y otros organismos podr\u00edan seguir esos pasos y hacer crecer la inconformidad laboral. \u201cNo quiero que cambien ni una coma\u201d; \u201cno me vengan con que la ley es la ley\u201d. Frases que demuestran su apetito de imposici\u00f3n.<\/p>\n<p>Deberemos estar pendientes de la repercusi\u00f3n del movimiento a nivel nacional, que podr\u00eda crecer como una llama fenomenal con r\u00e9plicas de otros \u00f3rganos, que igual, resienten los abusos del poder encarnados en quien se comprometi\u00f3 en 2018, que trabajar\u00eda por M\u00e9xico para bien.<\/p>\n<p>Es el a\u00f1o de la despedida presidencial, pero AMLO, desde que lleg\u00f3, incub\u00f3 en sus adentros la idea de eternizar en s\u00ed mismo el poder o a trav\u00e9s de quien lo obedezca con ceguedad.<\/p>\n<p>Claudia Sheinbaum fue la elegida, la m\u00e1s c\u00f3moda para \u00e9l, s\u00f3lo leamos sus pronunciamientos que son r\u00e9plicas burdas a su mentor y no garantiza camino alguno, sino la misma receta que ya cans\u00f3.<\/p>\n<p>Recalcamos que todos los reg\u00edmenes se desgastan en el curso de la gesti\u00f3n y sobresale ese efecto en el \u00faltimo a\u00f1o de la atropellada administraci\u00f3n nutrida de desencantos, frases hirientes, violencia verbal y yerros.<\/p>\n<p><em><a href=\"mailto:rrrart2000@hotmail.com\" target=\"_blank\" rel=\"noopener noreferrer\">rrrart2000@hotmail.com<\/a><\/em><\/p>\n","protected":false},"excerpt":{"rendered":"<p><span style=\"color: #005497;\"><strong>Arturo R\u00edos Ruiz<\/strong><\/span><\/p>\n","protected":false},"author":3,"featured_media":0,"comment_status":"open","ping_status":"open","sticky":false,"template":"","format":"standard","meta":{"_monsterinsights_skip_tracking":false,"_monsterinsights_sitenote_active":false,"_monsterinsights_sitenote_note":"","_monsterinsights_sitenote_category":0,"footnotes":""},"categories":[82265],"tags":[82266,10806,43674],"class_list":["post-599343","post","type-post","status-publish","format-standard","hentry","category-arturo-rios-ruiz","tag-arturo-rios-ruiz","tag-centro","tag-opinion"],"_links":{"self":[{"href":"https:\/\/www.diarioimagen.net\/index.php?rest_route=\/wp\/v2\/posts\/599343","targetHints":{"allow":["GET"]}}],"collection":[{"href":"https:\/\/www.diarioimagen.net\/index.php?rest_route=\/wp\/v2\/posts"}],"about":[{"href":"https:\/\/www.diarioimagen.net\/index.php?rest_route=\/wp\/v2\/types\/post"}],"author":[{"embeddable":true,"href":"https:\/\/www.diarioimagen.net\/index.php?rest_route=\/wp\/v2\/users\/3"}],"replies":[{"embeddable":true,"href":"https:\/\/www.diarioimagen.net\/index.php?rest_route=%2Fwp%2Fv2%2Fcomments&post=599343"}],"version-history":[{"count":0,"href":"https:\/\/www.diarioimagen.net\/index.php?rest_route=\/wp\/v2\/posts\/599343\/revisions"}],"wp:attachment":[{"href":"https:\/\/www.diarioimagen.net\/index.php?rest_route=%2Fwp%2Fv2%2Fmedia&parent=599343"}],"wp:term":[{"taxonomy":"category","embeddable":true,"href":"https:\/\/www.diarioimagen.net\/index.php?rest_route=%2Fwp%2Fv2%2Fcategories&post=599343"},{"taxonomy":"post_tag","embeddable":true,"href":"https:\/\/www.diarioimagen.net\/index.php?rest_route=%2Fwp%2Fv2%2Ftags&post=599343"}],"curies":[{"name":"wp","href":"https:\/\/api.w.org\/{rel}","templated":true}]}}