{"id":599399,"date":"2023-10-24T00:04:40","date_gmt":"2023-10-24T06:04:40","guid":{"rendered":"https:\/\/www.diarioimagen.net\/?p=599399"},"modified":"2023-10-24T22:38:21","modified_gmt":"2023-10-25T04:38:21","slug":"la-educacion-es-muy-importante-para-dejarse-en-manos-de-un-gobierno","status":"publish","type":"post","link":"https:\/\/www.diarioimagen.net\/?p=599399","title":{"rendered":"\u201cLa educaci\u00f3n es muy importante para dejarse en manos de un gobierno\u201d"},"content":{"rendered":"<p>&nbsp;<\/p>\n<h3 style=\"text-align: center;\">Foro Summit HABLA<\/h3>\n<p>&nbsp;<\/p>\n<ul>\n<li><strong><em>Pol\u00edticos no garantizan la calidad educativa ni programas de largo alcance, coinciden panelistas<\/em><\/strong><\/li>\n<\/ul>\n<p>&nbsp;<\/p>\n<div id=\"attachment_599484\" style=\"width: 470px\" class=\"wp-caption aligncenter\"><a href=\"https:\/\/www.diarioimagen.net\/?attachment_id=599484\" rel=\"attachment wp-att-599484\"><img loading=\"lazy\" decoding=\"async\" aria-describedby=\"caption-attachment-599484\" class=\"size-full wp-image-599484\" src=\"https:\/\/www.diarioimagen.net\/wp-content\/uploads\/2023\/10\/educacion-importante.jpg\" alt=\"\" width=\"460\" height=\"270\" \/><\/a><p id=\"caption-attachment-599484\" class=\"wp-caption-text\">Yuval Noah Harari, escritor, acad\u00e9mico y fil\u00f3sofo israel\u00ed -uno de los intelectuales m\u00e1s influyentes del mundo-, particip\u00f3 en el summit HABLA 2023, organizado por la osc Grupo Educaci\u00f3n, donde destac\u00f3 la importancia de desarrollar mentes flexibles, capaces de aprender y reinventarse ante el ritmo acelerado de la vida actual y no ense\u00f1ar habilidades espec\u00edficas que puedan resultar obsoletas.<\/p><\/div>\n<p>&nbsp;<\/p>\n<p>Porque la educaci\u00f3n es el centro del desarrollo humano y debe ser tema prioritario en la agenda nacional para la construcci\u00f3n de un nuevo pa\u00eds, y en virtud de que en M\u00e9xico se cuenta con un sistema acad\u00e9mico enfermo, la pol\u00edtica p\u00fablica educativa no debe quedar exclusivamente en manos de los gobiernos, y aunque es una funci\u00f3n importante de las administraciones, los pol\u00edticos\u00a0 s\u00f3lo buscan votos y por eso hacen planes sexenales, no garantizan la calidad educativa ni los programas de largo alcance, porque esas acciones no salen en las fotos ni dan imagen.<\/p>\n<p>A esas conclusiones llegaron los panelistas del Summit HABLA, organizado por la organizaci\u00f3n de la sociedad civil Grupo Educaci\u00f3n, el cual busca transformar colectivamente la educaci\u00f3n en M\u00e9xico. A pesar de que en el pa\u00eds hay una poblaci\u00f3n estudiantil de m\u00e1s de 34 millones de ni\u00f1os y j\u00f3venes, el sistema educativo no representa una plataforma de oportunidades ni prepara profesionistas capacitados y competitivos, por lo que no pueden transformar una naci\u00f3n.<\/p>\n<p>En el evento participaron personalidades como Yuval Noah Harari, historiador, acad\u00e9mico y fil\u00f3sofo israel\u00ed -y uno de los intelectuales m\u00e1s influyentes mundialmente-, Alejandro Poir\u00e9, profesor del Tecnol\u00f3gico de Monterrey; Andr\u00e9s Oppenheimer, escritor y periodista; Fernando Reimers, director de la Iniciativa de Innovaci\u00f3n en Educaci\u00f3n Global de Harvard; Andreas Schleicher, director de Educaci\u00f3n y Habilidades de la OCDE; Ninfa Salinas, presidenta del Consejo de Fundaci\u00f3n Azteca; Eufrosina Cruz, activista y diputada zapoteca, y el cronista deportivo y escritor Alberto Lati, entre otros.<\/p>\n<p>Alejandra Carmona, co-CEO de Grupo Educaci\u00f3n, dijo que la educaci\u00f3n es un derecho que debemos promover, garantizar, pero tambi\u00e9n lo debemos exigir. HABLA, por tanto, es un llamado a la acci\u00f3n, es una invitaci\u00f3n a que todos trabajemos juntos en dise\u00f1ar un sistema educativo en el que quepamos todos, en el que todos nos veamos reflejados y que impulse el desarrollo de nuestras habilidades, valores, conocimientos y saberes para ser los ciudadanos que queremos en M\u00e9xico y el mundo.<\/p>\n<p>El periodista Andr\u00e9s Oppenheimer enfatiz\u00f3 que la educaci\u00f3n es demasiado importante para dejarla en manos de un gobierno y coment\u00f3 que los pol\u00edticos solo buscan votos y hacer planes a corto plazo. Adem\u00e1s de advertir sobre el riesgo de retraso en un pa\u00eds cuando se alienta la idea de que la educaci\u00f3n no debe ser competitiva ni buscar la excelencia acad\u00e9mica. Ese camino s\u00f3lo lleva al fracaso y la mediocridad. Como caso de \u00e9xito puso de ejemplo a la India, donde se les ense\u00f1an a los estudiantes, desde ni\u00f1os, valores \u00e9ticos y morales y la tolerancia al fracaso para conseguir el \u00e9xito.<\/p>\n<p style=\"text-align: center;\"><strong>Necesario fortalecer la formaci\u00f3n docente<\/strong><\/p>\n<p>Por su parte, Yuval Noah Harari y Alejandro Poir\u00e9 hablaron sobre la importancia de desarrollar mentes flexibles, capaces de aprender y reinventarse ante el ritmo acelerado de la vida actual. Harari enfatiz\u00f3, adem\u00e1s, que la educaci\u00f3n debe enfocarse en c\u00f3mo hacer sentido de la enorme cantidad de informaci\u00f3n que recibimos, y no en ense\u00f1ar habilidades espec\u00edficas que pueden resultar obsoletas. Por su parte, Patricia V\u00e1zquez, presidenta ejecutiva de Mexicanos Primero, expuso la necesidad de fortalecer la formaci\u00f3n docente, tanto en lo acad\u00e9mico como en lo emocional. V\u00e1zquez se\u00f1al\u00f3 que los profesores se encuentran solos y abandonados en su labor, y que requieren apoyo, reconocimiento y capacitaci\u00f3n continua para mejorar su pr\u00e1ctica. La relevancia de fomentar una cultura de la excelencia, tanto en los estudiantes como en los maestros fue otro tema de discusi\u00f3n. Para Blanca Heredia, polit\u00f3loga experta en pol\u00edtica educativa, hay que tener altas expectativas y orgullo por el trabajo educativo, as\u00ed como recuperar el sentido de la educaci\u00f3n como esperanza. Esta noci\u00f3n se complementa con la urgencia de atender las problem\u00e1ticas sociales que afectan a la educaci\u00f3n, como las adicciones, la violencia, la pobreza y la desigualdad. Regina Kuri comparti\u00f3 su experiencia como psic\u00f3loga y autora, y resalt\u00f3 la importancia de trabajar en la prevenci\u00f3n, la gesti\u00f3n emocional y el v\u00ednculo entre familias y escuelas. Adem\u00e1s de ponencias individuales y masterclassses, tambi\u00e9n hubo paneles y conversaciones moderados por distintos periodistas, comunicadores y acad\u00e9micos como Nacho Lozano, Hern\u00e1n G\u00f3mez, Alejandro Poir\u00e9 y Max Kaiser, en los cuales se destac\u00f3 la importancia de aprovechar la innovaci\u00f3n tecnol\u00f3gica para personalizar el aprendizaje, diversificar las opciones educativas y democratizar el acceso a la educaci\u00f3n. Valeria Moy, directora general del Instituto Mexicano para la Competitividad (IMCO), analiz\u00f3 el panorama actual de la educaci\u00f3n en M\u00e9xico y plante\u00f3 la necesidad de romper los esquemas tradicionales y ofrecer programas m\u00e1s flexibles y acordes a las demandas del siglo XXI. La jornada cerr\u00f3 con la intervenci\u00f3n de Eufrosina Cruz, una voz imprescindible de la pol\u00edtica nacional, quien cont\u00f3 la importancia que puede tener un maestro en el desarrollo educativo, emocional e intelectual de una persona. \u201cOjal\u00e1 que hoy nos llevemos alas -dijo Alejandra Carmona al final del evento-, alas para que, desde nuestro respectivo rol, podamos construir una nueva visi\u00f3n de M\u00e9xico por medio de la educaci\u00f3n, porque invertir en educaci\u00f3n es invertir en la prosperidad de M\u00e9xico.<\/p>\n","protected":false},"excerpt":{"rendered":"<p>Porque la educaci\u00f3n es el centro del desarrollo humano y debe ser tema prioritario en la agenda nacional para la construcci\u00f3n de un nuevo pa\u00eds, y en virtud de que en M\u00e9xico se cuenta con un sistema acad\u00e9mico enfermo, la pol\u00edtica p\u00fablica educativa no debe quedar exclusivamente en manos de los gobiernos, y aunque es una funci\u00f3n importante de las administraciones, los pol\u00edticos\u00a0 s\u00f3lo buscan votos y por eso hacen planes sexenales, no garantizan la calidad educativa ni los programas de largo alcance, porque esas acciones no salen en las fotos ni dan imagen.<\/p>\n","protected":false},"author":3,"featured_media":599484,"comment_status":"open","ping_status":"open","sticky":false,"template":"","format":"standard","meta":{"_monsterinsights_skip_tracking":false,"_monsterinsights_sitenote_active":false,"_monsterinsights_sitenote_note":"","_monsterinsights_sitenote_category":0,"footnotes":""},"categories":[17,156,3],"tags":[43694,98796,43673],"class_list":["post-599399","post","type-post","status-publish","format-standard","has-post-thumbnail","hentry","category-especiales","category-cultura","category-nacional","tag-educacion","tag-gobierno-dejar","tag-nacional"],"_links":{"self":[{"href":"https:\/\/www.diarioimagen.net\/index.php?rest_route=\/wp\/v2\/posts\/599399","targetHints":{"allow":["GET"]}}],"collection":[{"href":"https:\/\/www.diarioimagen.net\/index.php?rest_route=\/wp\/v2\/posts"}],"about":[{"href":"https:\/\/www.diarioimagen.net\/index.php?rest_route=\/wp\/v2\/types\/post"}],"author":[{"embeddable":true,"href":"https:\/\/www.diarioimagen.net\/index.php?rest_route=\/wp\/v2\/users\/3"}],"replies":[{"embeddable":true,"href":"https:\/\/www.diarioimagen.net\/index.php?rest_route=%2Fwp%2Fv2%2Fcomments&post=599399"}],"version-history":[{"count":0,"href":"https:\/\/www.diarioimagen.net\/index.php?rest_route=\/wp\/v2\/posts\/599399\/revisions"}],"wp:featuredmedia":[{"embeddable":true,"href":"https:\/\/www.diarioimagen.net\/index.php?rest_route=\/wp\/v2\/media\/599484"}],"wp:attachment":[{"href":"https:\/\/www.diarioimagen.net\/index.php?rest_route=%2Fwp%2Fv2%2Fmedia&parent=599399"}],"wp:term":[{"taxonomy":"category","embeddable":true,"href":"https:\/\/www.diarioimagen.net\/index.php?rest_route=%2Fwp%2Fv2%2Fcategories&post=599399"},{"taxonomy":"post_tag","embeddable":true,"href":"https:\/\/www.diarioimagen.net\/index.php?rest_route=%2Fwp%2Fv2%2Ftags&post=599399"}],"curies":[{"name":"wp","href":"https:\/\/api.w.org\/{rel}","templated":true}]}}