{"id":599403,"date":"2023-10-24T00:02:13","date_gmt":"2023-10-24T06:02:13","guid":{"rendered":"https:\/\/www.diarioimagen.net\/?p=599403"},"modified":"2023-10-24T01:42:28","modified_gmt":"2023-10-24T07:42:28","slug":"participo-naucalpan-en-desfile-anual-de-alebrijes-en-la-ciudad-de-mexico","status":"publish","type":"post","link":"https:\/\/www.diarioimagen.net\/?p=599403","title":{"rendered":"Particip\u00f3 Naucalpan en desfile anual de alebrijes en la Ciudad de M\u00e9xico"},"content":{"rendered":"<p>&nbsp;<\/p>\n<ul>\n<li><em><strong>Exposici\u00f3n en Paseo de la Reforma<\/strong><\/em><\/li>\n<\/ul>\n<p>&nbsp;<\/p>\n<div id=\"attachment_599507\" style=\"width: 470px\" class=\"wp-caption aligncenter\"><a href=\"https:\/\/www.diarioimagen.net\/?attachment_id=599507\" rel=\"attachment wp-att-599507\"><img loading=\"lazy\" decoding=\"async\" aria-describedby=\"caption-attachment-599507\" class=\"size-full wp-image-599507\" src=\"https:\/\/www.diarioimagen.net\/wp-content\/uploads\/2023\/10\/participo-naucalpan.jpg\" alt=\"\" width=\"460\" height=\"270\" \/><\/a><p id=\"caption-attachment-599507\" class=\"wp-caption-text\">El alebrije con el que particip\u00f3 Naucalpan fue hecho por el Colectivo Art\u00edstico Cultural y Alianza A.C.<\/p><\/div>\n<p>&nbsp;<\/p>\n<p><strong>Naucalpan, Estado de M\u00e9xico.\u2014<\/strong> Todo \u00e9xito result\u00f3 el desfile anual de alebrijes desarrollado en Paseo de la Reforma, en donde un representativo del municipio de Naucalpan de Ju\u00e1rez, particip\u00f3 y estar\u00e1 expuesto durante 15 d\u00edas en dicha avenida emblem\u00e1tica de la Ciudad de M\u00e9xico.<\/p>\n<p>El evento lleno de m\u00fasica y colorido inici\u00f3 a las 12 horas en el Z\u00f3calo capitalino y recorri\u00f3 las calles de 5 de Mayo, Ju\u00e1rez y Paseo de la Reforma, hasta llegar a el \u00c1ngel de la Independencia.<\/p>\n<p>Esta obra fue realizada por el \u201cColectivo Art\u00edstico Cultural y Alianza A.C\u201d, integrado por Marganta Garc\u00eda, Cinthia Aguilar, Carmen Aguilar, Claudia Aguilera, Lourdes Arrona, C\u00e9sar Gonz\u00e1lez, Carlos Mart\u00ednez, Federico Baumgartem y Aurelio Roa.<\/p>\n<p>Esta obra logr\u00f3 concretarse gracias a las gestiones de la regidora del Partido Acci\u00f3n Nacional (PAN), \u00darsula Cort\u00e9s Fern\u00e1ndez, y de Agust\u00edn\u00a0 Belgodere \u201cBogus\u201d, desde luego con el patrocinio del Grupo \u201cZonar y Brava Cantina\u201d.<\/p>\n<p>\u00darsula Cort\u00e9s consider\u00f3 que una vez que se retire la exposici\u00f3n de Reforma, sugerir\u00e1 ponerlo\u00a0 en el patio central del Palacio Municipal, para posteriormente donarlo a alguna escuela.<\/p>\n<p>\u201cHoy lunes tenemos considerado comenzar a trabajar el boceto del que presentaremos el pr\u00f3ximo a\u00f1o, debe ser muy especial pues celebramos 150 a\u00f1os\u201d, concluy\u00f3.<\/p>\n","protected":false},"excerpt":{"rendered":"<p>Todo \u00e9xito result\u00f3 el desfile anual de alebrijes desarrollado en Paseo de la Reforma, en donde un representativo del municipio de Naucalpan de Ju\u00e1rez, particip\u00f3 y estar\u00e1 expuesto durante 15 d\u00edas en dicha avenida emblem\u00e1tica de la Ciudad de M\u00e9xico.<\/p>\n","protected":false},"author":3,"featured_media":599507,"comment_status":"open","ping_status":"open","sticky":false,"template":"","format":"standard","meta":{"_monsterinsights_skip_tracking":false,"_monsterinsights_sitenote_active":false,"_monsterinsights_sitenote_note":"","_monsterinsights_sitenote_category":0,"footnotes":""},"categories":[5],"tags":[81107,43675,970],"class_list":["post-599403","post","type-post","status-publish","format-standard","has-post-thumbnail","hentry","category-estado-de-mexico","tag-alebrije","tag-estado-de-mexico","tag-naucalpan"],"_links":{"self":[{"href":"https:\/\/www.diarioimagen.net\/index.php?rest_route=\/wp\/v2\/posts\/599403","targetHints":{"allow":["GET"]}}],"collection":[{"href":"https:\/\/www.diarioimagen.net\/index.php?rest_route=\/wp\/v2\/posts"}],"about":[{"href":"https:\/\/www.diarioimagen.net\/index.php?rest_route=\/wp\/v2\/types\/post"}],"author":[{"embeddable":true,"href":"https:\/\/www.diarioimagen.net\/index.php?rest_route=\/wp\/v2\/users\/3"}],"replies":[{"embeddable":true,"href":"https:\/\/www.diarioimagen.net\/index.php?rest_route=%2Fwp%2Fv2%2Fcomments&post=599403"}],"version-history":[{"count":0,"href":"https:\/\/www.diarioimagen.net\/index.php?rest_route=\/wp\/v2\/posts\/599403\/revisions"}],"wp:featuredmedia":[{"embeddable":true,"href":"https:\/\/www.diarioimagen.net\/index.php?rest_route=\/wp\/v2\/media\/599507"}],"wp:attachment":[{"href":"https:\/\/www.diarioimagen.net\/index.php?rest_route=%2Fwp%2Fv2%2Fmedia&parent=599403"}],"wp:term":[{"taxonomy":"category","embeddable":true,"href":"https:\/\/www.diarioimagen.net\/index.php?rest_route=%2Fwp%2Fv2%2Fcategories&post=599403"},{"taxonomy":"post_tag","embeddable":true,"href":"https:\/\/www.diarioimagen.net\/index.php?rest_route=%2Fwp%2Fv2%2Ftags&post=599403"}],"curies":[{"name":"wp","href":"https:\/\/api.w.org\/{rel}","templated":true}]}}