{"id":599417,"date":"2023-10-24T00:01:20","date_gmt":"2023-10-24T06:01:20","guid":{"rendered":"https:\/\/www.diarioimagen.net\/?p=599417"},"modified":"2023-10-24T22:37:11","modified_gmt":"2023-10-25T04:37:11","slug":"precios-de-gasolinas-y-diesel-en-quintana-roo-de-los-mas-altos-en-el-pais","status":"publish","type":"post","link":"https:\/\/www.diarioimagen.net\/?p=599417","title":{"rendered":"Precios de gasolinas y di\u00e9sel en Quintana Roo, de los m\u00e1s altos en el pa\u00eds"},"content":{"rendered":"<p>&nbsp;<\/p>\n<h3 style=\"text-align: center;\">Profeco vuelve a exhibir a despachadoras<\/h3>\n<p>&nbsp;<\/p>\n<ul>\n<li><strong><em>Las estaciones de servicio Corpogas y Go Gas, de Canc\u00fan, entre las m\u00e1s careras\u00a0<\/em><\/strong><\/li>\n<\/ul>\n<p><strong>\u00a0<\/strong><\/p>\n<div id=\"attachment_599487\" style=\"width: 470px\" class=\"wp-caption aligncenter\"><a href=\"https:\/\/www.diarioimagen.net\/?attachment_id=599487\" rel=\"attachment wp-att-599487\"><img loading=\"lazy\" decoding=\"async\" aria-describedby=\"caption-attachment-599487\" class=\"size-full wp-image-599487\" src=\"https:\/\/www.diarioimagen.net\/wp-content\/uploads\/2023\/10\/GASOLINAS.jpg\" alt=\"\" width=\"460\" height=\"270\" \/><\/a><p id=\"caption-attachment-599487\" class=\"wp-caption-text\">La Profeco vuelve a exhibir a despachadoras de combistible de Canc\u00fan por tener los precios m\u00e1s altos del pa\u00eds en cuanto a gasolina regular y di\u00e9sel.<\/p><\/div>\n<p>&nbsp;<\/p>\n<p>Una vez m\u00e1s, Quintana Roo se destaca como la entidad con los precios m\u00e1s altos en cuanto a los combustibles se refiere en todo el pa\u00eds, situaci\u00f3n que comienza a ser una constante, pues en los \u00faltimos meses, el estado no ha abandonado esta lista negra y Profeco, sigue exhibiendo a sus diversas despachadoras de gasolina.<\/p>\n<p>Durante la conferencia matutina de del presidente Andr\u00e9s Manuel L\u00f3pez Obrador, el d\u00eda de ayer, la Procuradur\u00eda Federal del Consumidor (Profeco) inform\u00f3 que es en Quintana Roo donde se venden la gasolina regular y el di\u00e9sel m\u00e1s caros de todo M\u00e9xico, mientras que la gasolina premium destaca entre las m\u00e1s caras tambi\u00e9n a nivel nacional.<\/p>\n<p>El titular de la Profeco, David Aguilar, detall\u00f3 que la gasolina regular en la estaci\u00f3n Go Gas Isla Isabel, en Canc\u00fan, vende el litro a 24.04 pesos, siendo este el precio m\u00e1s alto a nivel nacional del 9 al 15 de octubre.<\/p>\n<p>Mientras que, el di\u00e9sel en la estaci\u00f3n Corpogas Inmobiliaria Arco Kabah, tambi\u00e9n en Canc\u00fan, es el que cuenta con el precio m\u00e1s alto del pa\u00eds, pues venden el litro a 25.43 pesos, dejando un margen de ganancia de 3.62 pesos por litro.<\/p>\n<p>Finalmente, de la gasolina Premium, destacaron que la estaci\u00f3n Lagas, ubicada en Avenida Canc\u00fan, manzana 8, es la que cuenta con el precio por litro a 25.40 pesos, siendo quiz\u00e1 no la m\u00e1s cara, pero si una de las m\u00e1s costosas de todo el pa\u00eds.<\/p>\n","protected":false},"excerpt":{"rendered":"<p>Una vez m\u00e1s, Quintana Roo se destaca como la entidad con los precios m\u00e1s altos en cuanto a los combustibles se refiere en todo el pa\u00eds, situaci\u00f3n que comienza a ser una constante, pues en los \u00faltimos meses, el estado no ha abandonado esta lista negra y Profeco, sigue exhibiendo a sus diversas despachadoras de gasolina.<\/p>\n","protected":false},"author":3,"featured_media":599487,"comment_status":"open","ping_status":"open","sticky":false,"template":"","format":"standard","meta":{"_monsterinsights_skip_tracking":false,"_monsterinsights_sitenote_active":false,"_monsterinsights_sitenote_note":"","_monsterinsights_sitenote_category":0,"footnotes":""},"categories":[17,8],"tags":[25465,199,198,356,1250],"class_list":["post-599417","post","type-post","status-publish","format-standard","has-post-thumbnail","hentry","category-especiales","category-finanzas","tag-cara","tag-diesel","tag-gasolina","tag-profeco","tag-quintana-roo"],"_links":{"self":[{"href":"https:\/\/www.diarioimagen.net\/index.php?rest_route=\/wp\/v2\/posts\/599417","targetHints":{"allow":["GET"]}}],"collection":[{"href":"https:\/\/www.diarioimagen.net\/index.php?rest_route=\/wp\/v2\/posts"}],"about":[{"href":"https:\/\/www.diarioimagen.net\/index.php?rest_route=\/wp\/v2\/types\/post"}],"author":[{"embeddable":true,"href":"https:\/\/www.diarioimagen.net\/index.php?rest_route=\/wp\/v2\/users\/3"}],"replies":[{"embeddable":true,"href":"https:\/\/www.diarioimagen.net\/index.php?rest_route=%2Fwp%2Fv2%2Fcomments&post=599417"}],"version-history":[{"count":0,"href":"https:\/\/www.diarioimagen.net\/index.php?rest_route=\/wp\/v2\/posts\/599417\/revisions"}],"wp:featuredmedia":[{"embeddable":true,"href":"https:\/\/www.diarioimagen.net\/index.php?rest_route=\/wp\/v2\/media\/599487"}],"wp:attachment":[{"href":"https:\/\/www.diarioimagen.net\/index.php?rest_route=%2Fwp%2Fv2%2Fmedia&parent=599417"}],"wp:term":[{"taxonomy":"category","embeddable":true,"href":"https:\/\/www.diarioimagen.net\/index.php?rest_route=%2Fwp%2Fv2%2Fcategories&post=599417"},{"taxonomy":"post_tag","embeddable":true,"href":"https:\/\/www.diarioimagen.net\/index.php?rest_route=%2Fwp%2Fv2%2Ftags&post=599417"}],"curies":[{"name":"wp","href":"https:\/\/api.w.org\/{rel}","templated":true}]}}