{"id":599419,"date":"2023-10-24T00:01:31","date_gmt":"2023-10-24T06:01:31","guid":{"rendered":"https:\/\/www.diarioimagen.net\/?p=599419"},"modified":"2023-10-24T22:38:01","modified_gmt":"2023-10-25T04:38:01","slug":"lopez-obrador-propondra-a-joe-biden-dialogo-con-cuba","status":"publish","type":"post","link":"https:\/\/www.diarioimagen.net\/?p=599419","title":{"rendered":"L\u00f3pez Obrador propondr\u00e1 a Joe Biden di\u00e1logo con Cuba"},"content":{"rendered":"<p>&nbsp;<\/p>\n<h3 style=\"text-align: center;\">Conf\u00eda en tener respaldo de la ONU<\/h3>\n<p>&nbsp;<\/p>\n<ul>\n<li><strong><em>Puede haber cooperaci\u00f3n con la isla, pues ya se ha dado en el pasado, se\u00f1ala<\/em><\/strong><\/li>\n<\/ul>\n<p>&nbsp;<\/p>\n<div id=\"attachment_599496\" style=\"width: 470px\" class=\"wp-caption aligncenter\"><a href=\"https:\/\/www.diarioimagen.net\/?attachment_id=599496\" rel=\"attachment wp-att-599496\"><img loading=\"lazy\" decoding=\"async\" aria-describedby=\"caption-attachment-599496\" class=\"size-full wp-image-599496\" src=\"https:\/\/www.diarioimagen.net\/wp-content\/uploads\/2023\/10\/amlo-9.jpg\" alt=\"\" width=\"460\" height=\"270\" \/><\/a><p id=\"caption-attachment-599496\" class=\"wp-caption-text\">El presidente\u00a0afirm\u00f3 que en su pr\u00f3xima reuni\u00f3n que mantendr\u00e1 con su hom\u00f3logo Joe Biden\u00a0aprovechar\u00e1 para abogar por Cuba y el levantamiento de las sanciones a la isla.<\/p><\/div>\n<p>&nbsp;<\/p>\n<p>Un d\u00eda despu\u00e9s de reunirse con 10 l\u00edderes de Am\u00e9rica Latina y el Caribe en Palenque, Chiapas, entre los que se encontr\u00f3 el presidente cubano Miguel D\u00edaz-Canel y el venezolano Nicol\u00e1s Maduro, el presidente Andr\u00e9s Manuel L\u00f3pez Obrador anunci\u00f3 que hablar\u00e1 la pr\u00f3xima semana con su hom\u00f3logo estadunidense Joe Biden para que se retome el di\u00e1logo con Cuba.<\/p>\n<p>\u201cYo voy a darle a conocer este asunto delicado\u201d, inform\u00f3 el mandatario en su conferencia ma\u00f1anera de este lunes, tras se\u00f1alar que fue uno de los acuerdos del encuentro de este domingo, que se promueva el di\u00e1logo bilateral entre Estados Unidos y Cuba, para ponerse de acuerdo y resolver los temas pendientes, sobre todo lo relacionado con el bloqueo que afecta mucho a la poblaci\u00f3n\u201d.<\/p>\n<p>El mandatario mexicano sostendr\u00e1 a mediados de noviembre una reuni\u00f3n bilateral con Joe Biden, en el marco de una reuni\u00f3n de pa\u00edses de Asia y el Pac\u00edfico que se realizar\u00e1 en San Francisco, California. El titular del Poder Ejecutivo recalc\u00f3 que un di\u00e1logo y cooperaci\u00f3n entre Cuba y Estados Unidos es posible puesto que ya se ha dado en el pasado.<\/p>\n<p>\u201cEs importante que haya un di\u00e1logo, ya fue posible en la \u00e9poca de Obama, hasta visit\u00f3 la Habana y se quitaron sanciones, sin embargo ahora est\u00e1 cerrado el intercambio econ\u00f3mico comercial y no hay di\u00e1logo bilateral, estamos planteando que Estados Unidos abra el di\u00e1logo\u201d, expres\u00f3.<\/p>\n<p>Adem\u00e1s, por tratarse de un tema de Derechos Humanos conf\u00eda en tener respaldo de Naciones Unidas.<\/p>\n<p>\u201cVoy a tratar este tema (con Biden), ojal\u00e1 se inicie lo m\u00e1s pronto posible, por razones humanitarias. Hay una condena de todos los pa\u00edses del mundo, cada asamblea en la ONU, la mayor\u00eda votan porque se quite el bloqueo a Cuba\u201d, dijo.<\/p>\n<p>\u201cEl bloqueo a Cuba es una flagrante violaci\u00f3n a los derechos humanos, porque impide que el abasto de alimentos; impide que puedan adquirir petr\u00f3leo, combustibles y otros bienes. Es importante que se reabra un di\u00e1logo\u201d, dijo el presidente.<\/p>\n<p>L\u00f3pez Obrador tambi\u00e9n se pronunci\u00f3 en contra de los abusos a derechos humanos que padecen las personas migrantes, y pidi\u00f3 dejar de lado los asuntos pol\u00edticos con el fin de abordar el asunto como algo humanitario.<\/p>\n<p>Asegur\u00f3 que para frenar el flujo migratorio, que alcanz\u00f3 su punto m\u00e1s alto a nivel hist\u00f3rico, es necesario que todos los pa\u00edses del continente trabajen en equipo y se escuche la visi\u00f3n de todos los participantes.<\/p>\n<p style=\"text-align: center;\"><strong>Tramos 5, 6 y 7 del Tren Maya tienen avance de 50.3%<\/strong><\/p>\n<p>A 53 d\u00edas de la inauguraci\u00f3n del Tren Maya, los Tramos 5, 6 y 7 presentan un avance general de obra de 50.3 por ciento en promedio, se inform\u00f3 esta ma\u00f1ana en la conferencia en Palacio Nacional ante el presidente L\u00f3pez Obrador.<\/p>\n<p>Al presentar los avances de los trabajos en estos tres Tramos, se inform\u00f3 que van el 5 de Canc\u00fan a Tulum y el 6 de ah\u00ed a Chetumal, con 366 kil\u00f3metros de v\u00eda doble electrificada; as\u00ed como el tramo 7 con 254 kil\u00f3metros de v\u00eda sencilla que ir\u00e1 de la capital de Quintana Roo a Esc\u00e1rcega, Campeche.<\/p>\n<p>Es de recordar que el Tramo 5 es el que mayor retraso lleva en las obras debido a la serie de amparos que diversas organizaciones de ambientalistas y otros actores presentaron contra la construcci\u00f3n.<\/p>\n","protected":false},"excerpt":{"rendered":"<p>Un d\u00eda despu\u00e9s de reunirse con 10 l\u00edderes de Am\u00e9rica Latina y el Caribe en Palenque, Chiapas, entre los que se encontr\u00f3 el presidente cubano Miguel D\u00edaz-Canel y el venezolano Nicol\u00e1s Maduro, el presidente Andr\u00e9s Manuel L\u00f3pez Obrador anunci\u00f3 que hablar\u00e1 la pr\u00f3xima semana con su hom\u00f3logo estadunidense Joe Biden para que se retome el di\u00e1logo con Cuba.<\/p>\n","protected":false},"author":3,"featured_media":599496,"comment_status":"open","ping_status":"open","sticky":false,"template":"","format":"standard","meta":{"_monsterinsights_skip_tracking":false,"_monsterinsights_sitenote_active":false,"_monsterinsights_sitenote_note":"","_monsterinsights_sitenote_category":0,"footnotes":""},"categories":[3],"tags":[2545,438,22459],"class_list":["post-599419","post","type-post","status-publish","format-standard","has-post-thumbnail","hentry","category-nacional","tag-amlo","tag-cuba","tag-joe-biden"],"_links":{"self":[{"href":"https:\/\/www.diarioimagen.net\/index.php?rest_route=\/wp\/v2\/posts\/599419","targetHints":{"allow":["GET"]}}],"collection":[{"href":"https:\/\/www.diarioimagen.net\/index.php?rest_route=\/wp\/v2\/posts"}],"about":[{"href":"https:\/\/www.diarioimagen.net\/index.php?rest_route=\/wp\/v2\/types\/post"}],"author":[{"embeddable":true,"href":"https:\/\/www.diarioimagen.net\/index.php?rest_route=\/wp\/v2\/users\/3"}],"replies":[{"embeddable":true,"href":"https:\/\/www.diarioimagen.net\/index.php?rest_route=%2Fwp%2Fv2%2Fcomments&post=599419"}],"version-history":[{"count":0,"href":"https:\/\/www.diarioimagen.net\/index.php?rest_route=\/wp\/v2\/posts\/599419\/revisions"}],"wp:featuredmedia":[{"embeddable":true,"href":"https:\/\/www.diarioimagen.net\/index.php?rest_route=\/wp\/v2\/media\/599496"}],"wp:attachment":[{"href":"https:\/\/www.diarioimagen.net\/index.php?rest_route=%2Fwp%2Fv2%2Fmedia&parent=599419"}],"wp:term":[{"taxonomy":"category","embeddable":true,"href":"https:\/\/www.diarioimagen.net\/index.php?rest_route=%2Fwp%2Fv2%2Fcategories&post=599419"},{"taxonomy":"post_tag","embeddable":true,"href":"https:\/\/www.diarioimagen.net\/index.php?rest_route=%2Fwp%2Fv2%2Ftags&post=599419"}],"curies":[{"name":"wp","href":"https:\/\/api.w.org\/{rel}","templated":true}]}}