{"id":599432,"date":"2023-10-24T00:08:21","date_gmt":"2023-10-24T06:08:21","guid":{"rendered":"https:\/\/www.diarioimagen.net\/?p=599432"},"modified":"2023-10-23T22:50:05","modified_gmt":"2023-10-24T04:50:05","slug":"los-precandidatos-opositores","status":"publish","type":"post","link":"https:\/\/www.diarioimagen.net\/?p=599432","title":{"rendered":"Los precandidatos opositores"},"content":{"rendered":"<h2>Punto por punto<\/h2>\n<h5>Augusto Corro<\/h5>\n<p>&nbsp;<\/p>\n<p>El Frente Amplio por M\u00e9xico designar\u00e1 a sus precandidatos que participar\u00e1n en la contienda electoral de la Ciudad de M\u00e9xico (CDMX).<\/p>\n<p>PAN, PRI y PRD integran el frente partidista opositor que se encargar\u00e1 de nombrar al abanderado que lo represente.<\/p>\n<p>Hoy podr\u00eda ser el d\u00eda que los l\u00edderes de los partidos mencionados informen sobre el m\u00e9todo para escoger al precandidato.<\/p>\n<p>Para empezar, los dirigentes de las mencionadas organizaciones pol\u00edticas nombrar\u00e1n a una mujer y a un hombre de cada partido como aspirantes.<\/p>\n<p>Los nombres que suenan son los siguientes:<\/p>\n<p>PAN: Santiago Taboada y L\u00eda Lim\u00f3n.<\/p>\n<p>PRI: Adri\u00e1n Rubalcava y Cynthia L\u00f3pez Castro.<\/p>\n<p>PRD: Luis Ch\u00e1zaro y Norma Arias.<\/p>\n<p>Como pretexto para apoyar las precampa\u00f1as, la precandidata a la candidatura presidencial, X\u00f3chitl G\u00e1lvez, asiste a los informes de los alcaldes.<\/p>\n<p>As\u00ed ocurri\u00f3 con Santiago Taboada y L\u00eda Lim\u00f3n. Para esta \u00faltima los elogios fueron desmedidos.<\/p>\n<p>La oposici\u00f3n, ya lo se\u00f1alamos en este espacio, deber\u00e1 empe\u00f1arse en presentar al precandidato con un perfil ganador.<\/p>\n<p>Si se trata de elegir a Santiago Taboada, \u00e9ste tiene una lista de esc\u00e1ndalos que lo har\u00edan un precandidato muy d\u00e9bil.<\/p>\n<p>Lo mismo ocurrir\u00eda con Adri\u00e1n Rubalcava.<\/p>\n<p>En esta lucha capitalina, el partido Morena lleva la delantera, inclusive en la tapizada de propaganda por toda la CDMX, ante la indiferencia de las autoridades locales.<\/p>\n<p>Queda pendiente el asunto de los precandidatos independientes o de la sociedad civil, \u00bfcu\u00e1l?<\/p>\n<p style=\"text-align: center;\"><strong>Javier Duarte, con m\u00e1s delitos<\/strong><\/p>\n<p>El ex gobernador de Veracruz, Javier Duarte de Ochoa, y varios de sus colaboradores tienen nuevas \u00f3rdenes de aprehensi\u00f3n en su contra, por su probable responsabilidad en el delito de peculado.<\/p>\n<p>Presuntamente, los citados ex funcionarios participaron en el desv\u00edo de m\u00e1s de mil millones de pesos del erario estatal.\u00a0 Los acusados son Tom\u00e1s Jos\u00e9 Ruiz Gonz\u00e1les, Salvador Manzur D\u00edaz y Fernando Charleston Hern\u00e1ndez. Ellos fueron titulares de la Secretar\u00eda de Finanzas de Veracruz, en el gobierno de Duarte de Ochoa.<\/p>\n<p>Tambi\u00e9n se citaron los nombres de otros implicados, entre otros Carlos Aguirre Morales, ex subsecretario de Egresos; y Gabriel Deantes Ramos, ex subsecretario de Finanzas; Jos\u00e9 Francisco D\u00edaz Valenzuela; y Carolina Estrada Acosta, ex subdirectores de Operaci\u00f3n Financiera, en Veracruz.<\/p>\n<p>De acuerdo con la carpeta de investigaci\u00f3n, los acusados transfirieron de manera irregular alrededor de mil millones de pesos. En las pr\u00f3ximas horas, las autoridades cumplimentar\u00e1n las \u00f3rdenes de captura.<\/p>\n<p>Cabe mencionar que el ex gobernador Duarte de Ochoa se encuentra en la c\u00e1rcel, acusado de un sinn\u00famero de delitos.<\/p>\n<p style=\"text-align: center;\"><strong>La reuni\u00f3n en Palenque<\/strong><\/p>\n<p>El domingo se reunieron en Palenque, Chiapas, los representantes de gobiernos para analizar problemas relacionados con la crisis migratoria, con el prop\u00f3sito de encontrar soluciones \u201ca las causas estructurales del \u00e9xodo\u201d.<\/p>\n<p>Diez naciones de Am\u00e9rica Latina y el Caribe acordaron un paquete de 13 acciones conjuntas para enfrentar los crecientes flujos migratorios.<\/p>\n<p>En la reuni\u00f3n se convoc\u00f3 a los pa\u00edses de acogida a abandonar pol\u00edticas coercitivas y alentar medidas para atender el fen\u00f3meno migratorio.<\/p>\n<p>M\u00e9xico ofreci\u00f3 cooperaci\u00f3n y asistencia t\u00e9cnica a partir de la aplicaci\u00f3n de territorios allende las fronteras de dos programas sociales que se aplican en la presente administraci\u00f3n lopezobradorista.<\/p>\n<p>En sexenios recientes creci\u00f3 el n\u00famero de personas que abandonan sus tierras de origen en busca de mejores condiciones de vida.<\/p>\n<p>La poblaci\u00f3n huye principalmente por la pobreza que golpea a sus pa\u00edses, as\u00ed como la violencia incontenible. A lo anterior, se deben sumar las afectaciones derivadas de ciclones.<\/p>\n<p>De los pa\u00edses de Am\u00e9rica Latina y del Caribe salen caravanas de migrantes que recorren territorios donde tienen que sortear innumerables peligros que van desde los secuestros hasta los asesinatos.\u00a0 Esperamos que la reuni\u00f3n de Palenque sirva de algo, porque en el caso del fen\u00f3meno migratorio, solo sirve para que los pol\u00edticos adornen sus discursos con demagogia pura.<\/p>\n<p>\u00bfUsted qu\u00e9 opina amable lector?<\/p>\n<p><a href=\"mailto:augustocorro2742@gmail.com\" target=\"_blank\" rel=\"noopener\"><em>augustocorro2742@gmail.com<\/em><\/a><\/p>\n","protected":false},"excerpt":{"rendered":"<p><span style=\"color: #005497;\"><strong>Augusto Corro<\/strong><\/span><\/p>\n","protected":false},"author":3,"featured_media":0,"comment_status":"open","ping_status":"open","sticky":false,"template":"","format":"standard","meta":{"_monsterinsights_skip_tracking":false,"_monsterinsights_sitenote_active":false,"_monsterinsights_sitenote_note":"","_monsterinsights_sitenote_category":0,"footnotes":""},"categories":[157],"tags":[43686,43674,11515],"class_list":["post-599432","post","type-post","status-publish","format-standard","hentry","category-augusto-corro","tag-augusto-corro","tag-opinion","tag-punto-por-punto"],"_links":{"self":[{"href":"https:\/\/www.diarioimagen.net\/index.php?rest_route=\/wp\/v2\/posts\/599432","targetHints":{"allow":["GET"]}}],"collection":[{"href":"https:\/\/www.diarioimagen.net\/index.php?rest_route=\/wp\/v2\/posts"}],"about":[{"href":"https:\/\/www.diarioimagen.net\/index.php?rest_route=\/wp\/v2\/types\/post"}],"author":[{"embeddable":true,"href":"https:\/\/www.diarioimagen.net\/index.php?rest_route=\/wp\/v2\/users\/3"}],"replies":[{"embeddable":true,"href":"https:\/\/www.diarioimagen.net\/index.php?rest_route=%2Fwp%2Fv2%2Fcomments&post=599432"}],"version-history":[{"count":0,"href":"https:\/\/www.diarioimagen.net\/index.php?rest_route=\/wp\/v2\/posts\/599432\/revisions"}],"wp:attachment":[{"href":"https:\/\/www.diarioimagen.net\/index.php?rest_route=%2Fwp%2Fv2%2Fmedia&parent=599432"}],"wp:term":[{"taxonomy":"category","embeddable":true,"href":"https:\/\/www.diarioimagen.net\/index.php?rest_route=%2Fwp%2Fv2%2Fcategories&post=599432"},{"taxonomy":"post_tag","embeddable":true,"href":"https:\/\/www.diarioimagen.net\/index.php?rest_route=%2Fwp%2Fv2%2Ftags&post=599432"}],"curies":[{"name":"wp","href":"https:\/\/api.w.org\/{rel}","templated":true}]}}