{"id":599540,"date":"2023-10-25T00:05:45","date_gmt":"2023-10-25T06:05:45","guid":{"rendered":"https:\/\/www.diarioimagen.net\/?p=599540"},"modified":"2023-10-25T23:41:49","modified_gmt":"2023-10-26T05:41:49","slug":"impulsa-uaemex-su-red-de-mentores-academicos","status":"publish","type":"post","link":"https:\/\/www.diarioimagen.net\/?p=599540","title":{"rendered":"Impulsa UAEM\u00e9x su Red de Mentores Acad\u00e9micos"},"content":{"rendered":"<p>&nbsp;<\/p>\n<div id=\"attachment_599605\" style=\"width: 470px\" class=\"wp-caption aligncenter\"><a href=\"https:\/\/www.diarioimagen.net\/?attachment_id=599605\" rel=\"attachment wp-att-599605\"><img loading=\"lazy\" decoding=\"async\" aria-describedby=\"caption-attachment-599605\" class=\"size-full wp-image-599605\" src=\"https:\/\/www.diarioimagen.net\/wp-content\/uploads\/2023\/10\/uaem-impulsa.jpg\" alt=\"\" width=\"460\" height=\"270\" \/><\/a><p id=\"caption-attachment-599605\" class=\"wp-caption-text\">El secretario de Docencia de la UAEM\u00e9x, Jos\u00e9 Raymundo Marcial Romero, encabez\u00f3 la inauguraci\u00f3n del Primer Encuentro Red de Mentores Acad\u00e9micos de la UAEM\u00e9x, Ideas por la Inclusi\u00f3n.<\/p><\/div>\n<p>&nbsp;<\/p>\n<p><strong>Toluca, Estado de M\u00e9xico.\u2014<\/strong> El Programa de Asesor\u00eda Disciplinar por Mentores Acad\u00e9micos que impulsa la Universidad Aut\u00f3noma del Estado de M\u00e9xico (UAEM\u00e9x) es un apoyo que se da entre estudiantes y representa de manera inmediata la diferencia entre aprobar o no una asignatura; a mediano plazo, devolver a las y los j\u00f3venes la oportunidad de que terminen sus estudios y a largo plazo, transformar exitosamente sus trayectorias acad\u00e9micas para contribuir a la formaci\u00f3n de un profesionista que con sus saberes ayudar\u00e1 al bienestar de la sociedad, explic\u00f3 el secretario de Docencia, Jos\u00e9 Raymundo Marcial Romero.<\/p>\n<p>En el Aula Magna \u201cLic. Adolfo L\u00f3pez Mateos\u201d del Edificio de Rector\u00eda, Marcial Romero encabez\u00f3 la inauguraci\u00f3n del Primer Encuentro Red de Mentores Acad\u00e9micos de la UAEM\u00e9x, Ideas por la Inclusi\u00f3n. Ah\u00ed, destac\u00f3 la importancia que ha tenido este programa desde que se implement\u00f3 en 2013 y que cada a\u00f1o suma m\u00e1s personas interesadas en participar.<\/p>\n<p>\u201cEn la UAEM\u00e9x, el programa de Asesor\u00eda Disciplinar por Mentores Acad\u00e9micos inici\u00f3 en el a\u00f1o 2013. En el periodo de primavera 2023 participaron 128 estudiantes como mentores acad\u00e9micos de estudios profesionales y 54 en el nivel medio superior. A la fecha se han registrado 384 mentores para el Programa Oto\u00f1o 2023, que son coordinados por 23 responsables del programa\u201d, detall\u00f3.<\/p>\n<p>El programa de Asesor\u00eda Disciplinar por Mentores Acad\u00e9micos tiene como objetivo que estudiantes de semestres avanzados apoyen a las y los estudiantes de nuevo ingreso o de semestres iniciales, asesor\u00e1ndolos y orient\u00e1ndolos en conocimientos de asignaturas que se les dificultan.<\/p>\n<p>La mentor\u00eda se opera a trav\u00e9s de la Direcci\u00f3n de Apoyo al Estudiante, dependiente de la Secretar\u00eda de Docencia. Es una mentor\u00eda horizontal, sim\u00e9trica o entre pares en la que mentores y mentorados se encuentran en situaciones similares, es decir, son estudiantes que cursan grados diferentes y comparten las mismas necesidades acad\u00e9micas.<\/p>\n<p>En tanto, la directora de Apoyo Acad\u00e9mico a Estudiantes, Sandra Morales Hern\u00e1ndez, detall\u00f3 que durante\u00a0 el Primer Encuentro Red de Mentores Acad\u00e9micos de la UAEM\u00e9x, Ideas por la Inclusi\u00f3n habr\u00e1 distintas actividades como conferencias y talleres que fortalezcan la preparaci\u00f3n de los mentores universitarios y les den herramientas para su formaci\u00f3n.<\/p>\n<p>Durante el acto recibieron reconocimientos mentores primavera 2023, as\u00ed como responsables del Programa de Asesor\u00eda Disciplinar por Mentores Acad\u00e9micos.<\/p>\n<p>Al evento acudieron el alumno mentor de la licenciatura en Ingeniero Civil de la Facultad de Ingenier\u00eda, Erick Ren\u00e9 Jaspeado Bravo; el responsable del Programa de Asesor\u00eda Disciplinar por Mentores Acad\u00e9micos del Plantel \u201cNezahualc\u00f3yotl\u201d de la Escuela Preparatoria, Jes\u00fas Gerardo Santana Rivera, y mentores universitarios.<\/p>\n<p>Tras la ceremonia, el narrador y comentarista deportivo, Juan Carlos Cartagena Abaurre, imparti\u00f3 la conferencia \u201cLa solidaridad y el futuro profesional\u201d.<\/p>\n","protected":false},"excerpt":{"rendered":"<p>El Programa de Asesor\u00eda Disciplinar por Mentores Acad\u00e9micos que impulsa la Universidad Aut\u00f3noma del Estado de M\u00e9xico (UAEM\u00e9x) es un apoyo que se da entre estudiantes y representa de manera inmediata la diferencia entre aprobar o no una asignatura; a mediano plazo, devolver a las y los j\u00f3venes la oportunidad de que terminen sus estudios y a largo plazo, transformar exitosamente sus trayectorias acad\u00e9micas para contribuir a la formaci\u00f3n de un profesionista que con sus saberes ayudar\u00e1 al bienestar de la sociedad, explic\u00f3 el secretario de Docencia, Jos\u00e9 Raymundo Marcial Romero.<\/p>\n","protected":false},"author":3,"featured_media":599605,"comment_status":"open","ping_status":"open","sticky":false,"template":"","format":"standard","meta":{"_monsterinsights_skip_tracking":false,"_monsterinsights_sitenote_active":false,"_monsterinsights_sitenote_note":"","_monsterinsights_sitenote_category":0,"footnotes":""},"categories":[5],"tags":[43675,98801,452],"class_list":["post-599540","post","type-post","status-publish","format-standard","has-post-thumbnail","hentry","category-estado-de-mexico","tag-estado-de-mexico","tag-red-de-mentores-academicos","tag-toluca"],"_links":{"self":[{"href":"https:\/\/www.diarioimagen.net\/index.php?rest_route=\/wp\/v2\/posts\/599540","targetHints":{"allow":["GET"]}}],"collection":[{"href":"https:\/\/www.diarioimagen.net\/index.php?rest_route=\/wp\/v2\/posts"}],"about":[{"href":"https:\/\/www.diarioimagen.net\/index.php?rest_route=\/wp\/v2\/types\/post"}],"author":[{"embeddable":true,"href":"https:\/\/www.diarioimagen.net\/index.php?rest_route=\/wp\/v2\/users\/3"}],"replies":[{"embeddable":true,"href":"https:\/\/www.diarioimagen.net\/index.php?rest_route=%2Fwp%2Fv2%2Fcomments&post=599540"}],"version-history":[{"count":0,"href":"https:\/\/www.diarioimagen.net\/index.php?rest_route=\/wp\/v2\/posts\/599540\/revisions"}],"wp:featuredmedia":[{"embeddable":true,"href":"https:\/\/www.diarioimagen.net\/index.php?rest_route=\/wp\/v2\/media\/599605"}],"wp:attachment":[{"href":"https:\/\/www.diarioimagen.net\/index.php?rest_route=%2Fwp%2Fv2%2Fmedia&parent=599540"}],"wp:term":[{"taxonomy":"category","embeddable":true,"href":"https:\/\/www.diarioimagen.net\/index.php?rest_route=%2Fwp%2Fv2%2Fcategories&post=599540"},{"taxonomy":"post_tag","embeddable":true,"href":"https:\/\/www.diarioimagen.net\/index.php?rest_route=%2Fwp%2Fv2%2Ftags&post=599540"}],"curies":[{"name":"wp","href":"https:\/\/api.w.org\/{rel}","templated":true}]}}