{"id":599544,"date":"2023-10-25T00:03:00","date_gmt":"2023-10-25T06:03:00","guid":{"rendered":"https:\/\/www.diarioimagen.net\/?p=599544"},"modified":"2023-10-25T01:23:44","modified_gmt":"2023-10-25T07:23:44","slug":"edomex-aportara-mas-de-4-millones-de-votos-a-sheinbaum-ricardo-gudino","status":"publish","type":"post","link":"https:\/\/www.diarioimagen.net\/?p=599544","title":{"rendered":"Edomex aportar\u00e1 m\u00e1s de 4 millones de votos a Sheinbaum: Ricardo Gudi\u00f1o"},"content":{"rendered":"<p>&nbsp;<\/p>\n<ul>\n<li><em><strong>\u201cRepresenta la unidad y fortaleza de Morena\u201d<\/strong><\/em><\/li>\n<\/ul>\n<p>&nbsp;<\/p>\n<div id=\"attachment_599629\" style=\"width: 470px\" class=\"wp-caption aligncenter\"><a href=\"https:\/\/www.diarioimagen.net\/?attachment_id=599629\" rel=\"attachment wp-att-599629\"><img loading=\"lazy\" decoding=\"async\" aria-describedby=\"caption-attachment-599629\" class=\"size-full wp-image-599629\" src=\"https:\/\/www.diarioimagen.net\/wp-content\/uploads\/2023\/10\/edomex-aportara.jpg\" alt=\"\" width=\"460\" height=\"270\" \/><\/a><p id=\"caption-attachment-599629\" class=\"wp-caption-text\">Ricardo Gudi\u00f1o Morales, consejero pol\u00edtico morenista en el Estado de M\u00e9xico, destac\u00f3 que\u00a0 Claudia Sheinbaum representa la unidad y fortaleza de Morena.<\/p><\/div>\n<p>&nbsp;<\/p>\n<p><strong>Naucalpan, Estado de M\u00e9xico.\u2014<\/strong> Militantes y simpatizantes de Morena estamos seguros que, desde la entidad mexiquense, se aportar\u00e1n al menos 4 millones de votos, lo que representan al menos el 10 por ciento de los sufragios a nivel nacional.<\/p>\n<p>As\u00ed lo afirm\u00f3 en entrevista Ricardo Gudi\u00f1o Morales, consejero pol\u00edtico morenista en el Estado de M\u00e9xico, luego de destacar que \u201cClaudia Sheinbaum, representa la unidad y fortaleza de Morena no s\u00f3lo en el Edomex, sino en todo el pa\u00eds\u201d.<\/p>\n<p>Asimismo, puntualiz\u00f3 que \u201cestamos satisfechos de que Claudia Sheinbaum contin\u00fae con el acercamiento con las bases, con la militancia y con la ciudadan\u00eda en general, refrendando el compromiso con ellos, para seguir adelante en esta lucha que es de todos y por el bien del pueblo\u201d, expres\u00f3.<\/p>\n<p>Gudi\u00f1o Morales afirm\u00f3 que \u201cpor ello, desde el Estado de M\u00e9xico y en todo el pa\u00eds, cada quien desde su trinchera, ha trabajado y seguido los ideales morenistas en favor del bienestar de las y los mexicanos\u201d.<\/p>\n<p>Finalmente, destac\u00f3 que \u201cen los diferentes estados de la Rep\u00fablica que visita Claudia Sheinbaum se ve la unidad y se contin\u00faa consolidando la 4T, anteponiendo siempre los derechos de la mujer, de los j\u00f3venes, de los adultos mayores, de las ni\u00f1as y ni\u00f1os de este pa\u00eds\u201d.<\/p>\n","protected":false},"excerpt":{"rendered":"<p>Militantes y simpatizantes de Morena estamos seguros que, desde la entidad mexiquense, se aportar\u00e1n al menos 4 millones de votos, lo que representan al menos el 10 por ciento de los sufragios a nivel nacional.<\/p>\n","protected":false},"author":3,"featured_media":599629,"comment_status":"open","ping_status":"open","sticky":false,"template":"","format":"standard","meta":{"_monsterinsights_skip_tracking":false,"_monsterinsights_sitenote_active":false,"_monsterinsights_sitenote_note":"","_monsterinsights_sitenote_category":0,"footnotes":""},"categories":[5],"tags":[43675,20663,970],"class_list":["post-599544","post","type-post","status-publish","format-standard","has-post-thumbnail","hentry","category-estado-de-mexico","tag-estado-de-mexico","tag-morena","tag-naucalpan"],"_links":{"self":[{"href":"https:\/\/www.diarioimagen.net\/index.php?rest_route=\/wp\/v2\/posts\/599544","targetHints":{"allow":["GET"]}}],"collection":[{"href":"https:\/\/www.diarioimagen.net\/index.php?rest_route=\/wp\/v2\/posts"}],"about":[{"href":"https:\/\/www.diarioimagen.net\/index.php?rest_route=\/wp\/v2\/types\/post"}],"author":[{"embeddable":true,"href":"https:\/\/www.diarioimagen.net\/index.php?rest_route=\/wp\/v2\/users\/3"}],"replies":[{"embeddable":true,"href":"https:\/\/www.diarioimagen.net\/index.php?rest_route=%2Fwp%2Fv2%2Fcomments&post=599544"}],"version-history":[{"count":0,"href":"https:\/\/www.diarioimagen.net\/index.php?rest_route=\/wp\/v2\/posts\/599544\/revisions"}],"wp:featuredmedia":[{"embeddable":true,"href":"https:\/\/www.diarioimagen.net\/index.php?rest_route=\/wp\/v2\/media\/599629"}],"wp:attachment":[{"href":"https:\/\/www.diarioimagen.net\/index.php?rest_route=%2Fwp%2Fv2%2Fmedia&parent=599544"}],"wp:term":[{"taxonomy":"category","embeddable":true,"href":"https:\/\/www.diarioimagen.net\/index.php?rest_route=%2Fwp%2Fv2%2Fcategories&post=599544"},{"taxonomy":"post_tag","embeddable":true,"href":"https:\/\/www.diarioimagen.net\/index.php?rest_route=%2Fwp%2Fv2%2Ftags&post=599544"}],"curies":[{"name":"wp","href":"https:\/\/api.w.org\/{rel}","templated":true}]}}