{"id":599679,"date":"2023-10-26T00:02:30","date_gmt":"2023-10-26T06:02:30","guid":{"rendered":"https:\/\/www.diarioimagen.net\/?p=599679"},"modified":"2023-10-26T21:26:13","modified_gmt":"2023-10-27T03:26:13","slug":"hay-que-ir-a-fondo-para-moralizar-al-poder-judicial-federal-amlo","status":"publish","type":"post","link":"https:\/\/www.diarioimagen.net\/?p=599679","title":{"rendered":"Hay que ir a fondo para moralizar al Poder Judicial Federal: AMLO"},"content":{"rendered":"<p>&nbsp;<\/p>\n<h3 style=\"text-align: center;\">Justifica extinci\u00f3n de fideicomisos<\/h3>\n<p>&nbsp;<\/p>\n<ul>\n<li><strong><em>\u201cEs necesario que se castigue a corruptos y se estigmatice la corrupci\u00f3n\u201d, dice<\/em><\/strong><\/li>\n<\/ul>\n<p>&nbsp;<\/p>\n<div id=\"attachment_599732\" style=\"width: 470px\" class=\"wp-caption aligncenter\"><a href=\"https:\/\/www.diarioimagen.net\/?attachment_id=599732\" rel=\"attachment wp-att-599732\"><img loading=\"lazy\" decoding=\"async\" aria-describedby=\"caption-attachment-599732\" class=\"size-full wp-image-599732\" src=\"https:\/\/www.diarioimagen.net\/wp-content\/uploads\/2023\/10\/amlo-11.jpg\" alt=\"\" width=\"460\" height=\"270\" \/><\/a><p id=\"caption-attachment-599732\" class=\"wp-caption-text\">El presidente Andr\u00e9s Manuel L\u00f3pez Obrador se\u00f1al\u00f3 que es momento de \u201cir al fondo\u201d para moralizar el Poder Judicial de la Federaci\u00f3n.<\/p><\/div>\n<p>&nbsp;<\/p>\n<p>Luego de que el Senado aprobara la extinci\u00f3n de 13 fideicomisos del Poder Judicial de la Federaci\u00f3n, el presidente Andr\u00e9s Manuel L\u00f3pez Obrador se\u00f1al\u00f3 que es momento de \u201cir al fondo\u201d para moralizar este Poder, para lo cual es necesario que se castigue a los corruptos y se estigmatice la corrupci\u00f3n.<\/p>\n<p>\u201cTenemos que seguir insistiendo en que el Poder Judicial se moralice, que le hace falta desde hace tiempo, y ahora que ya se est\u00e1 atendiendo el asunto, ir al fondo\u201d, declar\u00f3 el mandatario en su ma\u00f1anera en Palacio Nacional.<\/p>\n<p>\u201cY como con la corrupci\u00f3n, no es nada m\u00e1s castigar al corrupto, es estigmatizar la corrupci\u00f3n, que no se piense que eso es normal, que no se establezca como forma de gobierno, como estilo de vida, no permitirlo, eso es lo que considero que va a ayudar mucho\u201d, dijo.<\/p>\n<p>Sobre la postura de la senadora\u00a0\u00a0Olga S\u00e1nchez Cordero, quien vot\u00f3 junto con la oposici\u00f3n en contra de esta reforma, L\u00f3pez Obrador afirm\u00f3 que respeta la decisi\u00f3n de su ex secretaria de Gobernaci\u00f3n y ex ministra de la Suprema Corte de la Naci\u00f3n.<\/p>\n<p>\u201cSe respeta lo que hizo la ministra Olga S\u00e1nchez Cordero. Ella fue ministra de la Corte y siempre hay una solidaridad de gremio\u201d, expres\u00f3 el tabasque\u00f1o.<\/p>\n<p>L\u00f3pez Obrador insisti\u00f3 en que el Poder Judicial \u201cera como el castillo de la pureza; no se sab\u00eda nada ah\u00ed, hay much\u00edsima corrupci\u00f3n\u201d y reiter\u00f3 su llamado a que los ministros expliquen \u201cpor qu\u00e9 ganan 700 mil pesos mensuales en un pa\u00eds en donde el promedio de salario de los trabajadores est\u00e1 en 16 mil pesos mensuales\u201d.<\/p>\n<p>\u201cA ver, que nos expliquen por qu\u00e9 violan la Constituci\u00f3n si el art\u00edculo 127 establece que nadie puede ganar m\u00e1s que el Presidente de la Rep\u00fablica. solo eso, y que nos digan tambi\u00e9n si hay corrupci\u00f3n o no hay corrupci\u00f3n, si los jueces, magistrados, ministros no son corruptos, con algunas excepciones\u201d, se\u00f1al\u00f3.<\/p>\n<p>Asever\u00f3 que es beneficioso el debate sobre el Poder Judicial y que fluya la informaci\u00f3n sobre su funcionamiento, su presupuesto y sus fideicomisos. \u201cEs muy bueno para el pa\u00eds, que todo esto aflore, porque no se sab\u00eda nada\u201d, dijo.<\/p>\n<p>\u201cEn honor a la verdad, los que nos est\u00e1n escuchando, viendo, \u00bfsab\u00edan hace un a\u00f1o, que ya son gentes mayores como yo, sab\u00edan que un ministro en M\u00e9xico ganaba 700 mil pesos mensuales? La mayor\u00eda no lo sab\u00eda, porque eran secretos de Estado\u201d, afirm\u00f3.<\/p>\n<p>Tras referirse a declaraciones de empleados del Poder Judicial que han participado en las manifestaciones en contra de la extinci\u00f3n de los fideicomisos y que han dicho que ganan entre siete y ocho mil pesos mensuales, frente a los 700 mil de los ministros, mientras que manifiestan su temor a ser afectados por la reforma, L\u00f3pez Obrador asegur\u00f3 que \u201cfalta informaci\u00f3n, mucha informaci\u00f3n en los medios, por eso hacen mucho da\u00f1o\u201d.<\/p>\n<p>Recalc\u00f3 que la reforma al Poder Judicial no significa afectar los derechos de los trabajadores de base del sistema judicial, sino quitar privilegios a los mandos.<\/p>\n<p>\u201cSiempre digo, no es quitarle a los de arriba, es abajo los privilegios, es arriba los de abajo, que no significa abajo los de arriba, significa abajo los privilegios\u201d, dijo.<\/p>\n<p style=\"text-align: center;\"><strong>Seguimos actuando para conseguir la liberaci\u00f3n de dos mexicanos: AMLO<\/strong><\/p>\n<p>Sobre el conflicto en Medio Oriente, el presidente L\u00f3pez Obrador inform\u00f3 que su gobierno contin\u00faa actuando para conseguir la liberaci\u00f3n de Iliana Gritzewsky y Ori\u00f3n Hern\u00e1ndez, que fueron tomados como rehenes por integrantes de Hamas durante el ataque a Israel del 7 de octubre.<\/p>\n<p>\u201cEstamos trabajando, todo el tiempo est\u00e1 la secretaria de Relaciones Exteriores, Alicia B\u00e1rcena, tratando este asunto\u201d, se\u00f1al\u00f3 el mandatario a pregunta expresa en su conferencia de prensa, donde rechaz\u00f3 dar detalles de las gestiones que se realizan.<\/p>\n","protected":false},"excerpt":{"rendered":"<p>Luego de que el Senado aprobara la extinci\u00f3n de 13 fideicomisos del Poder Judicial de la Federaci\u00f3n, el presidente Andr\u00e9s Manuel L\u00f3pez Obrador se\u00f1al\u00f3 que es momento de \u201cir al fondo\u201d para moralizar este Poder, para lo cual es necesario que se castigue a los corruptos y se estigmatice la corrupci\u00f3n.<\/p>\n","protected":false},"author":3,"featured_media":599732,"comment_status":"open","ping_status":"open","sticky":false,"template":"","format":"standard","meta":{"_monsterinsights_skip_tracking":false,"_monsterinsights_sitenote_active":false,"_monsterinsights_sitenote_note":"","_monsterinsights_sitenote_category":0,"footnotes":""},"categories":[3],"tags":[2545,30623,43673,98808],"class_list":["post-599679","post","type-post","status-publish","format-standard","has-post-thumbnail","hentry","category-nacional","tag-amlo","tag-fondo","tag-nacional","tag-poder-judicial-federal"],"_links":{"self":[{"href":"https:\/\/www.diarioimagen.net\/index.php?rest_route=\/wp\/v2\/posts\/599679","targetHints":{"allow":["GET"]}}],"collection":[{"href":"https:\/\/www.diarioimagen.net\/index.php?rest_route=\/wp\/v2\/posts"}],"about":[{"href":"https:\/\/www.diarioimagen.net\/index.php?rest_route=\/wp\/v2\/types\/post"}],"author":[{"embeddable":true,"href":"https:\/\/www.diarioimagen.net\/index.php?rest_route=\/wp\/v2\/users\/3"}],"replies":[{"embeddable":true,"href":"https:\/\/www.diarioimagen.net\/index.php?rest_route=%2Fwp%2Fv2%2Fcomments&post=599679"}],"version-history":[{"count":0,"href":"https:\/\/www.diarioimagen.net\/index.php?rest_route=\/wp\/v2\/posts\/599679\/revisions"}],"wp:featuredmedia":[{"embeddable":true,"href":"https:\/\/www.diarioimagen.net\/index.php?rest_route=\/wp\/v2\/media\/599732"}],"wp:attachment":[{"href":"https:\/\/www.diarioimagen.net\/index.php?rest_route=%2Fwp%2Fv2%2Fmedia&parent=599679"}],"wp:term":[{"taxonomy":"category","embeddable":true,"href":"https:\/\/www.diarioimagen.net\/index.php?rest_route=%2Fwp%2Fv2%2Fcategories&post=599679"},{"taxonomy":"post_tag","embeddable":true,"href":"https:\/\/www.diarioimagen.net\/index.php?rest_route=%2Fwp%2Fv2%2Ftags&post=599679"}],"curies":[{"name":"wp","href":"https:\/\/api.w.org\/{rel}","templated":true}]}}