{"id":599813,"date":"2023-10-27T00:01:58","date_gmt":"2023-10-27T06:01:58","guid":{"rendered":"https:\/\/www.diarioimagen.net\/?p=599813"},"modified":"2023-10-29T22:21:13","modified_gmt":"2023-10-30T04:21:13","slug":"sheinbaum-cancela-gira-y-se-suma-a-labores-de-apoyo-a-damnificados","status":"publish","type":"post","link":"https:\/\/www.diarioimagen.net\/?p=599813","title":{"rendered":"Sheinbaum cancela gira y se suma a labores de apoyo a damnificados"},"content":{"rendered":"<p><em>\u00a0<\/em><\/p>\n<ul>\n<li><em><strong>\u201cClaudia ha sido la mejor de todos los que hemos sido jefes de Gobierno, muy buena, mucho muy buena\u201d: AMLO<\/strong> <\/em><\/li>\n<\/ul>\n<p>&nbsp;<\/p>\n<div id=\"attachment_599885\" style=\"width: 470px\" class=\"wp-caption aligncenter\"><a href=\"https:\/\/www.diarioimagen.net\/?attachment_id=599885\" rel=\"attachment wp-att-599885\"><img loading=\"lazy\" decoding=\"async\" aria-describedby=\"caption-attachment-599885\" class=\"size-full wp-image-599885\" src=\"https:\/\/www.diarioimagen.net\/wp-content\/uploads\/2023\/10\/claudia-robaplana.jpg\" alt=\"\" width=\"460\" height=\"270\" \/><\/a><p id=\"caption-attachment-599885\" class=\"wp-caption-text\">Claudia Sheinbaum cancel\u00f3 su gira por Nuevo Le\u00f3n y Durango, para sumarse a las labores de acopio en beneficio de los damnificados de Guerrrero.<\/p><\/div>\n<p>&nbsp;<\/p>\n<p>La doctora Claudia Sheinbaum,\u00a0 Coordinadora Nacional de los Comit\u00e9s de la Cuarta Transformaci\u00f3n, cancel\u00f3 su gira por los estados de Nuevo Le\u00f3n y Durango, para sumarse a las labores de acopio en beneficio de los damnificados de Acapulco que fueron impactados por el hurac\u00e1n \u201cOtis\u201d.<\/p>\n<p>En Quintana Roo, los militantes morenos participan en la donaci\u00f3n y labores de acopio,\u00a0 ya que la entidad a vivido en carne propia los azotes de huracanes como \u201cWilma\u201d, entre otros fen\u00f3menos hidrometeorol\u00f3gicos.<\/p>\n<p>En sus redes sociales, la doctora inform\u00f3 de la cancelaci\u00f3n de sus giras y expuso: \u201cHemos decidido suspender uno d\u00edas nuestra gira en solidaridad con los afectados por el hurac\u00e1n Otis en Acapulco. Pedimos disculpas a los militantes de Durango y Monterrey\u201d.<\/p>\n<p>Horas antes, la ex jefa de Gobierno de la Ciudad de M\u00e9xico public\u00f3 un video en el que solidariza con los habitantes de Acapulco y dijo: \u201cNuestra solidaridad a todos aquellos que se encuentran en Acapulco, sepan que el Gobierno de M\u00e9xico cuenta con recursos suficientes para atender esta emergencia, lo importantes ahora es la generosidad y el apoyo\u201d.<\/p>\n<p>Cabe mencionar que el presidente de la Rep\u00fablica, Andr\u00e9s Manuel L\u00f3pez Obrador acudi\u00f3 personalmente a la zona afectada a brindar la ayuda correspondiente.<\/p>\n<p>En la conferencia ma\u00f1anera, el Presidente reconoci\u00f3 a la doctora: \u201cQue Jefa de Gobierno Claudia Sheinbaum, mejor que todos los que hemos sido jefes de gobierno, muy buena, mucho muy buena\u201d.<\/p>\n","protected":false},"excerpt":{"rendered":"<p>La doctora Claudia Sheinbaum,\u00a0 Coordinadora Nacional de los Comit\u00e9s de la Cuarta Transformaci\u00f3n, cancel\u00f3 su gira por los estados de Nuevo Le\u00f3n y Durango, para sumarse a las labores de acopio en beneficio de los damnificados de Acapulco que fueron impactados por el hurac\u00e1n \u201cOtis\u201d.<\/p>\n","protected":false},"author":3,"featured_media":599885,"comment_status":"open","ping_status":"open","sticky":false,"template":"","format":"standard","meta":{"_monsterinsights_skip_tracking":false,"_monsterinsights_sitenote_active":false,"_monsterinsights_sitenote_note":"","_monsterinsights_sitenote_category":0,"footnotes":""},"categories":[3],"tags":[72207,98807],"class_list":["post-599813","post","type-post","status-publish","format-standard","has-post-thumbnail","hentry","category-nacional","tag-claudia-sheinbaum-pardo","tag-otis"],"_links":{"self":[{"href":"https:\/\/www.diarioimagen.net\/index.php?rest_route=\/wp\/v2\/posts\/599813","targetHints":{"allow":["GET"]}}],"collection":[{"href":"https:\/\/www.diarioimagen.net\/index.php?rest_route=\/wp\/v2\/posts"}],"about":[{"href":"https:\/\/www.diarioimagen.net\/index.php?rest_route=\/wp\/v2\/types\/post"}],"author":[{"embeddable":true,"href":"https:\/\/www.diarioimagen.net\/index.php?rest_route=\/wp\/v2\/users\/3"}],"replies":[{"embeddable":true,"href":"https:\/\/www.diarioimagen.net\/index.php?rest_route=%2Fwp%2Fv2%2Fcomments&post=599813"}],"version-history":[{"count":0,"href":"https:\/\/www.diarioimagen.net\/index.php?rest_route=\/wp\/v2\/posts\/599813\/revisions"}],"wp:featuredmedia":[{"embeddable":true,"href":"https:\/\/www.diarioimagen.net\/index.php?rest_route=\/wp\/v2\/media\/599885"}],"wp:attachment":[{"href":"https:\/\/www.diarioimagen.net\/index.php?rest_route=%2Fwp%2Fv2%2Fmedia&parent=599813"}],"wp:term":[{"taxonomy":"category","embeddable":true,"href":"https:\/\/www.diarioimagen.net\/index.php?rest_route=%2Fwp%2Fv2%2Fcategories&post=599813"},{"taxonomy":"post_tag","embeddable":true,"href":"https:\/\/www.diarioimagen.net\/index.php?rest_route=%2Fwp%2Fv2%2Ftags&post=599813"}],"curies":[{"name":"wp","href":"https:\/\/api.w.org\/{rel}","templated":true}]}}