{"id":599815,"date":"2023-10-27T00:01:16","date_gmt":"2023-10-27T06:01:16","guid":{"rendered":"https:\/\/www.diarioimagen.net\/?p=599815"},"modified":"2023-10-29T22:23:48","modified_gmt":"2023-10-30T04:23:48","slug":"tren-maya-listo-para-iniciar-operaciones-en-este-diciembre","status":"publish","type":"post","link":"https:\/\/www.diarioimagen.net\/?p=599815","title":{"rendered":"Tren Maya, listo para iniciar operaciones en este diciembre"},"content":{"rendered":"<p>&nbsp;<\/p>\n<ul>\n<li><strong><em>\u00a0Reportan avances en tiempo y forma en los tramos 5, 6 y 7<\/em><\/strong><\/li>\n<\/ul>\n<p>&nbsp;<\/p>\n<div id=\"attachment_599875\" style=\"width: 470px\" class=\"wp-caption aligncenter\"><a href=\"https:\/\/www.diarioimagen.net\/?attachment_id=599875\" rel=\"attachment wp-att-599875\"><img loading=\"lazy\" decoding=\"async\" aria-describedby=\"caption-attachment-599875\" class=\"size-full wp-image-599875\" src=\"https:\/\/www.diarioimagen.net\/wp-content\/uploads\/2023\/10\/tren-maya.jpg\" alt=\"\" width=\"460\" height=\"270\" \/><\/a><p id=\"caption-attachment-599875\" class=\"wp-caption-text\">\u201cEn el Tren Maya estamos listos para iniciar operaciones a partir de diciembre\u201d, confirm\u00f3 el director general de la empresa, \u00d3scar David Lozano.<\/p><\/div>\n<p>&nbsp;<\/p>\n<p>\u201cEn el Tren Maya estamos listos para iniciar operaciones a partir del 15 de diciembre de 2023\u201d, confirm\u00f3 el director general de la empresa Tren Maya, \u00d3scar David Lozano \u00c1guila, al encabezar la presentaci\u00f3n del informe integral de avances en los tramos 5, 6 y 7, durante la conferencia del presidente Andr\u00e9s Manuel L\u00f3pez Obrador.<\/p>\n<p>\u201cEstamos a 53 d\u00edas y todos en el equipo de Tren Maya estamos emocionados por la posibilidad de inaugurar en esa fecha\u201d, se\u00f1al\u00f3 tras destacar que se han generado m\u00e1s de 60 mil empleos.<\/p>\n<p>Record\u00f3 que, en conjunto, los tramos 5, 6 y 7 abarcan 621 kil\u00f3metros de 11 municipios de Quintana Roo y Campeche; los tramos 5 y 6 suman 366 kil\u00f3metros de v\u00eda doble electrificada, de la estaci\u00f3n Canc\u00fan Aeropuerto a la estaci\u00f3n Chetumal. En tanto, el tramo 7 corre por v\u00eda sencilla a lo largo de 254 kil\u00f3metros que conectan la estaci\u00f3n Chetumal con la estaci\u00f3n Esc\u00e1rcega.<\/p>\n<p>Precis\u00f3 que la construcci\u00f3n del nuevo Aeropuerto de Tulum y la rehabilitaci\u00f3n y modernizaci\u00f3n de los aeropuertos de Canc\u00fan y Chetumal permitir\u00e1n la conectividad autom\u00e1tica desde las terminales a\u00e9reas a las estaciones del Tren Maya y aumentar\u00e1n las capacidades para el transporte de pasajeros.<\/p>\n<p>Especific\u00f3 que en el tramo 5 se construyen tres estaciones: Puerto Morelos, Playa del Carmen y Tulum, adem\u00e1s de dos bases para el mantenimiento de la v\u00eda \u2014Puerto Morelos y Chemuyil\u2014, mientras que en el tramo 6 son cinco estaciones: Tulum Aeropuerto, Felipe Carrillo Puerto, Limones-Chacchob\u00e9n, Bacalar y Chetumal Aeropuerto; una cochera para el resguardo y mantenimiento de los trenes en Tulum y otra en Chetumal, adem\u00e1s de una base de mantenimiento en Felipe Carrillo Puerto. Precis\u00f3 que en Chetumal tambi\u00e9n se prev\u00e9 la construcci\u00f3n de una terminal multimodal de transporte de carga que permitir\u00e1 dinamizar la econom\u00eda del sur del estado junto con otras obras estrat\u00e9gicas que se levantan en la zona.<\/p>\n<p>Refiri\u00f3 que en el tramo 7 se construyen cuatro estaciones: Kohunlich, Xpujil, Calakmul y Centenario, adema\u00ecs de una base de mantenimiento en Xpujil, donde se contempla tambi\u00e9n edificar un patio de operaciones para el transporte de carga.<\/p>\n<p style=\"text-align: center;\"><strong>840 obras complementarias<\/strong><\/p>\n<p>Afirm\u00f3 que en los tramos 5, 6 y 7 habr\u00e1 840 obras complementarias, entre puentes ferroviarios, pasos peatonales, vehiculares y de fauna, as\u00ed como obras de drenaje y obras ele\u00ecctricas, e inform\u00f3 que se utilizar\u00e1n en total un millo\u00ecn 800 mil durmientes, dos millones 800 mil metros cuadrados de balasto y 123 mil toneladas de riel.<\/p>\n<p>Mencion\u00f3 la zona arqueol\u00f3gica El Meco, el Fuerte San Felipe, Cozumel, Tulum y Chetumal entre los grandes atractivos al paso de los tramos 5, 6 y 7 del Tren Maya.<\/p>\n<p>Por su parte, el comandante del Agrupamiento de Ingenieros Felipe \u00c1ngeles adscrito a la Secretar\u00eda de la Defensa Nacional (Sedena), Gustavo Ricardo Vallejo Sua\u00ecrez, report\u00f3 que los trabajos en los tramos 5 norte, 6 y 7, as\u00ed como en el Aeropuerto Internacional de Tulum Felipe Carrillo Puerto, a cargo de la Sedena, avanzan sin contratiempos.<\/p>\n<p>Inform\u00f3 que el avance es de 47 por ciento en el tramo 5 norte, de 43 km, de Canc\u00fan a Playa del Carmen, con v\u00eda doble electrificada; en el tramo 6 es de 53 por ciento, contempla 255 km de Tulum a Chetumal y v\u00eda doble electrificada; en el tramo 7 el avance es de 51 por ciento, consta de 254 km entre Chetumal y Esc\u00e1rcega, de v\u00eda sencilla. En el nuevo aeropuerto de Tulum se registra 80 por ciento de avance.<\/p>\n","protected":false},"excerpt":{"rendered":"<p>\u201cEn el Tren Maya estamos listos para iniciar operaciones a partir del 15 de diciembre de 2023\u201d, confirm\u00f3 el director general de la empresa Tren Maya, \u00d3scar David Lozano \u00c1guila, al encabezar la presentaci\u00f3n del informe integral de avances en los tramos 5, 6 y 7, durante la conferencia del presidente Andr\u00e9s Manuel L\u00f3pez Obrador.<\/p>\n","protected":false},"author":3,"featured_media":599875,"comment_status":"open","ping_status":"open","sticky":false,"template":"","format":"standard","meta":{"_monsterinsights_skip_tracking":false,"_monsterinsights_sitenote_active":false,"_monsterinsights_sitenote_note":"","_monsterinsights_sitenote_category":0,"footnotes":""},"categories":[17,3],"tags":[98817,76415],"class_list":["post-599815","post","type-post","status-publish","format-standard","has-post-thumbnail","hentry","category-especiales","category-nacional","tag-oscar-david-lozano-aguila","tag-tren-maya"],"_links":{"self":[{"href":"https:\/\/www.diarioimagen.net\/index.php?rest_route=\/wp\/v2\/posts\/599815","targetHints":{"allow":["GET"]}}],"collection":[{"href":"https:\/\/www.diarioimagen.net\/index.php?rest_route=\/wp\/v2\/posts"}],"about":[{"href":"https:\/\/www.diarioimagen.net\/index.php?rest_route=\/wp\/v2\/types\/post"}],"author":[{"embeddable":true,"href":"https:\/\/www.diarioimagen.net\/index.php?rest_route=\/wp\/v2\/users\/3"}],"replies":[{"embeddable":true,"href":"https:\/\/www.diarioimagen.net\/index.php?rest_route=%2Fwp%2Fv2%2Fcomments&post=599815"}],"version-history":[{"count":0,"href":"https:\/\/www.diarioimagen.net\/index.php?rest_route=\/wp\/v2\/posts\/599815\/revisions"}],"wp:featuredmedia":[{"embeddable":true,"href":"https:\/\/www.diarioimagen.net\/index.php?rest_route=\/wp\/v2\/media\/599875"}],"wp:attachment":[{"href":"https:\/\/www.diarioimagen.net\/index.php?rest_route=%2Fwp%2Fv2%2Fmedia&parent=599815"}],"wp:term":[{"taxonomy":"category","embeddable":true,"href":"https:\/\/www.diarioimagen.net\/index.php?rest_route=%2Fwp%2Fv2%2Fcategories&post=599815"},{"taxonomy":"post_tag","embeddable":true,"href":"https:\/\/www.diarioimagen.net\/index.php?rest_route=%2Fwp%2Fv2%2Ftags&post=599815"}],"curies":[{"name":"wp","href":"https:\/\/api.w.org\/{rel}","templated":true}]}}