{"id":599828,"date":"2023-10-27T00:04:33","date_gmt":"2023-10-27T06:04:33","guid":{"rendered":"https:\/\/www.diarioimagen.net\/?p=599828"},"modified":"2023-10-26T23:18:50","modified_gmt":"2023-10-27T05:18:50","slug":"dos-catastrofes","status":"publish","type":"post","link":"https:\/\/www.diarioimagen.net\/?p=599828","title":{"rendered":"Dos cat\u00e1strofes"},"content":{"rendered":"<h2>De pe a pa<\/h2>\n<h5>Alberto Vieyra G.<\/h5>\n<p>&nbsp;<\/p>\n<p>Dos devastadoras fotograf\u00edas me han estremecido en las \u00faltimas horas. Con siete horas de diferencia M\u00e9xico registr\u00f3 este martes dos cat\u00e1strofes hist\u00f3ricas.\u00a0 El hurac\u00e1n \u201cOtis\u201d con categor\u00eda 5, como si fuese un devastador tornado con la misma categor\u00eda provoc\u00f3 el mayor desastre natural de que se tenga memoria en los \u00faltimos dos siglos en Acapulco y otras regiones guerrerenses, donde se desconoce el n\u00famero de muertos, heridos y desaparecidos.<\/p>\n<p>En esa regi\u00f3n de la patria han ocurrido anteriormente 2 huracanes de categor\u00eda 4: \u201cPaulina\u201d, entre el 5\u00a0 y el 10 de octubre de 1997, que estamp\u00f3 su huella macabra en esa tierra caliente, igual que \u201cEmanuel\u201d, pero aquellos ser\u00edan menos devastadores que el macabro hurac\u00e1n \u201cOtis\u201d.<\/p>\n<p>Por aquellos a\u00f1os, se contaba con el famoso Fonden que inyectaba inmediatamente recursos a las poblaciones siniestradas, pero a la llegada de AMLO desapareci\u00f3 ese millonario fideicomiso y hoy no se tiene ni para comprar mejoralitos o desenfrioles para los damnificados.<\/p>\n<p>Y este ser\u00eda el momento en que el Presidente ya se arremangar\u00eda los pantalones y las mangas de su camisa para ir en auxilio de los damnificados por el desastre en Guerrero o emular\u00e1 a Miguel de la Madrid, quien durante los terremotos de 1985, no tuvo la sensibilidad humana ni pol\u00edtica de dejar la comodidad de la residencia oficial de Los Pinos para irse a rescatar muertos y heridos de entre los escombros, lo que se tradujo en 1988 en una debacle electoral para el PRI<\/p>\n<p>\u00bfOcurrir\u00e1 lo mismo con un AMLO, quien en las inundaciones de Tabasco ni siquiera se quit\u00f3 los zapatos para no sufrir un resfriado? \u00bfEsa manifiesta insensibilidad humana y pol\u00edtica de AMLO se traducir\u00e1 en una cat\u00e1strofe pol\u00edtica para su partido en las elecci\u00f3n presidencial del 2024 o ser\u00e1 que esa cat\u00e1strofe electoral ya comenz\u00f3 la tarde de este martes 25 de octubre, cuando el jerarca nacional de Morena y el fuego amigo que se vive en Morena hicieron que la corcholata de AMLO fuera humillada en el Estadio Azul de futbol que nisiquiera sali\u00f3 y que ese estadio luci\u00f3 casi totalmente vac\u00edo, cuando do\u00f1a Claudia hab\u00eda convocado a un megamitin p\u00fablico, despu\u00e9s de que el INE le prohibi\u00f3 hacer eventos al aire libre?<\/p>\n<p>\u00bfQu\u00e9 le fall\u00f3 a Morena y a Mario Delgado? \u00bfLes doler\u00eda el codo para aflojar la lana para pagar el acarreo de matraqueros y aplaudidores a sueldo de los que usa Morena en sus m\u00edtines, como ocurr\u00eda en los grandes eventos pol\u00edticos en la era del PRI? \u00bfPues no que do\u00f1a Claudia andaba 30 puntos porcentuales arriba de su rival X\u00f3chitl G\u00e1lvez? \u00bfO ser\u00e1 que alg\u00fan machuch\u00f3n le dispar\u00f3 esa encuesta con la que apantall\u00f3 a quienes no saben que las encuestas son un traje a la medida de qui\u00e9n las paga?<\/p>\n<p>\u00bfLa cat\u00e1strofe pol\u00edtica sufrida por do\u00f1a Claudia har\u00e1 que AMLO monte en c\u00f3lera y lleve a cabo una purga de ineptos y enemigos de do\u00f1a Claudia que se encuentran en Morena? \u00bfSe quedar\u00e1 as\u00ed como as\u00ed esa afrenta pol\u00edtica o la remontar\u00e1 AMLO y su partido con ultrajantes acarreos para posteriores eventos? \u00bfLa cat\u00e1strofe pol\u00edtica ocurrida en el Estadio Azul a Claudia Sheinbaum ser\u00e1 el pre\u00e1mbulo de la cat\u00e1strofe pol\u00edtico-electoral que sufrir\u00e1 el pr\u00f3ximo domingo 2 de junio de 2024?<\/p>\n<p><em><a href=\"mailto:info@agenciamn.com\" target=\"_blank\" rel=\"noopener noreferrer\">info@agenciamn.com<\/a><\/em><\/p>\n","protected":false},"excerpt":{"rendered":"<p><span style=\"color: #005497;\"><strong>Alberto Vieyra G.<\/strong><\/span><\/p>\n","protected":false},"author":3,"featured_media":0,"comment_status":"open","ping_status":"open","sticky":false,"template":"","format":"standard","meta":{"_monsterinsights_skip_tracking":false,"_monsterinsights_sitenote_active":false,"_monsterinsights_sitenote_note":"","_monsterinsights_sitenote_category":0,"footnotes":""},"categories":[4596],"tags":[43697,4597,43674],"class_list":["post-599828","post","type-post","status-publish","format-standard","hentry","category-alberto-vieyra-g","tag-alberto-vieyra-g","tag-de-pe-a-pa","tag-opinion"],"_links":{"self":[{"href":"https:\/\/www.diarioimagen.net\/index.php?rest_route=\/wp\/v2\/posts\/599828","targetHints":{"allow":["GET"]}}],"collection":[{"href":"https:\/\/www.diarioimagen.net\/index.php?rest_route=\/wp\/v2\/posts"}],"about":[{"href":"https:\/\/www.diarioimagen.net\/index.php?rest_route=\/wp\/v2\/types\/post"}],"author":[{"embeddable":true,"href":"https:\/\/www.diarioimagen.net\/index.php?rest_route=\/wp\/v2\/users\/3"}],"replies":[{"embeddable":true,"href":"https:\/\/www.diarioimagen.net\/index.php?rest_route=%2Fwp%2Fv2%2Fcomments&post=599828"}],"version-history":[{"count":0,"href":"https:\/\/www.diarioimagen.net\/index.php?rest_route=\/wp\/v2\/posts\/599828\/revisions"}],"wp:attachment":[{"href":"https:\/\/www.diarioimagen.net\/index.php?rest_route=%2Fwp%2Fv2%2Fmedia&parent=599828"}],"wp:term":[{"taxonomy":"category","embeddable":true,"href":"https:\/\/www.diarioimagen.net\/index.php?rest_route=%2Fwp%2Fv2%2Fcategories&post=599828"},{"taxonomy":"post_tag","embeddable":true,"href":"https:\/\/www.diarioimagen.net\/index.php?rest_route=%2Fwp%2Fv2%2Ftags&post=599828"}],"curies":[{"name":"wp","href":"https:\/\/api.w.org\/{rel}","templated":true}]}}