{"id":599919,"date":"2023-10-30T00:02:50","date_gmt":"2023-10-30T06:02:50","guid":{"rendered":"https:\/\/www.diarioimagen.net\/?p=599919"},"modified":"2023-10-31T00:12:31","modified_gmt":"2023-10-31T06:12:31","slug":"instala-pjcdmx-centros-de-acopio-para-damnificados-del-estado-de-guerrero","status":"publish","type":"post","link":"https:\/\/www.diarioimagen.net\/?p=599919","title":{"rendered":"Instala PJCDMX centros de acopio para damnificados del estado de Guerrero"},"content":{"rendered":"<p><em>\u00a0<\/em><\/p>\n<ul>\n<li><strong><em>El magistrado Rafael Guerra \u00c1lvarez, presidente del \u00f3rgano judicial, apel\u00f3 a la solidaridad de los trabajadores y del p\u00fablico usuario de los servicios de la justicia para que donen alimentos y casas de campa\u00f1a<\/em><\/strong><\/li>\n<\/ul>\n<p>&nbsp;<\/p>\n<div id=\"attachment_600007\" style=\"width: 470px\" class=\"wp-caption aligncenter\"><a href=\"https:\/\/www.diarioimagen.net\/?attachment_id=600007\" rel=\"attachment wp-att-600007\"><img loading=\"lazy\" decoding=\"async\" aria-describedby=\"caption-attachment-600007\" class=\"size-full wp-image-600007\" src=\"https:\/\/www.diarioimagen.net\/wp-content\/uploads\/2023\/10\/tribunal-instala-pjcdmx.jpg\" alt=\"\" width=\"460\" height=\"270\" \/><\/a><p id=\"caption-attachment-600007\" class=\"wp-caption-text\">Se instalar\u00e1n 10 centros de acopio en sedes del PJCDMX.<\/p><\/div>\n<p>&nbsp;<\/p>\n<p>El Poder Judicial de la Ciudad de M\u00e9xico (PJCDMX), que encabeza el magistrado Rafael Guerra \u00c1lvarez, instalar\u00e1 centros de acopio de v\u00edveres y productos como casas de campa\u00f1a para los miles de damnificados de Guerrero, tras el paso del hurac\u00e1n Otis por esa entidad.<\/p>\n<p>El magistrado Guerra \u00c1lvarez apel\u00f3 a la solidaridad de los trabajadores de la instituci\u00f3n, as\u00ed como al p\u00fablico usuario de los servicios de la justicia, a fin de que contribuyan en la medida de sus posibilidades para paliar la situaci\u00f3n de extrema emergencia que viven los guerrerenses.<\/p>\n<p>Asimismo, pidi\u00f3 a aquellos que se solidaricen a verificar la caducidad de alimentos que donen.<\/p>\n<p>Por su parte, la Direcci\u00f3n de Protecci\u00f3n Civil del \u00f3rgano judicial recomend\u00f3 donar bebidas hidratantes, latas de at\u00fan, sardinas y chiles, caf\u00e9 soluble, mayonesa, mermelada; asimismo, aceite, arroz, frijol, lentejas, az\u00facar y sal; sopa de pasta, cubos de consom\u00e9, harina para atole y chocolate en polvo. Tambi\u00e9n casas de campa\u00f1a.<\/p>\n<p>Las sedes del PJCDMX donde se podr\u00e1n hacer donaciones, en horario de 9 a 15 horas, son:<\/p>\n<ul>\n<li>Patriotismo no. 230, colonia San Pedro de los Pinos (planta baja, \u00e1rea de anexo).<\/li>\n<li>Ciudad Judicial, Ni\u00f1os H\u00e9roes 150, colonia Doctores (planta baja, esquina con Dr. Velazco).<\/li>\n<li>Edificio <em>Clementina Gil de Lester<\/em>, avenida Ju\u00e1rez 8, Centro Hist\u00f3rico (andador Independencia).<\/li>\n<li>Edificio de R\u00edo Lerma no. 62, colonia Cuauht\u00e9moc (piso 8, \u00e1rea de terraza).<\/li>\n<li>Edificio de Sullivan, James E. Sullivan, no. 133, colonia San Rafael (piso 10, \u00e1rea de intendencia).<\/li>\n<li>Reclusorio Norte, Jaime Nun\u00f3 no. 204, colonia Cuautepec Barrio Bajo (explanada del edificio antiguo).<\/li>\n<li>Reclusorio Sur, Javier Pi\u00f1as y Palacios esquina Mart\u00ednez de Castro, colonia San Mateo Xalpa (edificio de oralidad primer nivel, \u00e1rea de jueces).<\/li>\n<li>Reclusorio Oriente, Reforma no. 50, colonia San Lorenzo Tezonco (edificio antiguo, cuerpo A, s\u00f3tano antiguo \u00e1rea de comedor).<\/li>\n<li>Reclusorio Santa Martha Acatitla, Ermita Iztapalapa, no. 4037, colonia Santa Martha Acatitla (sala de usos m\u00faltiples, edificio antiguo primer piso.<\/li>\n<li>Fray Servando, Fray Servando no. 32, colonia Centro (planta baja, \u00e1rea posterior, sobre calle Tizap\u00e1n).<\/li>\n<\/ul>\n","protected":false},"excerpt":{"rendered":"<p>El Poder Judicial de la Ciudad de M\u00e9xico (PJCDMX), que encabeza el magistrado Rafael Guerra \u00c1lvarez, instalar\u00e1 centros de acopio de v\u00edveres y productos como casas de campa\u00f1a para los miles de damnificados de Guerrero, tras el paso del hurac\u00e1n Otis por esa entidad.<\/p>\n","protected":false},"author":3,"featured_media":600007,"comment_status":"open","ping_status":"open","sticky":false,"template":"","format":"standard","meta":{"_monsterinsights_skip_tracking":false,"_monsterinsights_sitenote_active":false,"_monsterinsights_sitenote_note":"","_monsterinsights_sitenote_category":0,"footnotes":""},"categories":[6],"tags":[1966,3244,87379],"class_list":["post-599919","post","type-post","status-publish","format-standard","has-post-thumbnail","hentry","category-cd-de-mexico","tag-damnificados","tag-guerrero","tag-pjcdmx"],"_links":{"self":[{"href":"https:\/\/www.diarioimagen.net\/index.php?rest_route=\/wp\/v2\/posts\/599919","targetHints":{"allow":["GET"]}}],"collection":[{"href":"https:\/\/www.diarioimagen.net\/index.php?rest_route=\/wp\/v2\/posts"}],"about":[{"href":"https:\/\/www.diarioimagen.net\/index.php?rest_route=\/wp\/v2\/types\/post"}],"author":[{"embeddable":true,"href":"https:\/\/www.diarioimagen.net\/index.php?rest_route=\/wp\/v2\/users\/3"}],"replies":[{"embeddable":true,"href":"https:\/\/www.diarioimagen.net\/index.php?rest_route=%2Fwp%2Fv2%2Fcomments&post=599919"}],"version-history":[{"count":0,"href":"https:\/\/www.diarioimagen.net\/index.php?rest_route=\/wp\/v2\/posts\/599919\/revisions"}],"wp:featuredmedia":[{"embeddable":true,"href":"https:\/\/www.diarioimagen.net\/index.php?rest_route=\/wp\/v2\/media\/600007"}],"wp:attachment":[{"href":"https:\/\/www.diarioimagen.net\/index.php?rest_route=%2Fwp%2Fv2%2Fmedia&parent=599919"}],"wp:term":[{"taxonomy":"category","embeddable":true,"href":"https:\/\/www.diarioimagen.net\/index.php?rest_route=%2Fwp%2Fv2%2Fcategories&post=599919"},{"taxonomy":"post_tag","embeddable":true,"href":"https:\/\/www.diarioimagen.net\/index.php?rest_route=%2Fwp%2Fv2%2Ftags&post=599919"}],"curies":[{"name":"wp","href":"https:\/\/api.w.org\/{rel}","templated":true}]}}