{"id":599921,"date":"2023-10-30T00:03:45","date_gmt":"2023-10-30T06:03:45","guid":{"rendered":"https:\/\/www.diarioimagen.net\/?p=599921"},"modified":"2023-10-31T00:12:36","modified_gmt":"2023-10-31T06:12:36","slug":"sabia-imparticion-de-justicia-garantiza-la-paz-mag-rafael-guerra-alvarez","status":"publish","type":"post","link":"https:\/\/www.diarioimagen.net\/?p=599921","title":{"rendered":"Sabia impartici\u00f3n de justicia garantiza la paz: mag. Rafael Guerra \u00c1lvarez"},"content":{"rendered":"<p>&nbsp;<\/p>\n<ul>\n<li><strong><em>As\u00ed lo se\u00f1al\u00f3 el presidente del PJCDMX en la XXXIII entrega de la Presea Tepantlato, en la que se galardon\u00f3 al magistrado del \u00f3rgano judicial capitalino, Marco Antonio Ram\u00edrez Cardoso, as\u00ed como a la secretaria de Educaci\u00f3n P\u00fablica, Leticia Ram\u00edrez Amaya, y al presidente del Consejo Ciudadano para la Seguridad y la Justicia, Salvador Guerrero Chipr\u00e9s<\/em><\/strong><\/li>\n<\/ul>\n<p>&nbsp;<\/p>\n<div id=\"attachment_600003\" style=\"width: 470px\" class=\"wp-caption aligncenter\"><a href=\"https:\/\/www.diarioimagen.net\/?attachment_id=600003\" rel=\"attachment wp-att-600003\"><img loading=\"lazy\" decoding=\"async\" aria-describedby=\"caption-attachment-600003\" class=\"wp-image-600003 size-full\" src=\"https:\/\/www.diarioimagen.net\/wp-content\/uploads\/2023\/10\/tribunal-sabia-imparticion.jpg\" alt=\"\" width=\"460\" height=\"270\" \/><\/a><p id=\"caption-attachment-600003\" class=\"wp-caption-text\">El magistrado Rafael Guerra \u00c1lvarez particip\u00f3 en la presentaci\u00f3n del libro <em>El nuevo sistema de justicia laboral en M\u00e9xic<\/em>o, del consejero de la Judicatura Federal, Sergio Javier Molina Mart\u00ednez.<\/p><\/div>\n<p>&nbsp;<\/p>\n<p>La felicidad de la que gozan los pueblos es secuela de la sabia administraci\u00f3n de justicia, afirm\u00f3 el presidente del Poder Judicial de la Ciudad de M\u00e9xico, magistrado Rafael Guerra \u00c1lvarez, quien dijo que esto es as\u00ed porque \u00e9sta garantiza la paz.<\/p>\n<p>As\u00ed lo se\u00f1al\u00f3 al pronunciar un discurso durante la XXXIII entrega de la presea Tepantlato, una de ellas al magistrado del \u00f3rgano judicial capitalino, Marco Antonio Ram\u00edrez Cardoso, en la categor\u00eda M\u00e9rito Jur\u00eddico, de quien destac\u00f3 su funci\u00f3n, pasi\u00f3n y sabidur\u00eda.<\/p>\n<p>En el acto, encabezado por el rector de la Universidad Tepantlato, Enrique Gonz\u00e1lez Barrera, en el que adem\u00e1s se entregaron preseas a la secretaria de Educaci\u00f3n P\u00fablica, Leticia Ram\u00edrez Amaya (al M\u00e9rito a la Educaci\u00f3n como Pilar de la Infancia), y al presidente del Consejo Ciudadano para la Seguridad y Justicia de la Ciudad de M\u00e9xico, Salvador Guerrero Chipr\u00e9s (al M\u00e9rito a la Seguridad y Justicia), el magistrado subray\u00f3 que los galardonados cuentan con sobrados m\u00e9ritos para ser reconocidos.<\/p>\n<p>En el Alc\u00e1zar del Castillo de Chapultepec, se refiri\u00f3 al magistrado Ram\u00edrez Cardoso, integrante de la Novena Sala Civil del PJCDMX, y destac\u00f3 su amor por el servicio p\u00fablico y su coincidencia con \u00e9l de que es a trav\u00e9s de la ley como debe generarse la paz y justicia.<\/p>\n<p>De la secretaria Ram\u00edrez Amaya, el magistrado destac\u00f3 su grandeza, compromiso y profesionalismo; y de Guerrero Chipr\u00e9s, su dedicaci\u00f3n, esfuerzo y talento.<\/p>\n<p>\u201cAfirmamos que la Universidad Tepantlato acert\u00f3 con su decisi\u00f3n. Queda en buenas manos el prestigio y tenacidad de la instituci\u00f3n\u201d, dijo.<\/p>\n<p>A los galardonados, Guerra \u00c1lvarez los convoc\u00f3 a portar con orgullo y compromiso la presea que representa la rectitud en el actuar. \u201cLleven en el pecho la insignia de la Universidad\u00a0 con la que su vida se ha unido pese al tiempo. Nuestro reconocimiento a los galardonados\u201d, expres\u00f3.<\/p>\n<p>Previamente, el magistrado Guerra \u00c1lvarez particip\u00f3 en la presentaci\u00f3n del libro <em>El nuevo sistema de justicia laboral en M\u00e9xico<\/em>, del consejero de la Judicatura Federal, Sergio Javier Molina Mart\u00ednez, en la Escuela Libre de Derecho, donde pidi\u00f3 comprensi\u00f3n de los litigantes, al asegurar que ha sido todo un reto integrar al \u00f3rgano judicial la impartici\u00f3n de justicia en esa materia, principalmente por el tema de recursos.<\/p>\n<p>Record\u00f3 que el PJCDMX asumi\u00f3 esa materia el 3 de octubre del a\u00f1o pasado y que, pese a tener proyectados en el primer a\u00f1o 80 tribunales laborales, apenas se cuenta actualmente con nueve de asuntos individuales y uno de colectivos. Precis\u00f3 que, en promedio, cada tribunal de asuntos individuales, recibi\u00f3 en el primer a\u00f1o de operaciones poco m\u00e1s de 1,600 expedientes, en tanto que el de asuntos colectivos 193.<\/p>\n<p>Con la presencia del ministro en retiro de la Suprema Corte de Justicia de la Naci\u00f3n, Fernando Franco Gonz\u00e1lez Salas y del rector de la ELD, Emilio Gonz\u00e1lez de Castilla del Valle, entre otros, subray\u00f3 que el PJCDMX le apuesta a la conciliaci\u00f3n, y destac\u00f3 que \u201cestamos comprometidos con el servicio a la ciudadan\u00eda\u201d.<\/p>\n","protected":false},"excerpt":{"rendered":"<p>La felicidad de la que gozan los pueblos es secuela de la sabia administraci\u00f3n de justicia, afirm\u00f3 el presidente del Poder Judicial de la Ciudad de M\u00e9xico, magistrado Rafael Guerra \u00c1lvarez, quien dijo que esto es as\u00ed porque \u00e9sta garantiza la paz.<\/p>\n","protected":false},"author":3,"featured_media":600003,"comment_status":"open","ping_status":"open","sticky":false,"template":"","format":"standard","meta":{"_monsterinsights_skip_tracking":false,"_monsterinsights_sitenote_active":false,"_monsterinsights_sitenote_note":"","_monsterinsights_sitenote_category":0,"footnotes":""},"categories":[6],"tags":[79994,98822],"class_list":["post-599921","post","type-post","status-publish","format-standard","has-post-thumbnail","hentry","category-cd-de-mexico","tag-rafael-guerra-alvarez","tag-tepantlato"],"_links":{"self":[{"href":"https:\/\/www.diarioimagen.net\/index.php?rest_route=\/wp\/v2\/posts\/599921","targetHints":{"allow":["GET"]}}],"collection":[{"href":"https:\/\/www.diarioimagen.net\/index.php?rest_route=\/wp\/v2\/posts"}],"about":[{"href":"https:\/\/www.diarioimagen.net\/index.php?rest_route=\/wp\/v2\/types\/post"}],"author":[{"embeddable":true,"href":"https:\/\/www.diarioimagen.net\/index.php?rest_route=\/wp\/v2\/users\/3"}],"replies":[{"embeddable":true,"href":"https:\/\/www.diarioimagen.net\/index.php?rest_route=%2Fwp%2Fv2%2Fcomments&post=599921"}],"version-history":[{"count":0,"href":"https:\/\/www.diarioimagen.net\/index.php?rest_route=\/wp\/v2\/posts\/599921\/revisions"}],"wp:featuredmedia":[{"embeddable":true,"href":"https:\/\/www.diarioimagen.net\/index.php?rest_route=\/wp\/v2\/media\/600003"}],"wp:attachment":[{"href":"https:\/\/www.diarioimagen.net\/index.php?rest_route=%2Fwp%2Fv2%2Fmedia&parent=599921"}],"wp:term":[{"taxonomy":"category","embeddable":true,"href":"https:\/\/www.diarioimagen.net\/index.php?rest_route=%2Fwp%2Fv2%2Fcategories&post=599921"},{"taxonomy":"post_tag","embeddable":true,"href":"https:\/\/www.diarioimagen.net\/index.php?rest_route=%2Fwp%2Fv2%2Ftags&post=599921"}],"curies":[{"name":"wp","href":"https:\/\/api.w.org\/{rel}","templated":true}]}}