{"id":599923,"date":"2023-10-30T00:01:59","date_gmt":"2023-10-30T06:01:59","guid":{"rendered":"https:\/\/www.diarioimagen.net\/?p=599923"},"modified":"2023-10-29T23:43:57","modified_gmt":"2023-10-30T05:43:57","slug":"reabren-este-fin-de-mes-11-estaciones-de-la-linea-1-del-metro","status":"publish","type":"post","link":"https:\/\/www.diarioimagen.net\/?p=599923","title":{"rendered":"Reabren este fin de mes 11 estaciones de la L\u00ednea 1 del Metro"},"content":{"rendered":"<p>&nbsp;<\/p>\n<ul>\n<li><strong><em>Destina el gobierno capitalino 19 mil mdp para mantenimiento profundo<\/em><\/strong><\/li>\n<\/ul>\n<p>&nbsp;<\/p>\n<div id=\"attachment_600028\" style=\"width: 470px\" class=\"wp-caption aligncenter\"><a href=\"https:\/\/www.diarioimagen.net\/?attachment_id=600028\" rel=\"attachment wp-att-600028\"><img loading=\"lazy\" decoding=\"async\" aria-describedby=\"caption-attachment-600028\" class=\"size-full wp-image-600028\" src=\"https:\/\/www.diarioimagen.net\/wp-content\/uploads\/2023\/10\/METRO-REHABILITADO.jpg\" alt=\"\" width=\"460\" height=\"270\" \/><\/a><p id=\"caption-attachment-600028\" class=\"wp-caption-text\">Est\u00e1n listas para ser reabiertas al p\u00fablico, 11 estaciones del Metro de la L\u00ednea 1 que fueron cerradas casi a\u00f1o y medio por obras de mantenimiento mayor.<\/p><\/div>\n<p>&nbsp;<\/p>\n<p>Tras casi a\u00f1o y medio de estar cerradas por rehabilitaci\u00f3n mayor, 11 estaciones de la L\u00ednea 1 del Metro de la Ciudad de M\u00e9xico, que va de Pantitl\u00e1n a Observatorio, ser\u00e1n reabiertas al p\u00fablico este fin de mes.<\/p>\n<p>Para estas obras de mantenimiento profundo, que no recib\u00eda desde 1969 cuando se inaugur\u00f3 se destin\u00f3 un presupuesto de 19 mil millones de pesos.<\/p>\n<p>El primer tramo rehabilitado de esta l\u00ednea se integra por 11 estaciones que son Pantitl\u00e1n, Zaragoza, G\u00f3mez Far\u00edas, Boulevard Puerto A\u00e9reo, Balbuena, Moctezuma, San L\u00e1zaro, Candelaria, Merced, Pino Su\u00e1rez e Isabel la Cat\u00f3lica. El segundo tramo de la l\u00ednea ser\u00e1 cerrado, por el mismo motivo, una semana despu\u00e9s de la reapertura de la primera fase.<\/p>\n<p>Cabe mencionar que el acceso a las 11 estaciones restauradas que entran en operaci\u00f3n ser\u00e1 \u00fanicamente con la Tarjeta de Movilidad Integrada (TMI), por lo que sus taquillas ya no vender\u00e1n boletos y los torniquetes dejar\u00e1n de recibirlos, sum\u00e1ndose as\u00ed a las L\u00edneas 4, 5, 6, 7 y 12 en las que la entrada es s\u00f3lo con el pl\u00e1stico.<\/p>\n<p>Autoridades del Sistema de Transporte Colectivo (STC) exhortaron a la poblaci\u00f3n adquirir previamente su TMI y recargar saldo en las taquillas de las estaciones, las cuales abrir\u00e1n en los horarios habituales de servicio, a las 5:00 horas de lunes a viernes, a las 6:00 horas los s\u00e1bados, y a las 7:00 horas los domingos.<\/p>\n<p>El jefe de Gobierno, Batres Guadarrama report\u00f3 que la modernizaci\u00f3n consisti\u00f3 en cambiar las v\u00edas, adquirir 29 trenes nuevos, cambio absoluto de durmientes, as\u00ed como la implementaci\u00f3n del sistema de pilotaje autom\u00e1tico, telemetr\u00eda, entre otros.<\/p>\n<p>Una semana despu\u00e9s de la reapertura de las 11 estaciones, en noviembre, se cerrar\u00e1 el tramo Balderas-Observatorio para su respectiva modernizaci\u00f3n; tambi\u00e9n en el mismo mes comenzar\u00e1n las obras de renivelaci\u00f3n de la estaci\u00f3n Pantitl\u00e1n L\u00ednea 9.<\/p>\n<p style=\"text-align: center;\"><strong>Cerrar\u00e1n\u00a0tres estaciones de L\u00ednea 9 del Metro<\/strong><\/p>\n<p>Tres estaciones de la L\u00ednea 9 del Metro, que va de Pantitl\u00e1n a Tacubaya, permanecer\u00e1n cerradas por al menos cinco meses, debido a las obras de rehabilitaci\u00f3n y nivelaci\u00f3n de v\u00edas a consecuencia de los problemas de hundimiento.<\/p>\n<p>Las estaciones del Sistema de Transporte Colectivo (STC) Metro que cerrar\u00e1n ser\u00e1n: Pantitl\u00e1n, Puebla y Ciudad Deportiva de la L\u00ednea 9. Esto, una vez que concluyan las obras en la L\u00ednea 1 en noviembre y se prev\u00e9 que terminen en marzo de 2024.<\/p>\n","protected":false},"excerpt":{"rendered":"<p>Tras casi a\u00f1o y medio de estar cerradas por rehabilitaci\u00f3n mayor, 11 estaciones de la L\u00ednea 1 del Metro de la Ciudad de M\u00e9xico, que va de Pantitl\u00e1n a Observatorio, ser\u00e1n reabiertas al p\u00fablico este fin de mes.<\/p>\n","protected":false},"author":3,"featured_media":600028,"comment_status":"open","ping_status":"open","sticky":false,"template":"","format":"standard","meta":{"_monsterinsights_skip_tracking":false,"_monsterinsights_sitenote_active":false,"_monsterinsights_sitenote_note":"","_monsterinsights_sitenote_category":0,"footnotes":""},"categories":[6],"tags":[47438,163,34753],"class_list":["post-599923","post","type-post","status-publish","format-standard","has-post-thumbnail","hentry","category-cd-de-mexico","tag-linea-1","tag-metro","tag-reapertura"],"_links":{"self":[{"href":"https:\/\/www.diarioimagen.net\/index.php?rest_route=\/wp\/v2\/posts\/599923","targetHints":{"allow":["GET"]}}],"collection":[{"href":"https:\/\/www.diarioimagen.net\/index.php?rest_route=\/wp\/v2\/posts"}],"about":[{"href":"https:\/\/www.diarioimagen.net\/index.php?rest_route=\/wp\/v2\/types\/post"}],"author":[{"embeddable":true,"href":"https:\/\/www.diarioimagen.net\/index.php?rest_route=\/wp\/v2\/users\/3"}],"replies":[{"embeddable":true,"href":"https:\/\/www.diarioimagen.net\/index.php?rest_route=%2Fwp%2Fv2%2Fcomments&post=599923"}],"version-history":[{"count":0,"href":"https:\/\/www.diarioimagen.net\/index.php?rest_route=\/wp\/v2\/posts\/599923\/revisions"}],"wp:featuredmedia":[{"embeddable":true,"href":"https:\/\/www.diarioimagen.net\/index.php?rest_route=\/wp\/v2\/media\/600028"}],"wp:attachment":[{"href":"https:\/\/www.diarioimagen.net\/index.php?rest_route=%2Fwp%2Fv2%2Fmedia&parent=599923"}],"wp:term":[{"taxonomy":"category","embeddable":true,"href":"https:\/\/www.diarioimagen.net\/index.php?rest_route=%2Fwp%2Fv2%2Fcategories&post=599923"},{"taxonomy":"post_tag","embeddable":true,"href":"https:\/\/www.diarioimagen.net\/index.php?rest_route=%2Fwp%2Fv2%2Ftags&post=599923"}],"curies":[{"name":"wp","href":"https:\/\/api.w.org\/{rel}","templated":true}]}}