{"id":599935,"date":"2023-10-30T00:02:28","date_gmt":"2023-10-30T06:02:28","guid":{"rendered":"https:\/\/www.diarioimagen.net\/?p=599935"},"modified":"2023-10-29T23:39:31","modified_gmt":"2023-10-30T05:39:31","slug":"instala-el-gobierno-de-naucalpan-centro-de-acopio-para-damnificados-de-guerrero","status":"publish","type":"post","link":"https:\/\/www.diarioimagen.net\/?p=599935","title":{"rendered":"Instala el gobierno de Naucalpan centro de acopio para damnificados de Guerrero"},"content":{"rendered":"<p>&nbsp;<\/p>\n<ul>\n<li><strong><em>En las instalaciones del DIF municipal<\/em><\/strong><\/li>\n<\/ul>\n<p>&nbsp;<\/p>\n<div id=\"attachment_600014\" style=\"width: 470px\" class=\"wp-caption aligncenter\"><a href=\"https:\/\/www.diarioimagen.net\/?attachment_id=600014\" rel=\"attachment wp-att-600014\"><img loading=\"lazy\" decoding=\"async\" aria-describedby=\"caption-attachment-600014\" class=\"size-full wp-image-600014\" src=\"https:\/\/www.diarioimagen.net\/wp-content\/uploads\/2023\/10\/instala-gobierno-naucalpan.jpg\" alt=\"\" width=\"460\" height=\"270\" \/><\/a><p id=\"caption-attachment-600014\" class=\"wp-caption-text\">El centro de acopio se ubica en el estacionamiento de las instalaciones del DIF, calle 5 de mayo no. 12, colonia Naucalpan Centro.<\/p><\/div>\n<p>&nbsp;<\/p>\n<p><strong>Naucalpan, Estado de M\u00e9xico.\u2014<\/strong> El gobierno municipal de esta localidad abri\u00f3 un centro de acopio para apoyar a los damnificados por el hurac\u00e1n \u201cOtis\u201d en el estado de Guerrero, que se encuentra en el estacionamiento de las instalaciones del Sistema Municipal para el Desarrollo Integral de la Familia (DIF) de calle 5 de mayo no. 12, colonia Naucalpan Centro.<\/p>\n<p>La directora general del DIF Naucalpan, Cynthia Elizondo Basurto, explic\u00f3 que por instrucciones de la alcaldesa Ang\u00e9lica Moya Mar\u00edn se abri\u00f3 este centro de acopio que funciona de 9:00 a 17:00 horas.<\/p>\n<p>Precis\u00f3 que se recibir\u00e1n los siguientes art\u00edculos: alimentos enlatados y no perecederos, leche en polvo, caf\u00e9 soluble, agua embotellada, art\u00edculos de limpieza, producto de higiene personal (papel higi\u00e9nico, shampoo, jab\u00f3n, etc.), pa\u00f1ales de beb\u00e9 y adultos, medicamentos no caducados, alimento para animales de compa\u00f1\u00eda, l\u00e1mparas de pilas y velas.<\/p>\n<p>Los donativos ser\u00e1n entregados a la Coordinaci\u00f3n Operativa de la Gubernatura del Estado de Guerrero en la Ciudad de M\u00e9xico, ubicada en la colonia Polanco, para ser trasladados hacia Chilpancingo, Guerrero, donde ser\u00e1n distribuidos a las localidades con mayor necesidad.<\/p>\n<p>El gobierno municipal que encabeza la presidente municipal Ang\u00e9lica Moya hace un llamado a la ciudadan\u00eda naucalpense para solidarizarse con los miles de personas afectadas por este fen\u00f3meno meteorol\u00f3gico que golpe\u00f3 con toda su fuerza la costa guerrerense, igual que lo ha hecho en ocasiones anteriores, como en el terremoto de 2017.<\/p>\n","protected":false},"excerpt":{"rendered":"<p>El gobierno municipal de esta localidad abri\u00f3 un centro de acopio para apoyar a los damnificados por el hurac\u00e1n \u201cOtis\u201d en el estado de Guerrero, que se encuentra en el estacionamiento de las instalaciones del Sistema Municipal para el Desarrollo Integral de la Familia (DIF) de calle 5 de mayo no. 12, colonia Naucalpan Centro.<\/p>\n","protected":false},"author":3,"featured_media":600014,"comment_status":"open","ping_status":"open","sticky":false,"template":"","format":"standard","meta":{"_monsterinsights_skip_tracking":false,"_monsterinsights_sitenote_active":false,"_monsterinsights_sitenote_note":"","_monsterinsights_sitenote_category":0,"footnotes":""},"categories":[5],"tags":[55855,1966,43675,3244,970],"class_list":["post-599935","post","type-post","status-publish","format-standard","has-post-thumbnail","hentry","category-estado-de-mexico","tag-acopio","tag-damnificados","tag-estado-de-mexico","tag-guerrero","tag-naucalpan"],"_links":{"self":[{"href":"https:\/\/www.diarioimagen.net\/index.php?rest_route=\/wp\/v2\/posts\/599935","targetHints":{"allow":["GET"]}}],"collection":[{"href":"https:\/\/www.diarioimagen.net\/index.php?rest_route=\/wp\/v2\/posts"}],"about":[{"href":"https:\/\/www.diarioimagen.net\/index.php?rest_route=\/wp\/v2\/types\/post"}],"author":[{"embeddable":true,"href":"https:\/\/www.diarioimagen.net\/index.php?rest_route=\/wp\/v2\/users\/3"}],"replies":[{"embeddable":true,"href":"https:\/\/www.diarioimagen.net\/index.php?rest_route=%2Fwp%2Fv2%2Fcomments&post=599935"}],"version-history":[{"count":0,"href":"https:\/\/www.diarioimagen.net\/index.php?rest_route=\/wp\/v2\/posts\/599935\/revisions"}],"wp:featuredmedia":[{"embeddable":true,"href":"https:\/\/www.diarioimagen.net\/index.php?rest_route=\/wp\/v2\/media\/600014"}],"wp:attachment":[{"href":"https:\/\/www.diarioimagen.net\/index.php?rest_route=%2Fwp%2Fv2%2Fmedia&parent=599935"}],"wp:term":[{"taxonomy":"category","embeddable":true,"href":"https:\/\/www.diarioimagen.net\/index.php?rest_route=%2Fwp%2Fv2%2Fcategories&post=599935"},{"taxonomy":"post_tag","embeddable":true,"href":"https:\/\/www.diarioimagen.net\/index.php?rest_route=%2Fwp%2Fv2%2Ftags&post=599935"}],"curies":[{"name":"wp","href":"https:\/\/api.w.org\/{rel}","templated":true}]}}