{"id":599941,"date":"2023-10-30T00:04:15","date_gmt":"2023-10-30T06:04:15","guid":{"rendered":"https:\/\/www.diarioimagen.net\/?p=599941"},"modified":"2023-10-29T23:38:29","modified_gmt":"2023-10-30T05:38:29","slug":"necesario-atender-salud-mental-dif-tlalnepantla","status":"publish","type":"post","link":"https:\/\/www.diarioimagen.net\/?p=599941","title":{"rendered":"Necesario, atender salud mental: DIF Tlalnepantla"},"content":{"rendered":"<p>&nbsp;<\/p>\n<div id=\"attachment_600010\" style=\"width: 470px\" class=\"wp-caption aligncenter\"><a href=\"https:\/\/www.diarioimagen.net\/?attachment_id=600010\" rel=\"attachment wp-att-600010\"><img loading=\"lazy\" decoding=\"async\" aria-describedby=\"caption-attachment-600010\" class=\"size-full wp-image-600010\" src=\"https:\/\/www.diarioimagen.net\/wp-content\/uploads\/2023\/10\/necesario-atender-salud.jpg\" alt=\"\" width=\"460\" height=\"270\" \/><\/a><p id=\"caption-attachment-600010\" class=\"wp-caption-text\">Se instalar\u00e1n 10 centros de acopio en sedes del PJCDMX.<\/p><\/div>\n<p>&nbsp;<\/p>\n<p><strong>Tlalnepantla, Estado de M\u00e9xico.\u2014<\/strong> El Sistema Municipal DIF de Tlalnepantla,\u00a0 encabezado por la presidenta honoraria Mary G\u00f3mez, present\u00f3 el mon\u00f3logo \u201cD\u2019Mente\u201d, a fin de concientizar a los asistentes sobre la importancia de atender la salud mental y minimizar este tipo de problemas.<\/p>\n<p>El alcalde Tony Rodr\u00edguez, acompa\u00f1ado de la presidenta honoraria, Mary G\u00f3mez, atestiguaron esta puesta en escena interpretada por el actor Ari Telch, presentada en el Teatro Centnario, en donde se dieron cita ciudadanos en general y alumnos de distintas instituciones educativas.<\/p>\n<p>\u201cEn nuestra vida diaria, en la sociedad, en las familias y con quien convivimos a todas horas a veces padecen alguna de estas enfermedades y no alcanzamos a entender la gravedad que ello implica\u201d, reconoci\u00f3 el Presidente Municipal.<\/p>\n<p>\u201cLos que gobernamos nos damos cuenta de la realidad de nuestra sociedad y este gran mensaje, el testimonio que nos das y como lo transmites, nos toca, nos mueve y nos hace sentir que tenemos una gran deuda con nuestra sociedad y tenemos que trabajar mucho por nuestros ni\u00f1os, j\u00f3venes y adultos\u201d, a\u00f1adi\u00f3.<\/p>\n","protected":false},"excerpt":{"rendered":"<p>El Sistema Municipal DIF de Tlalnepantla,\u00a0 encabezado por la presidenta honoraria Mary G\u00f3mez, present\u00f3 el mon\u00f3logo \u201cD\u2019Mente\u201d, a fin de concientizar a los asistentes sobre la importancia de atender la salud mental y minimizar este tipo de problemas.<\/p>\n","protected":false},"author":3,"featured_media":600010,"comment_status":"open","ping_status":"open","sticky":false,"template":"","format":"standard","meta":{"_monsterinsights_skip_tracking":false,"_monsterinsights_sitenote_active":false,"_monsterinsights_sitenote_note":"","_monsterinsights_sitenote_category":0,"footnotes":""},"categories":[5],"tags":[2954,43675,169],"class_list":["post-599941","post","type-post","status-publish","format-standard","has-post-thumbnail","hentry","category-estado-de-mexico","tag-dif","tag-estado-de-mexico","tag-tlalnepantla"],"_links":{"self":[{"href":"https:\/\/www.diarioimagen.net\/index.php?rest_route=\/wp\/v2\/posts\/599941","targetHints":{"allow":["GET"]}}],"collection":[{"href":"https:\/\/www.diarioimagen.net\/index.php?rest_route=\/wp\/v2\/posts"}],"about":[{"href":"https:\/\/www.diarioimagen.net\/index.php?rest_route=\/wp\/v2\/types\/post"}],"author":[{"embeddable":true,"href":"https:\/\/www.diarioimagen.net\/index.php?rest_route=\/wp\/v2\/users\/3"}],"replies":[{"embeddable":true,"href":"https:\/\/www.diarioimagen.net\/index.php?rest_route=%2Fwp%2Fv2%2Fcomments&post=599941"}],"version-history":[{"count":0,"href":"https:\/\/www.diarioimagen.net\/index.php?rest_route=\/wp\/v2\/posts\/599941\/revisions"}],"wp:featuredmedia":[{"embeddable":true,"href":"https:\/\/www.diarioimagen.net\/index.php?rest_route=\/wp\/v2\/media\/600010"}],"wp:attachment":[{"href":"https:\/\/www.diarioimagen.net\/index.php?rest_route=%2Fwp%2Fv2%2Fmedia&parent=599941"}],"wp:term":[{"taxonomy":"category","embeddable":true,"href":"https:\/\/www.diarioimagen.net\/index.php?rest_route=%2Fwp%2Fv2%2Fcategories&post=599941"},{"taxonomy":"post_tag","embeddable":true,"href":"https:\/\/www.diarioimagen.net\/index.php?rest_route=%2Fwp%2Fv2%2Ftags&post=599941"}],"curies":[{"name":"wp","href":"https:\/\/api.w.org\/{rel}","templated":true}]}}