{"id":599954,"date":"2023-10-30T00:01:48","date_gmt":"2023-10-30T06:01:48","guid":{"rendered":"https:\/\/www.diarioimagen.net\/?p=599954"},"modified":"2023-10-30T01:02:29","modified_gmt":"2023-10-30T07:02:29","slug":"united-airlines-aumenta-la-capacidad-de-sus-vuelos-entre-veracruz-y-houston","status":"publish","type":"post","link":"https:\/\/www.diarioimagen.net\/?p=599954","title":{"rendered":"<em>United Airlines<\/em> aumenta la capacidad de sus vuelos entre Veracruz y Houston"},"content":{"rendered":"<h2>De cinco estrellas<\/h2>\n<h5>Victoria Gonz\u00e1lez Prado<\/h5>\n<p>&nbsp;<\/p>\n<ul>\n<li><strong><em>En Oakland, la muerte es reencuentro, no despedida<\/em><\/strong><\/li>\n<li><strong><em>Moda y la belleza de ciudad Patrimonio de la Humanidad se conjugar\u00e1n en Zacatecas<\/em><\/strong><\/li>\n<li><strong>AraJet<em> ofrece vuelos directos y regulares desde Canad\u00e1 a Rep\u00fablica Dominicana<\/em><\/strong><\/li>\n<\/ul>\n<p>&nbsp;<\/p>\n<div id=\"attachment_599997\" style=\"width: 470px\" class=\"wp-caption aligncenter\"><a href=\"https:\/\/www.diarioimagen.net\/?attachment_id=599997\" rel=\"attachment wp-att-599997\"><img loading=\"lazy\" decoding=\"async\" aria-describedby=\"caption-attachment-599997\" class=\"size-full wp-image-599997\" src=\"https:\/\/www.diarioimagen.net\/wp-content\/uploads\/2023\/10\/turismo-estrellas-11.jpg\" alt=\"\" width=\"460\" height=\"270\" \/><\/a><p id=\"caption-attachment-599997\" class=\"wp-caption-text\">La aerol\u00ednea aumenta capacidad de Veracruz a Houston.<\/p><\/div>\n<p>&nbsp;<\/p>\n<p>Desde ayer domingo 30 de octubre, <em>United Airlines<\/em> aumentar\u00e1 la capacidad de sus vuelos entre Veracruz y Houston. Los vuelos ahora se ofrecer\u00e1n en aeronaves <em>Boeing 737-700,<\/em> proporcionando 50 asientos m\u00e1s por vuelo que la operaci\u00f3n anterior en el <em>Embraer 175.<\/em> El avi\u00f3n m\u00e1s grande ofrecer\u00e1 un producto m\u00e1s conveniente y proporcionar\u00e1 m\u00e1s asientos para los clientes mexicanos que viajan a Estados Unidos y m\u00e1s all\u00e1.<\/p>\n<p>Este crecimiento forma parte del plan <em>United Next<\/em>, que se centra en el aumento de capacidad, volando esencialmente aviones m\u00e1s grandes con m\u00e1s asientos disponibles en la misma ruta.<\/p>\n<p><strong>Rolf Meyer<\/strong>, director general de la aerol\u00ednea para M\u00e9xico y el Caribe indic\u00f3: \u201cbuscamos brindar a nuestros pasajeros la mayor comodidad, y esta aeronave permitir\u00e1 una mayor capacidad al tiempo que les brindar\u00e1 una mejor experiencia a bordo. La inversi\u00f3n de <em>United<\/em> en el crecimiento del mercado Houston-Veracruz refuerza lo importante que es no s\u00f3lo Veracruz, sino todo M\u00e9xico, para la red global de la l\u00ednea a\u00e9rea\u201d.<\/p>\n<p><em>United<\/em> se enorgullece de operar en Veracruz, importante centro industrial y de negocios, desde hace m\u00e1s de 15 a\u00f1os. El servicio diario, durante todo el a\u00f1o, ofrecer\u00e1 ahora 126 asientos en total: 12 en <em>Business,<\/em> 36 <em>Economy Plus<\/em> y 78 <em>Economy,<\/em> proporcionando a Veracruz un servicio directo a Houston y conectividad en una escala a m\u00e1s de 70 destinos en Estados Unidos y en todo el mundo.<\/p>\n<p>\u2730\u2730\u2730\u2730\u2730 En Oakland, al igual que en las vibrantes tradiciones mexicanas, la muerte es reencuentro, no despedida. Ayer domingo 29 de octubre, el coraz\u00f3n cultural de la ciudad, el barrio de <em>Fruitvale,<\/em> se llen\u00f3 de vida, color y m\u00fasica para celebrar el D\u00eda de Muertos.<\/p>\n<p>El Festival anual del D\u00eda de Muertos, organizado por el Consejo de Unidad, se prepara para su 28\u00aa edici\u00f3n, abriendo sus calles a miles de visitantes. Este evento al aire libre ofrece una experiencia cultural y familiar \u00fanica, y lo mejor de todo, fue completamente gratuito.<\/p>\n<p>Hubo actuaciones de m\u00fasica en vivo de fama mundial hasta juegos para toda la familia, atracciones y hermosos altares conmemorativos, este festival es una ventana a las profundas tradiciones mexicanas relacionadas con el D\u00eda de Muertos.<\/p>\n<p>Es importante mencionar que el D\u00eda de los Muertos, originario de Mesoam\u00e9rica, se celebra del 31 de octubre al 2 de noviembre y representa una tradici\u00f3n milenaria que abraza a la muerte como parte esencial de la vida. Durante estos d\u00edas, las almas de nuestros seres queridos regresan para festejar con nosotros.<\/p>\n<p>\u2730\u2730\u2730\u2730\u2730 Del 9 al 11 de noviembre, se reunir\u00e1n en la ciudad de Zacatecas cuatro dise\u00f1adores y 28 modelos de talla internacional para dar vida a la primera edici\u00f3n de \u201cMod, Vive la Magia de Zacatecas\u201d, en el marco del 30 aniversario de la inscripci\u00f3n ante la Unesco de la ciudad como Patrimonio Cultural de la Humanidad.<\/p>\n<p>Los dise\u00f1adores que participar\u00e1n son: <strong>Manuel Tiscare\u00f1o<\/strong>, director creativo de <em>Tiscareno Bridal Couture, <\/em>marca reconocida en prestigiosas publicaciones; <strong>Eduardo Corpus<\/strong>, cuya marca, <em>Eddie Corps<\/em>, destaca por sus dise\u00f1os con piezas creativas y vanguardistas inspiradas en el Renacimiento, en el arte, la arquitectura y el paisajismo, en combinaci\u00f3n con el dise\u00f1o industrial y la tecnolog\u00eda; <strong>Fernando Valenzuela<\/strong>, dise\u00f1ador sonorense y su habilidad en la confecci\u00f3n de vestuarios de fantas\u00eda, dise\u00f1ando diversos modelos para festivales y <strong>Hern\u00e1n Ortega<\/strong>, dise\u00f1ador zacatecano, con m\u00e1s de 30 a\u00f1os de trabajo, que ha mostrado sus dise\u00f1os en pasarelas nacionales e internacionales.<\/p>\n<p>La primera pasarela ser\u00e1 el 9 de noviembre en Campo Real Vin\u00edcola, el vi\u00f1edo m\u00e1s representativo de Zacatecas. La segunda ser\u00e1 el 10 de noviembre en el ruedo del Quinta Real, hotel construido sobre la restaurada plaza de toros San Pedro, que data del siglo XIX. La tercera pasarela ser\u00e1 en las inmediaciones de la avenida Hidalgo, la m\u00e1s importante del Centro Hist\u00f3rico de Zacatecas, donde se encuentra la catedral, el Teatro Fernando Calder\u00f3n y otros edificios hist\u00f3ricos de la ciudad, en una actividad gratuita para el p\u00fablico en general.<\/p>\n<p>Los fondos adquiridos en las dos primeras pasarelas se donar\u00e1n en apoyo a ni\u00f1os con c\u00e1ncer.<\/p>\n<p>Sin duda, Zacatecas tiene escenarios ideales para apreciar obras de arte como las que se presentar\u00e1n, que en combinaci\u00f3n con los paisajes que ofrece la ciudad Patrimonio de la Humanidad, resultar\u00e1 un evento que no te podr\u00e1s perder.<\/p>\n<p>\u2730\u2730\u2730\u2730\u2730 <em>AraJet<\/em> es la primera aerol\u00ednea dominicana que ofrece vuelos directos y regulares desde Canad\u00e1 el pa\u00eds caribe\u00f1o. La compa\u00f1\u00eda de bajo coste conectar\u00e1 Toronto con Santo Domingo, ruta que hasta ahora solamente era operada por Canada Jetlines, con tan solo una frecuencia semanal.<\/p>\n<p>As\u00ed, la compa\u00f1\u00eda ofrecer\u00e1 cuatro vuelos semanales entre el Toronto Pearson Airport y el Aeropuerto Internacional de Las Am\u00e9ricas, los martes, mi\u00e9rcoles, viernes y s\u00e1bados de octubre a marzo de 2024.<\/p>\n<p><strong>V\u00edctor Pacheco<\/strong>, fundador y director ejecutivo de la <em>low cost, asegura: <\/em>\u201cLa aerol\u00ednea hace historia al ser la primera compa\u00f1\u00eda dominicana en volar regularmente a Canad\u00e1, brindando nuevas oportunidades para hacer crecer los negocios y el turismo entre nuestras dos naciones\u201d.<\/p>\n<p>&nbsp;<\/p>\n<blockquote>\n<p style=\"text-align: right;\">\u201c<strong>El<\/strong> <strong>\u00e1ngel de la fama tiene sus alas hechas de papel&#8230; peri\u00f3dico\u201d.<br \/>\n<\/strong><\/p>\n<\/blockquote>\n<p>&nbsp;<\/p>\n<p><em><span class=\"Apple-converted-space\"><a href=\"mailto:victoriagprado@gmail.com\" target=\"_blank\" rel=\"noopener noreferrer\">victoriagprado@gmail.com<\/a><br \/>\nTwitter: <a href=\"https:\/\/twitter.com\/victoriagprado\" target=\"_blank\" rel=\"noopener noreferrer\">@victoriagprado<\/a><\/span><\/em><\/p>\n","protected":false},"excerpt":{"rendered":"<p>Desde ayer domingo 30 de octubre, <em>United Airlines<\/em> aumentar\u00e1 la capacidad de sus vuelos entre Veracruz y Houston. Los vuelos ahora se ofrecer\u00e1n en aeronaves <em>Boeing 737-700,<\/em> proporcionando 50 asientos m\u00e1s por vuelo que la operaci\u00f3n anterior en el <em>Embraer 175.<\/em> El avi\u00f3n m\u00e1s grande ofrecer\u00e1 un producto m\u00e1s conveniente y proporcionar\u00e1 m\u00e1s asientos para los clientes mexicanos que viajan a Estados Unidos y m\u00e1s all\u00e1.<\/p>\n","protected":false},"author":3,"featured_media":599997,"comment_status":"open","ping_status":"open","sticky":false,"template":"","format":"standard","meta":{"_monsterinsights_skip_tracking":false,"_monsterinsights_sitenote_active":false,"_monsterinsights_sitenote_note":"","_monsterinsights_sitenote_category":0,"footnotes":""},"categories":[11],"tags":[107,43674,43681,106],"class_list":["post-599954","post","type-post","status-publish","format-standard","has-post-thumbnail","hentry","category-turismo","tag-de-cinco-estrellas","tag-opinion","tag-turismo","tag-victoria-gonzalez-prado"],"_links":{"self":[{"href":"https:\/\/www.diarioimagen.net\/index.php?rest_route=\/wp\/v2\/posts\/599954","targetHints":{"allow":["GET"]}}],"collection":[{"href":"https:\/\/www.diarioimagen.net\/index.php?rest_route=\/wp\/v2\/posts"}],"about":[{"href":"https:\/\/www.diarioimagen.net\/index.php?rest_route=\/wp\/v2\/types\/post"}],"author":[{"embeddable":true,"href":"https:\/\/www.diarioimagen.net\/index.php?rest_route=\/wp\/v2\/users\/3"}],"replies":[{"embeddable":true,"href":"https:\/\/www.diarioimagen.net\/index.php?rest_route=%2Fwp%2Fv2%2Fcomments&post=599954"}],"version-history":[{"count":0,"href":"https:\/\/www.diarioimagen.net\/index.php?rest_route=\/wp\/v2\/posts\/599954\/revisions"}],"wp:featuredmedia":[{"embeddable":true,"href":"https:\/\/www.diarioimagen.net\/index.php?rest_route=\/wp\/v2\/media\/599997"}],"wp:attachment":[{"href":"https:\/\/www.diarioimagen.net\/index.php?rest_route=%2Fwp%2Fv2%2Fmedia&parent=599954"}],"wp:term":[{"taxonomy":"category","embeddable":true,"href":"https:\/\/www.diarioimagen.net\/index.php?rest_route=%2Fwp%2Fv2%2Fcategories&post=599954"},{"taxonomy":"post_tag","embeddable":true,"href":"https:\/\/www.diarioimagen.net\/index.php?rest_route=%2Fwp%2Fv2%2Ftags&post=599954"}],"curies":[{"name":"wp","href":"https:\/\/api.w.org\/{rel}","templated":true}]}}