{"id":600050,"date":"2023-10-31T00:05:33","date_gmt":"2023-10-31T06:05:33","guid":{"rendered":"https:\/\/www.diarioimagen.net\/?p=600050"},"modified":"2023-10-31T22:39:07","modified_gmt":"2023-11-01T04:39:07","slug":"celebra-uaemex-xv-carrera-atletica-del-dia-del-medico","status":"publish","type":"post","link":"https:\/\/www.diarioimagen.net\/?p=600050","title":{"rendered":"Celebra UAEM\u00e9x XV Carrera Atl\u00e9tica del D\u00eda del M\u00e9dico"},"content":{"rendered":"<p>&nbsp;<\/p>\n<div id=\"attachment_600121\" style=\"width: 470px\" class=\"wp-caption aligncenter\"><a href=\"https:\/\/www.diarioimagen.net\/?attachment_id=600121\" rel=\"attachment wp-att-600121\"><img loading=\"lazy\" decoding=\"async\" aria-describedby=\"caption-attachment-600121\" class=\"size-full wp-image-600121\" src=\"https:\/\/www.diarioimagen.net\/wp-content\/uploads\/2023\/10\/uaem-carrera.jpg\" alt=\"\" width=\"460\" height=\"270\" \/><\/a><p id=\"caption-attachment-600121\" class=\"wp-caption-text\">En representaci\u00f3n del rector, Carlos Eduardo Barrera D\u00edaz, la secretaria de Administraci\u00f3n, Er\u00e9ndira Fierro Moreno destac\u00f3 que a nivel nacional la M\u00e1xima Casa de Estudios mexiquense se ubica con \u201cuna tradici\u00f3n m\u00e9dica de renombre\u201d, con prestigiadas doctoras y doctores que se han distinguido por sus contribuciones.<\/p><\/div>\n<p>&nbsp;<\/p>\n<p><strong>Toluca, Estado de M\u00e9xico.\u2014<\/strong> En reconocimiento a la labor social que cumplen las y los egresados de la Universidad Aut\u00f3noma del Estado de M\u00e9xico (UAEM\u00e9x) en el \u00e1rea de la medicina se realiz\u00f3 la edici\u00f3n n\u00famero XV de la Carrera Atl\u00e9tica del D\u00eda del M\u00e9dico, organizada por la Facultad de Medicina, en la que resultaron ganadores de la rama varonil y femenil, Luis Iv\u00e1n Sevilla Romero y Neri Flores Soto, respectivamente.<\/p>\n<p>En representaci\u00f3n del rector, Carlos Eduardo Barrera D\u00edaz, la secretaria de Administraci\u00f3n, Er\u00e9ndira Fierro Moreno destac\u00f3 que a nivel nacional la M\u00e1xima Casa de Estudios mexiquense se ubica con \u201cuna tradici\u00f3n m\u00e9dica de renombre\u201d, con prestigiadas doctoras y doctores que se han distinguido por sus contribuciones.<\/p>\n<p>Acompa\u00f1ada del secretario de Rector\u00eda, Marco Aurelio Cienfuegos Terr\u00f3n; del director de la Facultad de Medicina, Hugo Mendieta Zer\u00f3n; representantes sindicales, del Instituto de Seguridad Social del Estado de M\u00e9xico y Municipios (ISSEMYM), de la Secretaria de Salud y del Ayuntamiento de Toluca, la secretaria Fierro Moreno felicit\u00f3 a m\u00e9dicas y m\u00e9dicos \u201cpor su invaluable participaci\u00f3n en mejorar la salud individual, familiar y social\u201d.<\/p>\n<p>En la carrera atl\u00e9tica de cinco kil\u00f3metros, rama varonil, los ganadores fueron, Luis Iv\u00e1n Sevilla Romero (00:17:53), Omar Garc\u00eda Zepeda (00:18:19) y Daniel Monroy Mill\u00e1n (00:20:03). En tanto, la rama femenil fue conquistada por Neri Flores Soto (00:22:52), Diana Marcela L\u00f3pez Romero (00:25:25) y Sonia Carolina Alarc\u00f3n Palma (00:26:37).<\/p>\n<p>En la categor\u00eda de personal afiliado rama varonil, se subieron al p\u00f3dium, Jes\u00fas Gerardo Santana Rivera (00:19:19), Kenneth Carrillo Zoes (00:19:29) y Samuel Cure\u00f1o Estrella (00:19:53). En la rama femenil destacaron: Amairani Aline Huerta Andrade (00:24:31), Aurora Le\u00f3n Hern\u00e1ndez (00:24:46) y Paloma Valeria Bobadilla Montes de Oca (00:25:27).<\/p>\n<p>Finalmente, en la categor\u00eda alumnos y alumnas los resultados les favorecieron a Santiago Urbina Dur\u00e1n (00:17:30), Gerson Gabriel Contreras Ch\u00e1vez (00:18:37) y Sa\u00fal Pacheco Milona (00:19:23); mientras que, la rama femenil fue para Michelle Mej\u00eda Arreola (00:22:57), Sara Paulina Bautista Arriaga (00:23:54) y Mary Jos\u00e9 Velarde Contreras, (00:24:19).<\/p>\n<p>Tanto la carrera como la caminata registraron saldo blanco.<\/p>\n","protected":false},"excerpt":{"rendered":"<p>En reconocimiento a la labor social que cumplen las y los egresados de la Universidad Aut\u00f3noma del Estado de M\u00e9xico (UAEM\u00e9x) en el \u00e1rea de la medicina se realiz\u00f3 la edici\u00f3n n\u00famero XV de la Carrera Atl\u00e9tica del D\u00eda del M\u00e9dico, organizada por la Facultad de Medicina, en la que resultaron ganadores de la rama varonil y femenil, Luis Iv\u00e1n Sevilla Romero y Neri Flores Soto, respectivamente.<\/p>\n","protected":false},"author":3,"featured_media":600121,"comment_status":"open","ping_status":"open","sticky":false,"template":"","format":"standard","meta":{"_monsterinsights_skip_tracking":false,"_monsterinsights_sitenote_active":false,"_monsterinsights_sitenote_note":"","_monsterinsights_sitenote_category":0,"footnotes":""},"categories":[5],"tags":[13564,67878],"class_list":["post-600050","post","type-post","status-publish","format-standard","has-post-thumbnail","hentry","category-estado-de-mexico","tag-dia-del-medico","tag-uaemex"],"_links":{"self":[{"href":"https:\/\/www.diarioimagen.net\/index.php?rest_route=\/wp\/v2\/posts\/600050","targetHints":{"allow":["GET"]}}],"collection":[{"href":"https:\/\/www.diarioimagen.net\/index.php?rest_route=\/wp\/v2\/posts"}],"about":[{"href":"https:\/\/www.diarioimagen.net\/index.php?rest_route=\/wp\/v2\/types\/post"}],"author":[{"embeddable":true,"href":"https:\/\/www.diarioimagen.net\/index.php?rest_route=\/wp\/v2\/users\/3"}],"replies":[{"embeddable":true,"href":"https:\/\/www.diarioimagen.net\/index.php?rest_route=%2Fwp%2Fv2%2Fcomments&post=600050"}],"version-history":[{"count":0,"href":"https:\/\/www.diarioimagen.net\/index.php?rest_route=\/wp\/v2\/posts\/600050\/revisions"}],"wp:featuredmedia":[{"embeddable":true,"href":"https:\/\/www.diarioimagen.net\/index.php?rest_route=\/wp\/v2\/media\/600121"}],"wp:attachment":[{"href":"https:\/\/www.diarioimagen.net\/index.php?rest_route=%2Fwp%2Fv2%2Fmedia&parent=600050"}],"wp:term":[{"taxonomy":"category","embeddable":true,"href":"https:\/\/www.diarioimagen.net\/index.php?rest_route=%2Fwp%2Fv2%2Fcategories&post=600050"},{"taxonomy":"post_tag","embeddable":true,"href":"https:\/\/www.diarioimagen.net\/index.php?rest_route=%2Fwp%2Fv2%2Ftags&post=600050"}],"curies":[{"name":"wp","href":"https:\/\/api.w.org\/{rel}","templated":true}]}}