{"id":600085,"date":"2023-10-31T00:03:27","date_gmt":"2023-10-31T06:03:27","guid":{"rendered":"https:\/\/www.diarioimagen.net\/?p=600085"},"modified":"2023-10-30T23:17:02","modified_gmt":"2023-10-31T05:17:02","slug":"acapulco-sigue-con-otros-datos","status":"publish","type":"post","link":"https:\/\/www.diarioimagen.net\/?p=600085","title":{"rendered":"Acapulco sigue\u2026 con \u201cotros datos\u201d"},"content":{"rendered":"<h2>Espacio Electoral<\/h2>\n<h5>Eleazar Flores<\/h5>\n<p>&nbsp;<\/p>\n<p><strong>NO HAY PROPORCI\u00d3N-.<\/strong> \u00bfA qui\u00e9n le creer\u00eda usted?, directamente a los aut\u00e9nticos acapulque\u00f1os que claman por \u201cun litro de agua y un pan para los ni\u00f1os que llevan 48 horas sin comer\u201d o a quien, por 3 horas 35 minutos, ufano aseguraba: \u201cVamos a levantar Acapulco, me canso ganso\u201d.<\/p>\n<p>Para el predicador ma\u00f1anero, quien ante su feligres\u00eda se lanza por en\u00e9sima ocasi\u00f3n contra los medios de comunicaci\u00f3n \u201cconservadores\u201d por denunciar deficiencias y lentitud en la distribuci\u00f3n de v\u00edveres, olvida que la voz y las im\u00e1genes de los noticieros denunciantes son de habitantes de carne y hueso, quienes, ayer lunes 30, a\u00fan dec\u00edan \u201cnadie nos ha tra\u00eddo apoyo alguno\u201d.<\/p>\n<p>Tunc\u00a0 ergo o \u201cluego entonces\u201d para que lo entienda ya saben qui\u00e9n, procede la afirmaci\u00f3n directa: La denuncia es de los sufridos acapulque\u00f1os, pero la transmisi\u00f3n SI ES de los medios de comunicaci\u00f3n NO OFICIALES, pues esta queja y muchas m\u00e1s, jam\u00e1s las ver\u00e1 transmitidas en los medios\u00a0 oficiales del gobierno federal, los canales Once, Catorce, Veintid\u00f3s y en ocasiones hasta el canal de tv UNAM, qui\u00e9n lo dijera\u2026 pero a\u00fan hay m\u00e1s y a\u00fan hay OTROS DATOS M\u00c1S.<\/p>\n<p>Esos OTROS DATOS los exhibi\u00f3 el presidente Andr\u00e9s Manuel L\u00f3pez Obrador durante una BREVE CONFERENCIA MA\u00d1ANERA de \u201cESCASAS\u201d TRES HORAS 35 MINUTOS, seguramente la m\u00e1s larga de todas o de las m\u00e1s largas, pues en honor a la verdad, no las escucho, pero s\u00ed se apoya uno en los monitoreos que por cierto abundan, para bien o para mal.<\/p>\n<p>Son esos MONITOREOS en los que se matizan algunos desempe\u00f1os de ILUSTRES GUERRERENSES MORENOS como el de la presidenta municipal de Chilpancingo, Norma Otilia Hern\u00e1ndez Mart\u00ednez, cuyo periodo de gesti\u00f3n cubre el trienio 2021-2024, por lo que en d\u00edas pasados rindi\u00f3 su segundo informe de gobierno municipal.<\/p>\n<p>Pues resulta que en plena desgracia por el hurac\u00e1n \u201cOtis\u201d, a mediados de la semana pasada, la presidenta municipal rindi\u00f3 su informe entre bailes y cohetones, sin importar que en el paradisiaco Acapulco sus habitantes sufr\u00edan la peor devastaci\u00f3n de que se tenga memoria.<\/p>\n<p>La alcaldesa de Chilpancingo es la misma que, har\u00e1 cosa de tres meses, fue captada en un restaurante de su municipio, sentada con un dirigente de los muchos grupos de la delincuencia organizada, hecho que la presidenta municipal en principio neg\u00f3, pero ante tantas evidencias acept\u00f3 las cosas pero asegur\u00f3 no estar tratando asuntos importantes.<\/p>\n<p>Este hecho no mereci\u00f3 m\u00e1s que un comentario a vuelo de p\u00e1jaro del due\u00f1o del p\u00falpito ma\u00f1anero.<\/p>\n<p>Estas conductas y hechos integrantes de OTROS DATOS son los que el PUEBLO SABIO registra, as\u00ed el mandatario no les d\u00e9 la importancia que merecen, dado que las denuncias provienen de los CONSERVADORES, as\u00ed que a esperar.<\/p>\n<p><em><a href=\"mailto:elefa44@gmail.com\" target=\"_blank\" rel=\"noopener noreferrer\">elefa44@gmail.com<\/a><\/em><\/p>\n","protected":false},"excerpt":{"rendered":"<p><span style=\"color: #005497;\"><strong>Eleazar Flores<\/strong><\/span><\/p>\n","protected":false},"author":3,"featured_media":0,"comment_status":"open","ping_status":"open","sticky":false,"template":"","format":"standard","meta":{"_monsterinsights_skip_tracking":false,"_monsterinsights_sitenote_active":false,"_monsterinsights_sitenote_note":"","_monsterinsights_sitenote_category":0,"footnotes":""},"categories":[81743],"tags":[81744,81776,43674],"class_list":["post-600085","post","type-post","status-publish","format-standard","hentry","category-eleazar-flores","tag-eleazar-flores","tag-espacio-electoral","tag-opinion"],"_links":{"self":[{"href":"https:\/\/www.diarioimagen.net\/index.php?rest_route=\/wp\/v2\/posts\/600085","targetHints":{"allow":["GET"]}}],"collection":[{"href":"https:\/\/www.diarioimagen.net\/index.php?rest_route=\/wp\/v2\/posts"}],"about":[{"href":"https:\/\/www.diarioimagen.net\/index.php?rest_route=\/wp\/v2\/types\/post"}],"author":[{"embeddable":true,"href":"https:\/\/www.diarioimagen.net\/index.php?rest_route=\/wp\/v2\/users\/3"}],"replies":[{"embeddable":true,"href":"https:\/\/www.diarioimagen.net\/index.php?rest_route=%2Fwp%2Fv2%2Fcomments&post=600085"}],"version-history":[{"count":0,"href":"https:\/\/www.diarioimagen.net\/index.php?rest_route=\/wp\/v2\/posts\/600085\/revisions"}],"wp:attachment":[{"href":"https:\/\/www.diarioimagen.net\/index.php?rest_route=%2Fwp%2Fv2%2Fmedia&parent=600085"}],"wp:term":[{"taxonomy":"category","embeddable":true,"href":"https:\/\/www.diarioimagen.net\/index.php?rest_route=%2Fwp%2Fv2%2Fcategories&post=600085"},{"taxonomy":"post_tag","embeddable":true,"href":"https:\/\/www.diarioimagen.net\/index.php?rest_route=%2Fwp%2Fv2%2Ftags&post=600085"}],"curies":[{"name":"wp","href":"https:\/\/api.w.org\/{rel}","templated":true}]}}