{"id":600165,"date":"2023-11-01T00:01:36","date_gmt":"2023-11-01T06:01:36","guid":{"rendered":"https:\/\/www.diarioimagen.net\/?p=600165"},"modified":"2023-11-02T00:28:36","modified_gmt":"2023-11-02T06:28:36","slug":"concluye-ciclo-de-conferencias-de-pjcdmx-se-logro-un-alcance-de-22-mil-600-personas","status":"publish","type":"post","link":"https:\/\/www.diarioimagen.net\/?p=600165","title":{"rendered":"Concluye ciclo de conferencias de PJCDMX; se logr\u00f3 un alcance de 22 mil 600 personas"},"content":{"rendered":"<p>&nbsp;<\/p>\n<ul>\n<li><strong><em>Entre marzo pasado y octubre, se llev\u00f3 a cabo el XXXIII Ciclo de Conferencias de Actualizaci\u00f3n Judicial del \u00f3rgano judicial capitalino, que cont\u00f3 con 28 disertaciones divididas en nueve m\u00f3dulos<\/em><\/strong><\/li>\n<\/ul>\n<p>&nbsp;<\/p>\n<div id=\"attachment_600220\" style=\"width: 470px\" class=\"wp-caption aligncenter\"><a href=\"https:\/\/www.diarioimagen.net\/?attachment_id=600220\" rel=\"attachment wp-att-600220\"><img loading=\"lazy\" decoding=\"async\" aria-describedby=\"caption-attachment-600220\" class=\"wp-image-600220 size-full\" src=\"https:\/\/www.diarioimagen.net\/wp-content\/uploads\/2023\/11\/tribunal.jpg\" alt=\"\" width=\"460\" height=\"270\" \/><\/a><p id=\"caption-attachment-600220\" class=\"wp-caption-text\">Se registraron 14,500 visualizaciones a trav\u00e9s del canal del \u00f3rgano judicial de YouTube; 6,600 conexiones de participantes a trav\u00e9s del sistema Cisco Webex y una asistencia presencial de 1,500 personas.<\/p><\/div>\n<p>&nbsp;<\/p>\n<p>Concluy\u00f3 el XXXIII Ciclo de Conferencias de Actualizaci\u00f3n Judicial del Poder Judicial de la Ciudad de M\u00e9xico (PJCDMX), que preside el magistrado Rafael Guerra \u00c1lvarez, con un alcance de 22,600 personas que siguieron las actividades semanales realizadas entre los meses de marzo y octubre.<\/p>\n<p>Tras 28 conferencias divididas en nueve m\u00f3dulos, y cuya disertaci\u00f3n inaugural estuvo a cargo de la ministra de la Suprema Corte de Justicia de la Naci\u00f3n, Ana Margarita R\u00edos Farjat, se registraron 14,500 visualizaciones de las actividades por el portal de YouTube del \u00f3rgano judicial, a trav\u00e9s del cual se transmitieron las conferencias.<\/p>\n<p>Asimismo, hubo 6,600 conexiones de participantes a trav\u00e9s del sistema Cisco Webex, y se tuvo la asistencia presencial de 1,500 personas. En total, se gener\u00f3 un alcance de 22,600 mil personas, entre operadores judiciales, acad\u00e9micos, especialistas y todo aquel interesado en los temas relacionados con la impartici\u00f3n de justicia.<\/p>\n<p>Organizado por el Instituto de Estudios Judiciales del PJCDMX, a cargo de Paulina Cal y Mayor Turnbull, el ciclo se dividi\u00f3 en nueve m\u00f3dulos: derecho constitucional y derechos humanos; derecho procesal; derecho civil mercantil; derecho familiar; derecho penal; ejecuci\u00f3n de sanciones penales; justicia para adolescentes; derecho laboral y \u00e9tica judicial.<\/p>\n<p>La edici\u00f3n XXXIII del Ciclo de Conferencia de Actualizaci\u00f3n Judicial por primera vez tuvo un car\u00e1cter h\u00edbrido, ya que a las disertaciones se tuvo acceso de manera presencial y virtual; esto, con el prop\u00f3sito de alcanzar una mayor penetraci\u00f3n de los conocimientos que comparten los conferencistas.<\/p>\n<p>Tras la conferencia inaugural, <em>Acceso a la justicia con perspectiva de g\u00e9nero<\/em>, a cargo de la ministra R\u00edos Farjat, cada martes se dictaron 20 disertaciones con temas como La Constituci\u00f3n Pol\u00edtica de la CDMX; Protocolo de Estambul; Argumentaci\u00f3n constitucional; Legitimaci\u00f3n de las ni\u00f1as, ni\u00f1os y adolescentes en el proceso familiar; Gu\u00edas judiciales de conducci\u00f3n de audiencias penales, y Redes sociales; su importancia en la sociedad y da\u00f1o moral.<\/p>\n<p>Asimismo, el nuevo paradigma de la justicia digital en el PJCDMX; La figura del amparo en los juicios orales mercantiles; Valoraci\u00f3n de la prueba pericial en materia gen\u00e9tica; Violencia contra las mujeres en contextos de migraci\u00f3n; Derechos y necesidades de la infancia y la adolescencia; Las infancias: v\u00edctimas invisibles del feminicidio, entre otras.<\/p>\n<p>Como cada a\u00f1o, las conferencias estuvieron a cargo de magistrados, jueces, consejeros de la Judicatura de la Ciudad de M\u00e9xico, catedr\u00e1ticos, investigadores, especialistas en derecho, medicina forense, entre otros.<\/p>\n","protected":false},"excerpt":{"rendered":"<p>Concluy\u00f3 el XXXIII Ciclo de Conferencias de Actualizaci\u00f3n Judicial del Poder Judicial de la Ciudad de M\u00e9xico (PJCDMX), que preside el magistrado Rafael Guerra \u00c1lvarez, con un alcance de 22,600 personas que siguieron las actividades semanales realizadas entre los meses de marzo y octubre.<\/p>\n","protected":false},"author":3,"featured_media":600220,"comment_status":"open","ping_status":"open","sticky":false,"template":"","format":"standard","meta":{"_monsterinsights_skip_tracking":false,"_monsterinsights_sitenote_active":false,"_monsterinsights_sitenote_note":"","_monsterinsights_sitenote_category":0,"footnotes":""},"categories":[6],"tags":[65897,87379],"class_list":["post-600165","post","type-post","status-publish","format-standard","has-post-thumbnail","hentry","category-cd-de-mexico","tag-concluye","tag-pjcdmx"],"_links":{"self":[{"href":"https:\/\/www.diarioimagen.net\/index.php?rest_route=\/wp\/v2\/posts\/600165","targetHints":{"allow":["GET"]}}],"collection":[{"href":"https:\/\/www.diarioimagen.net\/index.php?rest_route=\/wp\/v2\/posts"}],"about":[{"href":"https:\/\/www.diarioimagen.net\/index.php?rest_route=\/wp\/v2\/types\/post"}],"author":[{"embeddable":true,"href":"https:\/\/www.diarioimagen.net\/index.php?rest_route=\/wp\/v2\/users\/3"}],"replies":[{"embeddable":true,"href":"https:\/\/www.diarioimagen.net\/index.php?rest_route=%2Fwp%2Fv2%2Fcomments&post=600165"}],"version-history":[{"count":0,"href":"https:\/\/www.diarioimagen.net\/index.php?rest_route=\/wp\/v2\/posts\/600165\/revisions"}],"wp:featuredmedia":[{"embeddable":true,"href":"https:\/\/www.diarioimagen.net\/index.php?rest_route=\/wp\/v2\/media\/600220"}],"wp:attachment":[{"href":"https:\/\/www.diarioimagen.net\/index.php?rest_route=%2Fwp%2Fv2%2Fmedia&parent=600165"}],"wp:term":[{"taxonomy":"category","embeddable":true,"href":"https:\/\/www.diarioimagen.net\/index.php?rest_route=%2Fwp%2Fv2%2Fcategories&post=600165"},{"taxonomy":"post_tag","embeddable":true,"href":"https:\/\/www.diarioimagen.net\/index.php?rest_route=%2Fwp%2Fv2%2Ftags&post=600165"}],"curies":[{"name":"wp","href":"https:\/\/api.w.org\/{rel}","templated":true}]}}