{"id":600213,"date":"2023-11-01T00:06:37","date_gmt":"2023-11-01T06:06:37","guid":{"rendered":"https:\/\/www.diarioimagen.net\/?p=600213"},"modified":"2023-11-01T00:31:14","modified_gmt":"2023-11-01T06:31:14","slug":"acciones-contra-chombos","status":"publish","type":"post","link":"https:\/\/www.diarioimagen.net\/?p=600213","title":{"rendered":"Acciones contra \u201cchombos\u201d"},"content":{"rendered":"<h2>Los Pozos de Carlos Pozos<\/h2>\n<h5>Carlos Pozos<br \/>\n[ <em>Lord Mol\u00e9cula<\/em> ]<\/h5>\n<p>&nbsp;<\/p>\n<p>Por medio de las \u201cbenditas redes sociales\u201d, el <strong>Presidente de M\u00e9xico, Andr\u00e9s Manuel L\u00f3pez Obrador<\/strong> \u2014porque la televisi\u00f3n comercial mexicana no lo difunde\u2014, indic\u00f3 que \u201cestamos actuando como nunca, estamos enfrentando los problemas que ha dejado este hurac\u00e1n Otis, en muy poco tiempo\u201d. Con su estrategia de comunicaci\u00f3n presidencial a trav\u00e9s de una transmisi\u00f3n desde Palacio Nacional, neg\u00f3 informes de que su gobierno no est\u00e9 atendiendo a la poblaci\u00f3n afectada, y sin precisar las acciones en contra de la desinformaci\u00f3n, as\u00ed como adelant\u00f3 acciones en contra de los medios de comunicaci\u00f3n y de manipulaci\u00f3n, que sesgan las noticias.<\/p>\n<p>En el estado de Tabasco sus habitantes conocen a los zopilotes o buitres como \u201cchombos\u201d. Por ello, de la fauna de \u201cchombos\u201d, el <strong>jefe de la Naci\u00f3n, L\u00f3pez Obrador<\/strong>, se\u00f1al\u00f3 a <strong>Carlos Loret de Mola<\/strong>, como un periodista corrupto, quien asegur\u00f3 que por falta de atenci\u00f3n hab\u00edan fallecido diecis\u00e9is pacientes del Seguro Social. Lo informado por el periodista, dijo el mandatario de la naci\u00f3n, es \u00a1falso!<\/p>\n<p>Para ejemplificar el grado antigobiernista de los operadores de la corrupci\u00f3n institucional de los gobiernos neoliberales \u2013que hasta nuestros d\u00edas hacen uso de los micr\u00f3fonos de las estaciones de radio y televisi\u00f3n, que son concesiones de estado mexicano\u2013 el <strong>licenciado L\u00f3pez Obrador,<\/strong> en la conferencia de la semana pasada, puso de ejemplo la imagen de c\u00f3mo est\u00e1 un buitre (chombo) esperando que muera una ni\u00f1a.<\/p>\n<p><strong>Obrador<\/strong> dijo que \u201cayuda a entender lo que a veces hacen los periodistas y los medios mercenarios; los que no tienen \u00e9tica y trafican con la pobreza, con la necesidad, con el dolor humano. Y a trav\u00e9s de la enajenaci\u00f3n de este mundo o de muchas personas de este mundo por estos sistemas deshumanizados, en donde no importan los medios, el fin justifica los medios\u201d.<\/p>\n<p>Estima el <strong>licenciado L\u00f3pez Obrador<\/strong> que los medios mercenarios y mercantiles de comunicaci\u00f3n mexicanos e internacionales, pueden mentir, pueden inventar cosas, pueden calumniar, todo para destruir al adversario o para sacar provecho en lo personal. Es una degradaci\u00f3n de la condici\u00f3n humana cuando se pierden valores, cuando no hay ideales, cuando no hay principios, cuando no se act\u00faa con rectitud, con integridad.<\/p>\n<p>Record\u00f3 que el fot\u00f3grafo que tom\u00f3 la placa y fue galardonado con el premio Pulitzer ya no vive pues \u2013lamentablemente\u2013 \u00e9l mismo se quit\u00f3 la vida, porque fue mucho el cuestionamiento y no resisti\u00f3.<\/p>\n<p>Hay una complicidad que existe en medios de informaci\u00f3n nacional, la red de componendas, de complicidades; y esto es un asunto mundial, es una crisis mundial de p\u00e9rdida de valores, de falta de \u00e9tica, de humanismo, lament\u00f3 el ciudadano <strong>Jefe de la Naci\u00f3n, Andr\u00e9s Manuel L\u00f3pez Obrador<\/strong>.<\/p>\n<p>Veintiocho a\u00f1os antes, el primero de septiembre de 1995, <strong>Ernesto Zedillo Ponce de Le\u00f3n<\/strong>, en su primer informe de gobierno, dec\u00eda, exhortaba a la sociedad y se\u00f1aladamente a los medios de comunicaci\u00f3n a que, sin menoscabo de sus garant\u00edas y libertades, respalden la independencia de los trabajos de procuraci\u00f3n y administraci\u00f3n de justicia, evitando sensacionalismos, rumores y presiones. Esto por los momentos que se viv\u00edan luego de la aparici\u00f3n del EZLN y de la devaluaci\u00f3n de nuestra moneda, entre otros factores.<\/p>\n<p>En tanto que, en la administraci\u00f3n del \u00faltimo presidente de M\u00e9xico emanado del Partido Revolucionario Institucional, <strong>Enrique Pe\u00f1a Nieto,<\/strong> su relaci\u00f3n con los medios de manipulaci\u00f3n fue similar a la de <strong>Ernesto Zedillo<\/strong>, pues el sistema se basaba en la relaci\u00f3n publicitaria, cuando en el a\u00f1o 2012 la empresa monop\u00f3lica Televisa alcanz\u00f3 un protagonismo indiscutible al proponerlo como candidato pol\u00edtico y formar un escenario favorable a la figura de <strong>Pe\u00f1a Nieto<\/strong>.<\/p>\n<p>Ahora, amigas y amigos, sabemos que la citada televisora sell\u00f3 una alianza que se mantuvo ilesa con los gobiernos priistas hasta el a\u00f1o 2018. En la gesti\u00f3n del \u201cpe\u00f1ato\u201d hay que recordar que se dio la matanza de j\u00f3venes normalistas en Ayotzinapa, en 2014, lo cual signific\u00f3 un duro golpe para el presidente en turno.<\/p>\n<p>Hasta antes de julio del 2018, uno le\u00eda un peri\u00f3dico, sintonizaba una estaci\u00f3n de radio o encend\u00eda la televisi\u00f3n en M\u00e9xico y recib\u00eda una avalancha de publicidad oficial. Cualquier p\u00e1gina de los peri\u00f3dicos de esos a\u00f1os era utilizada para publicar publicidad que exaltaba la gesti\u00f3n de las secretar\u00edas de Estado o empresas subsidiarias del Estado.<\/p>\n<p>En esta administraci\u00f3n \u2014en los cinco a\u00f1os y meses que lleva\u2014 usted lee un peri\u00f3dico, sintoniza una estaci\u00f3n de radio o enciende la televisi\u00f3n y recibe una avalancha de noticias falsas o sesgadas o bien noticias que s\u00f3lo destacan la violencia en los estados de la rep\u00fablica mexicana. O bien, ahora la devastaci\u00f3n en el estado de Guerrero por el paso del hurac\u00e1n Otis, ante lo cual el <strong>Jefe de la Naci\u00f3n, Andr\u00e9s Manuel L\u00f3pez Obrador<\/strong>, no ha llamado a una alianza con los medios de manipulaci\u00f3n, pero lo que ha dicho es que habr\u00e1 \u201cacciones en contra de la desinformaci\u00f3n\u201d. Habr\u00e1 que esperar a ver qu\u00e9 tipo de acciones se implementar\u00e1n por parte del Presidente de todos los mexicanos, Andr\u00e9s Manuel L\u00f3pez Obrador, para combatir a los \u201cchombos y su mafia\u201d \u2026 Y hasta aqu\u00ed con Los Pozos de Carlos Pozos. Y si desean que le haga su pregunta al Presidente de M\u00e9xico en la conferencia de prensa \u201cma\u00f1anera\u201d, por favor h\u00e1ganmela llegar al correo: <a href=\"mailto:lordmolecularedaccion@gmail.com\" target=\"_blank\" rel=\"noopener\"><em>lordmolecularedaccion@gmail.com<\/em><\/a>, v\u00eda Twitter (X) a: <a href=\"https:\/\/twitter.com\/lordmolecula?ref_src=twsrc%5Egoogle%7Ctwcamp%5Eserp%7Ctwgr%5Eauthor\" target=\"_blank\" rel=\"noopener\"><em>@lordmoleculaoficial<\/em><\/a>, o bien, visiten nuestro portal <em><a href=\"https:\/\/www.lordmoleculaoficial.com\/\" target=\"_blank\" rel=\"noopener\">https:\/\/www.lordmoleculaoficial.com<\/a><\/em>, as\u00ed como tambi\u00e9n pueden ver mi Canal <a href=\"https:\/\/www.youtube.com\/channel\/UC0WxwnD6D67eYwmmRWQnOEg\" target=\"_blank\" rel=\"noopener\"><em>Lord Mol\u00e9cula Oficial<\/em><\/a>.<\/p>\n","protected":false},"excerpt":{"rendered":"<p><span style=\"color: #005497;\"><strong>Carlos Pozos<\/strong><\/span><\/p>\n","protected":false},"author":3,"featured_media":0,"comment_status":"open","ping_status":"open","sticky":false,"template":"","format":"standard","meta":{"_monsterinsights_skip_tracking":false,"_monsterinsights_sitenote_active":false,"_monsterinsights_sitenote_note":"","_monsterinsights_sitenote_category":0,"footnotes":""},"categories":[97814],"tags":[97816,97815,43674],"class_list":["post-600213","post","type-post","status-publish","format-standard","hentry","category-carlos-pozos","tag-carlos-pozos","tag-los-pozos-de-carlos-pozos","tag-opinion"],"_links":{"self":[{"href":"https:\/\/www.diarioimagen.net\/index.php?rest_route=\/wp\/v2\/posts\/600213","targetHints":{"allow":["GET"]}}],"collection":[{"href":"https:\/\/www.diarioimagen.net\/index.php?rest_route=\/wp\/v2\/posts"}],"about":[{"href":"https:\/\/www.diarioimagen.net\/index.php?rest_route=\/wp\/v2\/types\/post"}],"author":[{"embeddable":true,"href":"https:\/\/www.diarioimagen.net\/index.php?rest_route=\/wp\/v2\/users\/3"}],"replies":[{"embeddable":true,"href":"https:\/\/www.diarioimagen.net\/index.php?rest_route=%2Fwp%2Fv2%2Fcomments&post=600213"}],"version-history":[{"count":0,"href":"https:\/\/www.diarioimagen.net\/index.php?rest_route=\/wp\/v2\/posts\/600213\/revisions"}],"wp:attachment":[{"href":"https:\/\/www.diarioimagen.net\/index.php?rest_route=%2Fwp%2Fv2%2Fmedia&parent=600213"}],"wp:term":[{"taxonomy":"category","embeddable":true,"href":"https:\/\/www.diarioimagen.net\/index.php?rest_route=%2Fwp%2Fv2%2Fcategories&post=600213"},{"taxonomy":"post_tag","embeddable":true,"href":"https:\/\/www.diarioimagen.net\/index.php?rest_route=%2Fwp%2Fv2%2Ftags&post=600213"}],"curies":[{"name":"wp","href":"https:\/\/api.w.org\/{rel}","templated":true}]}}