{"id":600270,"date":"2023-11-01T00:08:30","date_gmt":"2023-11-01T06:08:30","guid":{"rendered":"https:\/\/www.diarioimagen.net\/?p=600270"},"modified":"2023-11-01T02:14:48","modified_gmt":"2023-11-01T08:14:48","slug":"otra-caravana-de-migrantes","status":"publish","type":"post","link":"https:\/\/www.diarioimagen.net\/?p=600270","title":{"rendered":"Otra caravana de migrantes"},"content":{"rendered":"<h2>Punto por punto<\/h2>\n<h5>Augusto Corro<\/h5>\n<p>&nbsp;<\/p>\n<p>Alrededor de seis mil indocumentados partieron de Tapachula, Chiapas, con el inter\u00e9s de llegar a la frontera de M\u00e9xico con Estados Unidos. Se trata de ilegales que provienen de Venezuela, Cuba, Hait\u00ed, Honduras y El Salvador. La caravana decidi\u00f3 dejar la ciudad chiapaneca ante la negativa de las autoridades migratorias para legalizar su ingreso a territorio mexicano.<\/p>\n<p>Las columnas de migrantes partieron del mencionado lugar el inicio de semana. De esta manera se vuelve a mostrar que los gobiernos de los diferentes pa\u00edses involucrados en el \u00e9xodo de ilegales, poco o nada hacen para erradicar el fen\u00f3meno migratorio. Recientemente se reunieron en Palenque, M\u00e9xico, varios presidentes de pa\u00edses latinoamericanos, con el prop\u00f3sito de analizar el conflicto de los indocumentados.<\/p>\n<p>No se logr\u00f3 nada pr\u00e1ctico y las promesas y deseos de los mandatarios se los llev\u00f3 el viento. Esos funcionarios saben muy bien en que consiste la soluci\u00f3n del conflicto, pero no les interesa solucionarlo. Claro que no es f\u00e1cil, pero con promesas y demagogia para atenderlo, poco ayudan. Como ya se inform\u00f3 en este espacio, son varias las causas que obligan a la poblaci\u00f3n a dejar sus lugares de origen.\u00a0 Una de las principales razones es la pobreza que azota a los pueblos de casi todos los pa\u00edses latinoamericanos. A lo anterior debe sumarse la espiral de violencia que afecta a todo mundo. Adem\u00e1s, los fen\u00f3menos naturales, como ciclones, se encargan de da\u00f1ar a\u00fan m\u00e1s las econom\u00edas raqu\u00edticas de las diferentes regiones. El conjunto de problemas crece y se agrava constantemente. Esas condiciones colocan sin oportunidades de soluci\u00f3n a las autoridades locales.<\/p>\n<p>Los Estados Unidos, uno de los principales involucrados en el conflicto, tiene las posibilidades de participar en su soluci\u00f3n; pero no lo hace. El gobierno norte\u00f1o tiene la manera de invertir en la creaci\u00f3n de empleos para erradicar el \u00e9xodo de indocumentados, pero no lo hace. Deja que el problema sea llevado a los discursos de los pol\u00edticos en temporada de elecciones. En M\u00e9xico el trato a los ilegales tambi\u00e9n es muy negativo.<\/p>\n<p>Habr\u00eda que preguntarle al titular del Instituto Nacional de Migraci\u00f3n, Francisco Gardu\u00f1o, en qu\u00e9 consiste su trabajo, porque los indocumentados son sometidos a esperar durante varios meses a que los atiendan. \u00bfEs acaso la funci\u00f3n de las autoridades migratorias perseguir a los ilegales que empiezan a ocupar espacios en varias ciudades mexicanas? Por cierto, ser\u00e1 interesante saber en que termin\u00f3 el caso de los 40 indocumentados que perecieron en el incendio registrado en instalaciones del citado instituto.<\/p>\n<p>En este espacio ya nos referimos a los m\u00faltiples peligros que enfrentan los ilegales que deciden cruzar el territorio mexicano para llegar a Estados Unidos. Los riesgos que se corren van desde las estafas de los \u201ccoyotes\u201d o \u201cpolleros\u201d que trafican personas, hasta los secuestros y asesinatos. No olvidar los accidentes en las carreteras y las tragedias de aquellos que viajan en los techos de los trenes de carga.<\/p>\n<p>\u00bfQu\u00e9 ocurrir\u00e1 con los integrantes de la \u00faltima caravana de ilegales que parti\u00f3 de Tapachula? Para empezar no todos llegar\u00e1n a la frontera norte. Los viajeros se dispersar\u00e1n en el camino. Unos ser\u00e1n detenidos y los enviar\u00e1n a sus pa\u00edses de origen; otros se quedar\u00e1n a vivir en M\u00e9xico en condiciones de pobreza extrema. En Estados Unidos, el problema es mayor para los ilegales que son capturados por las autoridades. O los regresan a sus pa\u00edses o los env\u00edan a localidades norte\u00f1as sin ninguna posibilidad de acceso al pa\u00eds vecino.<\/p>\n<p>En fin, del INM nada se espera. Hablamos de oficinas de atenci\u00f3n a migrantes que son un ejemplo de lentitud y burocratismo. Se tardan muchos d\u00edas en los procesos para autorizar documentos o permisos para que los ilegales puedan viajar por territorio mexicano. Desesperados, los indocumentados se arriesgan a viajar por territorio mexicano, sin importarles los peligros que los amenazan.<\/p>\n<p>\u00bfUsted qu\u00e9 opina amable lector?<\/p>\n<p><a href=\"mailto:augustocorro2742@gmail.com\" target=\"_blank\" rel=\"noopener\"><em>augustocorro2742@gmail.com<\/em><\/a><\/p>\n","protected":false},"excerpt":{"rendered":"<p><span style=\"color: #005497;\"><strong>Augusto Corro<\/strong><\/span><\/p>\n","protected":false},"author":3,"featured_media":0,"comment_status":"open","ping_status":"open","sticky":false,"template":"","format":"standard","meta":{"_monsterinsights_skip_tracking":false,"_monsterinsights_sitenote_active":false,"_monsterinsights_sitenote_note":"","_monsterinsights_sitenote_category":0,"footnotes":""},"categories":[157],"tags":[43686,43674,11515],"class_list":["post-600270","post","type-post","status-publish","format-standard","hentry","category-augusto-corro","tag-augusto-corro","tag-opinion","tag-punto-por-punto"],"_links":{"self":[{"href":"https:\/\/www.diarioimagen.net\/index.php?rest_route=\/wp\/v2\/posts\/600270","targetHints":{"allow":["GET"]}}],"collection":[{"href":"https:\/\/www.diarioimagen.net\/index.php?rest_route=\/wp\/v2\/posts"}],"about":[{"href":"https:\/\/www.diarioimagen.net\/index.php?rest_route=\/wp\/v2\/types\/post"}],"author":[{"embeddable":true,"href":"https:\/\/www.diarioimagen.net\/index.php?rest_route=\/wp\/v2\/users\/3"}],"replies":[{"embeddable":true,"href":"https:\/\/www.diarioimagen.net\/index.php?rest_route=%2Fwp%2Fv2%2Fcomments&post=600270"}],"version-history":[{"count":0,"href":"https:\/\/www.diarioimagen.net\/index.php?rest_route=\/wp\/v2\/posts\/600270\/revisions"}],"wp:attachment":[{"href":"https:\/\/www.diarioimagen.net\/index.php?rest_route=%2Fwp%2Fv2%2Fmedia&parent=600270"}],"wp:term":[{"taxonomy":"category","embeddable":true,"href":"https:\/\/www.diarioimagen.net\/index.php?rest_route=%2Fwp%2Fv2%2Fcategories&post=600270"},{"taxonomy":"post_tag","embeddable":true,"href":"https:\/\/www.diarioimagen.net\/index.php?rest_route=%2Fwp%2Fv2%2Ftags&post=600270"}],"curies":[{"name":"wp","href":"https:\/\/api.w.org\/{rel}","templated":true}]}}